{"id":87039,"date":"2025-09-26T03:36:15","date_gmt":"2025-09-26T03:36:15","guid":{"rendered":"https:\/\/www.europesays.com\/pt\/87039\/"},"modified":"2025-09-26T03:36:15","modified_gmt":"2025-09-26T03:36:15","slug":"evaristo-costa-expoe-constrangimento-em-aviao","status":"publish","type":"post","link":"https:\/\/www.europesays.com\/pt\/87039\/","title":{"rendered":"Evaristo Costa exp\u00f5e constrangimento em avi\u00e3o"},"content":{"rendered":"<p>O jornalista <strong><a href=\"https:\/\/www.folhavitoria.com.br\/tag\/evaristo-costa\/\" target=\"_blank\" rel=\"noreferrer noopener nofollow\">Evaristo Costa<\/a><\/strong> usou as <strong><a href=\"https:\/\/www.folhavitoria.com.br\/tag\/redes-sociais\/\" target=\"_blank\" rel=\"noreferrer noopener nofollow\">redes sociais<\/a><\/strong> para relatar <strong>situa\u00e7\u00f5es de constrangimento vividas por ele devido \u00e0 falta de conscientiza\u00e7\u00e3o sobre a <a href=\"https:\/\/www.folhavitoria.com.br\/tag\/doenca\" target=\"_blank\" rel=\"noreferrer noopener nofollow\">doen\u00e7a<\/a> de Crohn.<\/strong> No v\u00eddeo, ele mostrou um <strong>cord\u00e3o de girass\u00f3is<\/strong>, s\u00edmbolo que representa pessoas com defici\u00eancias ocultas.<\/p>\n<p>Ele contou que, em um dos epis\u00f3dios em que passou por constrangimento, ele precisou usar o banheiro durante o voo, mas n\u00e3o conseguiu devido ao tamanho da fila.<\/p>\n<p>A doen\u00e7a cr\u00f4nica causa <strong>dor abdominal, c\u00f3lica, n\u00e1usea, v\u00f4mito, cansa\u00e7o e uma diarreia intensa<\/strong>. \u201cN\u00e3o \u00e9 ir uma vez, duas vezes ao banheiro. \u00c9 ir 20, 30, 40 vezes\u201d, disse o apresentador.<\/p>\n<p>Ele afirma no v\u00eddeo que teria evitado constrangimentos se tivesse adquirido o cord\u00e3o antes. \u201cEu j\u00e1 precisei ir correndo no banheiro do avi\u00e3o e tinha uma fila, eu n\u00e3o consegui passar na frente. Constrangimento enorme, n\u00e3o preciso dizer o que aconteceu\u201d, relatou.<\/p>\n<p>Evaristo tamb\u00e9m contou outros momentos. Uma vez, ele precisou utilizar o banheiro de um restaurante, mas foi barrado pela equipe.<\/p>\n<p>\u201cO seguran\u00e7a veio atr\u00e1s e disse que eu n\u00e3o poderia usar o banheiro, s\u00f3 se eu consumisse. Eu perguntei: \u2018Eu posso primeiro usar o banheiro e depois consumir?\u2019 Ele falou assim, \u2018N\u00e3o, primeiro voc\u00ea tem que consumir&#8217;\u201d.<\/p>\n<p>Atualmente, <strong>o jornalista contou que a doen\u00e7a est\u00e1 em remiss\u00e3o<\/strong>, mas enfatizou que o uso do cord\u00e3o de girass\u00f3is \u00e9 opcional e ningu\u00e9m precisa usar para ter seus direitos garantidos.<\/p>\n<p><strong>\u201cNingu\u00e9m precisa usar esse cord\u00e3o para ter os seus direitos garantidos, o uso \u00e9 opcional, mas ele ajuda a comunicar r\u00e1pido\u201d<\/strong>, disse.<\/p>\n<p><strong>Veja o v\u00eddeo:<\/strong><\/p>\n<p>*Com informa\u00e7\u00f5es do UOL e do Metr\u00f3poles.<\/p>\n","protected":false},"excerpt":{"rendered":"O jornalista Evaristo Costa usou as redes sociais para relatar situa\u00e7\u00f5es de constrangimento vividas por ele devido \u00e0&hellip;\n","protected":false},"author":2,"featured_media":87040,"comment_status":"","ping_status":"","sticky":false,"template":"","format":"standard","meta":{"footnotes":""},"categories":[145],"tags":[324,211,210,4357,114,115,21719,32,33,3741],"class_list":{"0":"post-87039","1":"post","2":"type-post","3":"status-publish","4":"format-standard","5":"has-post-thumbnail","7":"category-celebridades","8":"tag-aviao","9":"tag-celebridades","10":"tag-celebrities","11":"tag-doenca","12":"tag-entertainment","13":"tag-entretenimento","14":"tag-evaristo-costa","15":"tag-portugal","16":"tag-pt","17":"tag-relato"},"share_on_mastodon":{"url":"","error":""},"_links":{"self":[{"href":"https:\/\/www.europesays.com\/pt\/wp-json\/wp\/v2\/posts\/87039","targetHints":{"allow":["GET"]}}],"collection":[{"href":"https:\/\/www.europesays.com\/pt\/wp-json\/wp\/v2\/posts"}],"about":[{"href":"https:\/\/www.europesays.com\/pt\/wp-json\/wp\/v2\/types\/post"}],"author":[{"embeddable":true,"href":"https:\/\/www.europesays.com\/pt\/wp-json\/wp\/v2\/users\/2"}],"replies":[{"embeddable":true,"href":"https:\/\/www.europesays.com\/pt\/wp-json\/wp\/v2\/comments?post=87039"}],"version-history":[{"count":0,"href":"https:\/\/www.europesays.com\/pt\/wp-json\/wp\/v2\/posts\/87039\/revisions"}],"wp:featuredmedia":[{"embeddable":true,"href":"https:\/\/www.europesays.com\/pt\/wp-json\/wp\/v2\/media\/87040"}],"wp:attachment":[{"href":"https:\/\/www.europesays.com\/pt\/wp-json\/wp\/v2\/media?parent=87039"}],"wp:term":[{"taxonomy":"category","embeddable":true,"href":"https:\/\/www.europesays.com\/pt\/wp-json\/wp\/v2\/categories?post=87039"},{"taxonomy":"post_tag","embeddable":true,"href":"https:\/\/www.europesays.com\/pt\/wp-json\/wp\/v2\/tags?post=87039"}],"curies":[{"name":"wp","href":"https:\/\/api.w.org\/{rel}","templated":true}]}}