{"id":87047,"date":"2025-09-26T03:49:08","date_gmt":"2025-09-26T03:49:08","guid":{"rendered":"https:\/\/www.europesays.com\/pt\/87047\/"},"modified":"2025-09-26T03:49:08","modified_gmt":"2025-09-26T03:49:08","slug":"acores-ciclone-gabrielle-passou-a-tempestade-pos-tropical-mas-com-forca-de-furacao","status":"publish","type":"post","link":"https:\/\/www.europesays.com\/pt\/87047\/","title":{"rendered":"A\u00e7ores. Ciclone Gabrielle passou a tempestade p\u00f3s-tropical mas &#8220;com for\u00e7a de furac\u00e3o&#8221;"},"content":{"rendered":"<p>                    \u201cNeste momento n\u00e3o estamos a falar de um furac\u00e3o de categoria 1, mas sim de uma tempestade p\u00f3s-tropical com for\u00e7a de um furac\u00e3o\u201d, anunciou o presidente da Prote\u00e7\u00e3o Civil dos A\u00e7ores, Rui Andrade.<\/p>\n<p><b>A situa\u00e7\u00e3o \u201cn\u00e3o \u00e9 t\u00e3o gravosa quanto inicialmente se esperava\u201d, mas as preocupa\u00e7\u00f5es mant\u00eam-se. \u201cVamos continuar com a mesma prontid\u00e3o e vigil\u00e2ncia\u201d, garantiu Rui Andrade.<\/b><br \/>&#13;\n<\/p>\n<p>          <img decoding=\"async\" itemprop=\"image\" class=\"img-fluid\"   src=\"https:\/\/www.europesays.com\/pt\/wp-content\/uploads\/2025\/09\/f0e53002d9101c5303570e3999f6456d_N.jpg\"\/><\/p>\n<p>\nA tempestade come\u00e7ou a atingir os A\u00e7ores pelas 22h00 locais (23h00 em Lisboa) e o Instituto Portugu\u00eas do Mar e da Atmosfera (IPMA) prev\u00ea que o per\u00edodo mais cr\u00edtico seja durante a madrugada, em particular das 3h00 \u00e0s 9h00. Espera-se forte precipita\u00e7\u00e3o, agita\u00e7\u00e3o mar\u00edtima e vento, com as rajadas m\u00e1ximas que podem chegar aos 200 quil\u00f3metros por hora.<\/p>\n<p><b>Prev\u00ea-se que a situa\u00e7\u00e3o mais dif\u00edcil seja a do grupo central. <\/b>Cinco ilhas v\u00e3o ser atingidas pelo olho do furac\u00e3o na manh\u00e3 de sexta-feira. <b>Na ilha do Faial, 46 pessoas foram deslocadas para outras habita\u00e7\u00f5es por precau\u00e7\u00e3o.<\/b><\/p>\n<p>Durante a madrugada, o furac\u00e3o dever\u00e1 primeiro passar ao largo das Flores e do Corvo, as ilhas do grupo ocidental, com ventos at\u00e9 150 quil\u00f3metros por hora. No grupo oriental, S\u00e3o Miguel e Santa Maria tamb\u00e9m ser\u00e3o afetadas, embora com menor intensidade.<\/p>\n<p>&#13;<br \/>\n<b>Perante estas previs\u00f5es, o Governo declarou situa\u00e7\u00e3o de alerta e decidiu encerrar todas as escolas e os servi\u00e7os p\u00fablicos nos grupos Ocidental e Central.<\/b> A situa\u00e7\u00e3o de alerta mant\u00e9m-se at\u00e9 \u00e0s 18h00 desta sexta-feira.&#13;\n<\/p>\n<p>&#13;<br \/>\nA SATA tamb\u00e9m j\u00e1 anunciou que vai cancelar os voos entre as ilhas dos A\u00e7ores at\u00e9 \u00e0s 14h00 de sexta-feira e ativou o plano de conting\u00eancia. <br \/>&#13;<\/p>\n","protected":false},"excerpt":{"rendered":"\u201cNeste momento n\u00e3o estamos a falar de um furac\u00e3o de categoria 1, mas sim de uma tempestade p\u00f3s-tropical&hellip;\n","protected":false},"author":2,"featured_media":87048,"comment_status":"","ping_status":"","sticky":false,"template":"","format":"standard","meta":{"footnotes":""},"categories":[8],"tags":[351,27,28,21354,15,16,14,25,26,21,22,12,13,19,20,32,23,24,33,17,18,29,30,31],"class_list":{"0":"post-87047","1":"post","2":"type-post","3":"status-publish","4":"format-standard","5":"has-post-thumbnail","7":"category-principais-noticias","8":"tag-acores","9":"tag-breaking-news","10":"tag-breakingnews","11":"tag-ciclone","12":"tag-featured-news","13":"tag-featurednews","14":"tag-headlines","15":"tag-latest-news","16":"tag-latestnews","17":"tag-main-news","18":"tag-mainnews","19":"tag-news","20":"tag-noticias","21":"tag-noticias-principais","22":"tag-noticiasprincipais","23":"tag-portugal","24":"tag-principais-noticias","25":"tag-principaisnoticias","26":"tag-pt","27":"tag-top-stories","28":"tag-topstories","29":"tag-ultimas","30":"tag-ultimas-noticias","31":"tag-ultimasnoticias"},"share_on_mastodon":{"url":"","error":""},"_links":{"self":[{"href":"https:\/\/www.europesays.com\/pt\/wp-json\/wp\/v2\/posts\/87047","targetHints":{"allow":["GET"]}}],"collection":[{"href":"https:\/\/www.europesays.com\/pt\/wp-json\/wp\/v2\/posts"}],"about":[{"href":"https:\/\/www.europesays.com\/pt\/wp-json\/wp\/v2\/types\/post"}],"author":[{"embeddable":true,"href":"https:\/\/www.europesays.com\/pt\/wp-json\/wp\/v2\/users\/2"}],"replies":[{"embeddable":true,"href":"https:\/\/www.europesays.com\/pt\/wp-json\/wp\/v2\/comments?post=87047"}],"version-history":[{"count":0,"href":"https:\/\/www.europesays.com\/pt\/wp-json\/wp\/v2\/posts\/87047\/revisions"}],"wp:featuredmedia":[{"embeddable":true,"href":"https:\/\/www.europesays.com\/pt\/wp-json\/wp\/v2\/media\/87048"}],"wp:attachment":[{"href":"https:\/\/www.europesays.com\/pt\/wp-json\/wp\/v2\/media?parent=87047"}],"wp:term":[{"taxonomy":"category","embeddable":true,"href":"https:\/\/www.europesays.com\/pt\/wp-json\/wp\/v2\/categories?post=87047"},{"taxonomy":"post_tag","embeddable":true,"href":"https:\/\/www.europesays.com\/pt\/wp-json\/wp\/v2\/tags?post=87047"}],"curies":[{"name":"wp","href":"https:\/\/api.w.org\/{rel}","templated":true}]}}