{"id":87059,"date":"2025-09-26T04:04:10","date_gmt":"2025-09-26T04:04:10","guid":{"rendered":"https:\/\/www.europesays.com\/pt\/87059\/"},"modified":"2025-09-26T04:04:10","modified_gmt":"2025-09-26T04:04:10","slug":"trump-e-lula-podem-se-encontrar-no-casamento-de-giulia-be-em-2026","status":"publish","type":"post","link":"https:\/\/www.europesays.com\/pt\/87059\/","title":{"rendered":"Trump e Lula podem se encontrar no casamento de Giulia Be em 2026"},"content":{"rendered":"<p>O presidente Luiz In\u00e1cio Lula da Silva e o presidente norte-americano Donald Trump podem se encontrar, agora em um ambiente festivo, no Brasil, em 2026. Os dois est\u00e3o na lista de convidados para o casamento da cantora brasileira Giulia Be com o ativista americano Conor Kennedy.<\/p>\n<p>Conor \u00e9 filho do advogado Robert Kennedy Jr. (conhecido como RFK Jr.), indicado por Trump para a Secretaria de Sa\u00fade dos EUA, cargo equivalente ao de ministro no Brasil. Ele \u00e9 tamb\u00e9m sobrinho-neto do ex-presidente americano John F. Kennedy (JFK). Giulia \u00e9 filha do empres\u00e1rio e suplente de senador Paulo Marinho e de Adriana Marinho, que gerencia a carreira da artista e est\u00e1 cuidando dos detalhes da festa, inicialmente marcada para novembro deste ano. Ela foi adiada para junho, j\u00e1 que a artista decidiu priorizar o lan\u00e7amento de seu novo \u00e1lbum.<\/p>\n<p>\u201cSe tem Trump, vai ter Lula tamb\u00e9m\u201d, brincou a cantora em entrevista ao portal \u201cUOL\u201d, relembrando o apoio que declarou ao petista durante a elei\u00e7\u00e3o de 2022.<\/p>\n<p>O casamento pode marcar o reencontro entre os dois presidentes, talvez numa nova fase da rela\u00e7\u00e3o entre os mandat\u00e1rios. Durante a Assembleia-Geral da ONU, na ter\u00e7a-feira (23), em Nova York, eles trocaram cumprimentos r\u00e1pidos e amistosos, ap\u00f3s meses de tens\u00e3o diplom\u00e1tica \u2013 um contraste com o hist\u00f3rico de atritos entre os governos.<\/p>\n<p>Na ocasi\u00e3o, Trump chegou a dizer que havia uma \u201cexcelente qu\u00edmica\u201d com Lula. A possibilidade de ambos participarem da cerim\u00f4nia de Giulia Be, em um contexto muito diferente do habitual, d\u00e1 ainda mais peso ao evento.<\/p>\n<p>A uni\u00e3o ser\u00e1 realizada em S\u00e3o Paulo, na Igreja Nossa Senhora do Brasil, com festa no hotel Rosewood, na regi\u00e3o da avenida Paulista. A escolha da data n\u00e3o foi por acaso: 29 de novembro, em pleno feriado de A\u00e7\u00e3o de Gra\u00e7as, o que deve facilitar a vinda de parte dos 600 convidados esperados dos Estados Unidos.<\/p>\n<p>A prepara\u00e7\u00e3o da cerim\u00f4nia mistura tradi\u00e7\u00f5es brasileiras e americanas. Giulia contou que encomendou uma est\u00e1tua da Virgem Maria com mais de dois metros de altura, \u201cmaior que o Conor, que j\u00e1 tem quase essa altura\u201d, disse aos risos. J\u00e1 o noivo fez quest\u00e3o de manter uma tradi\u00e7\u00e3o de seu pa\u00eds: os longos discursos durante a festa. \u201c\u00c9 muito tradicional do casamento americano ter muitos discursos\u201d, explicou.<\/p>\n<p>A mesa de doces t\u00edpica das festas brasileiras n\u00e3o ficar\u00e1 de fora. \u201cEle est\u00e1 muito animado para ver o que \u00e9 uma mesa de doces de verdade, que eu falei que os americanos n\u00e3o sabem o que \u00e9\u201d, completou a cantora em entrevista \u00e0 coluna de M\u00f4nica Bergamo, em fevereiro deste ano.<\/p>\n<p>Outro detalhe j\u00e1 definido \u00e9 o vestido da noiva, que ser\u00e1 assinado pela grife Ralph Lauren. A cerim\u00f4nia ter\u00e1 ainda 15 padrinhos. Um deles pode ser Patrick Schwarzenegger, de \u201cWhite Lotus\u201d primo do noivo, e filho de Arnold Schwarzenegger e Maria Kennedy Shriver.<\/p>\n<p>Giulia e Conor se conheceram virtualmente em 2021 e iniciaram o relacionamento \u00e0 dist\u00e2ncia. O noivado foi oficializado em agosto do ano passado.<\/p>\n<p>\u00a0<\/p>\n","protected":false},"excerpt":{"rendered":"O presidente Luiz In\u00e1cio Lula da Silva e o presidente norte-americano Donald Trump podem se encontrar, agora em&hellip;\n","protected":false},"author":2,"featured_media":87060,"comment_status":"","ping_status":"","sticky":false,"template":"","format":"standard","meta":{"footnotes":""},"categories":[145],"tags":[211,210,21976,114,115,1540,32,33,2183],"class_list":{"0":"post-87059","1":"post","2":"type-post","3":"status-publish","4":"format-standard","5":"has-post-thumbnail","7":"category-celebridades","8":"tag-celebridades","9":"tag-celebrities","10":"tag-conor-kennedy","11":"tag-entertainment","12":"tag-entretenimento","13":"tag-lula","14":"tag-portugal","15":"tag-pt","16":"tag-trump"},"share_on_mastodon":{"url":"","error":""},"_links":{"self":[{"href":"https:\/\/www.europesays.com\/pt\/wp-json\/wp\/v2\/posts\/87059","targetHints":{"allow":["GET"]}}],"collection":[{"href":"https:\/\/www.europesays.com\/pt\/wp-json\/wp\/v2\/posts"}],"about":[{"href":"https:\/\/www.europesays.com\/pt\/wp-json\/wp\/v2\/types\/post"}],"author":[{"embeddable":true,"href":"https:\/\/www.europesays.com\/pt\/wp-json\/wp\/v2\/users\/2"}],"replies":[{"embeddable":true,"href":"https:\/\/www.europesays.com\/pt\/wp-json\/wp\/v2\/comments?post=87059"}],"version-history":[{"count":0,"href":"https:\/\/www.europesays.com\/pt\/wp-json\/wp\/v2\/posts\/87059\/revisions"}],"wp:featuredmedia":[{"embeddable":true,"href":"https:\/\/www.europesays.com\/pt\/wp-json\/wp\/v2\/media\/87060"}],"wp:attachment":[{"href":"https:\/\/www.europesays.com\/pt\/wp-json\/wp\/v2\/media?parent=87059"}],"wp:term":[{"taxonomy":"category","embeddable":true,"href":"https:\/\/www.europesays.com\/pt\/wp-json\/wp\/v2\/categories?post=87059"},{"taxonomy":"post_tag","embeddable":true,"href":"https:\/\/www.europesays.com\/pt\/wp-json\/wp\/v2\/tags?post=87059"}],"curies":[{"name":"wp","href":"https:\/\/api.w.org\/{rel}","templated":true}]}}