{"id":87063,"date":"2025-09-26T04:08:23","date_gmt":"2025-09-26T04:08:23","guid":{"rendered":"https:\/\/www.europesays.com\/pt\/87063\/"},"modified":"2025-09-26T04:08:23","modified_gmt":"2025-09-26T04:08:23","slug":"fotos-mostram-como-ficaram-os-novos-estudios-da-atlantida-e-cbn-joinville","status":"publish","type":"post","link":"https:\/\/www.europesays.com\/pt\/87063\/","title":{"rendered":"Fotos mostram como ficaram os novos est\u00fadios da Atl\u00e2ntida e CBN Joinville\u00a0"},"content":{"rendered":"<p>                            <img width=\"944\" height=\"531\" src=\"https:\/\/www.europesays.com\/pt\/wp-content\/uploads\/2025\/09\/Equipe-944x531.jpg\" class=\"attachment-custom-large size-custom-large article-featured-image\" alt=\"\" fetchpriority=\"high\" decoding=\"async\"  \/><\/p>\n<p>A programa\u00e7\u00e3o especial movimentou os novos est\u00fadios das r\u00e1dios da NSC Joinville. (Foto: Andr\u00e9 Kopsch)<\/p>\n<p>Maior ecossistema de \u00e1udio do Estado, a NSC inaugurou em Joinville os novos est\u00fadios das r\u00e1dios Atl\u00e2ntida e CBN esta semana. Agora, os ve\u00edculos\u00a0passam a contar com espa\u00e7os mais modernos, tecnol\u00f3gicos e preparados para produ\u00e7\u00f5es audiovisuais, consolidando ainda mais a conex\u00e3o com os ouvintes do Norte de Santa Catarina.\u00a0<\/p>\n<p>Continua depois da publicidade<\/p>\n<p>Os melhores momentos desse dia hist\u00f3rico podem ser conferidos na galeria de fotos especial de inaugura\u00e7\u00e3o. Os registros mostram a energia dos comunicadores no novo espa\u00e7o, a intera\u00e7\u00e3o com os convidados e os detalhes de cada est\u00fadio, projetados para elevar a experi\u00eancia de quem acompanha a Atl\u00e2ntida e a CBN Joinville.\u00a0<\/p>\n<p>1<\/p>\n<p>VoltarAvan\u00e7ar<\/p>\n<p><img loading=\"lazy\" decoding=\"async\" width=\"1620\" height=\"1080\" data-id=\"7663441\" src=\"https:\/\/www.europesays.com\/pt\/wp-content\/uploads\/2025\/09\/Mr.-Pi-Pora-Bernardes-Yan-Cavalin-Edna-Ferretti-Marina-Soares-Tete-Trevisol-Dri-Telo.jpg\" alt=\"\" class=\"wp-image-7663441\"\/><\/p>\n<p>Comunicadores da Atl\u00e2ntida Floripa e Blumenau se reuniram com dupla da ATL Joinville para a inaugura\u00e7\u00e3o do novo est\u00fadio. (Foto: Andr\u00e9 Kopsch)<\/p>\n<p><img loading=\"lazy\" decoding=\"async\" width=\"1620\" height=\"1080\" data-id=\"7663440\" src=\"https:\/\/www.europesays.com\/pt\/wp-content\/uploads\/2025\/09\/Alessandro-Feio-Andre-Pereira.jpg\" alt=\"\" class=\"wp-image-7663440\"\/><\/p>\n<p>Alessandro Feio e Andr\u00e9 Pereira, da CBN Joinville. (Foto: Andr\u00e9 Kopsch)<\/p>\n<p><img loading=\"lazy\" decoding=\"async\" width=\"1624\" height=\"1080\" data-id=\"7663439\" src=\"https:\/\/www.europesays.com\/pt\/wp-content\/uploads\/2025\/09\/Albertina-Tuma-Jessica-Cordeiro.jpg\" alt=\"\" class=\"wp-image-7663439\"\/><\/p>\n<p>Albertina Tuma e J\u00e9ssica Cordeiro. (Foto: Andr\u00e9 Kopsch)<\/p>\n<p><img loading=\"lazy\" decoding=\"async\" width=\"1624\" height=\"1080\" data-id=\"7663437\" src=\"https:\/\/www.europesays.com\/pt\/wp-content\/uploads\/2025\/09\/Cassia-Todescat-Ely-Diniz-Deivison-Garcia-Jessica-Cordeiro.jpg\" alt=\"\" class=\"wp-image-7663437\"\/><\/p>\n<p>Cassia Todescat, Ely Diniz, Deivison Garcia e J\u00e9ssica Cordeiro. (Foto: Andr\u00e9 Kopsch)<\/p>\n<p><img loading=\"lazy\" decoding=\"async\" width=\"1624\" height=\"1080\" data-id=\"7663436\" src=\"https:\/\/www.europesays.com\/pt\/wp-content\/uploads\/2025\/09\/Cassia-Todescat-Albenize-Bueno-Celia-Campos-Pora-Bernardes.jpg\" alt=\"\" class=\"wp-image-7663436\"\/><\/p>\n<p>Cassia Todescat, Albenize Bueno, C\u00e9lia Campos e Por\u00e3 Bernardes. (Foto: Andr\u00e9 Kopsch)<\/p>\n<p><img loading=\"lazy\" decoding=\"async\" width=\"1620\" height=\"1080\" data-id=\"7663435\" src=\"https:\/\/www.europesays.com\/pt\/wp-content\/uploads\/2025\/09\/Cassia-Todescat-2.jpg\" alt=\"\" class=\"wp-image-7663435\"\/><\/p>\n<p>Cassia Todescat, gerente comercial da NSC Joinville. (Foto: Andr\u00e9 Kopsch)<\/p>\n<p><img loading=\"lazy\" decoding=\"async\" width=\"1620\" height=\"1080\" data-id=\"7663434\" src=\"https:\/\/www.europesays.com\/pt\/wp-content\/uploads\/2025\/09\/Carlos-Bust-Marilisa-Boehm-Adriano-Araldi.jpg\" alt=\"\" class=\"wp-image-7663434\"\/><\/p>\n<p>Carlos Bust, Marilisa Boehm e Adriano Araldi. (Foto: Andr\u00e9 Kopsch)<\/p>\n<p><img loading=\"lazy\" decoding=\"async\" width=\"1620\" height=\"1080\" data-id=\"7663430\" src=\"https:\/\/www.europesays.com\/pt\/wp-content\/uploads\/2025\/09\/Carlos-Bust-Jaqueline-Correa-Neusa-Giacomozzi.jpg\" alt=\"\" class=\"wp-image-7663430\"\/><\/p>\n<p>Carlos Bust, Jaqueline Corr\u00eaa e Neusa Giacomozzi. (Foto: Andr\u00e9 Kopsch)<\/p>\n<p><img loading=\"lazy\" decoding=\"async\" width=\"720\" height=\"1080\" data-id=\"7663429\" src=\"https:\/\/www.europesays.com\/pt\/wp-content\/uploads\/2025\/09\/Amanda-Mariano-Fernanda-Valadares-Jessica-Cordeiro.jpg\" alt=\"\" class=\"wp-image-7663429\"\/><\/p>\n<p>Amanda Mariano, Fernanda Valadares e Jessica Cordeiro. (Foto: Andr\u00e9 Kopsch)<\/p>\n<p><img loading=\"lazy\" decoding=\"async\" width=\"1620\" height=\"1080\" data-id=\"7663428\" src=\"https:\/\/www.europesays.com\/pt\/wp-content\/uploads\/2025\/09\/Mario-Neves.jpg\" alt=\"\" class=\"wp-image-7663428\"\/><\/p>\n<p>Mario Neves, Presidente-Executivo da NSC, conversa com equipe da NSC Joinville. (Foto: Andr\u00e9 Kopsch)<\/p>\n<p><img loading=\"lazy\" decoding=\"async\" width=\"1624\" height=\"1080\" data-id=\"7663427\" src=\"https:\/\/www.europesays.com\/pt\/wp-content\/uploads\/2025\/09\/Margi-Loyola-Domingos-Aquino.jpg\" alt=\"\" class=\"wp-image-7663427\"\/><\/p>\n<p>Margi Loyola e Domingos Aquino. (Foto: Andr\u00e9 Kopsch)<\/p>\n<p><img loading=\"lazy\" decoding=\"async\" width=\"1620\" height=\"1080\" data-id=\"7663426\" src=\"https:\/\/www.europesays.com\/pt\/wp-content\/uploads\/2025\/09\/Julia-Munareto-Marco-Goetten-Cassia-Todescat.jpg\" alt=\"\" class=\"wp-image-7663426\"\/><\/p>\n<p>Julia Munareto, Marco Goetten e Cassia Todescat, membros da equipe comercial da NSC. (Foto: Andr\u00e9 Kopsch)<\/p>\n<p><img loading=\"lazy\" decoding=\"async\" width=\"1620\" height=\"1080\" data-id=\"7663425\" src=\"https:\/\/www.europesays.com\/pt\/wp-content\/uploads\/2025\/09\/Equipe.jpg\" alt=\"\" class=\"wp-image-7663425\"\/><\/p>\n<p>A programa\u00e7\u00e3o especial movimentou os novos ambientes. (Foto: Andr\u00e9 Kopsch)<\/p>\n<p><img loading=\"lazy\" decoding=\"async\" width=\"1624\" height=\"1080\" data-id=\"7663424\" src=\"https:\/\/www.europesays.com\/pt\/wp-content\/uploads\/2025\/09\/Equipe-ATL-Dazaranha.jpg\" alt=\"\" class=\"wp-image-7663424\"\/><\/p>\n<p>Dazaranha participou do Desprogramados, da Atl\u00e2ntida SC. (Foto: Andr\u00e9 Kopsch)<\/p>\n<p><img loading=\"lazy\" decoding=\"async\" width=\"1620\" height=\"1080\" data-id=\"7663423\" src=\"https:\/\/www.europesays.com\/pt\/wp-content\/uploads\/2025\/09\/Edna-Ferretti-Dri-Telo-Marina-Soares.jpg\" alt=\"\" class=\"wp-image-7663423\"\/><\/p>\n<p>Edna Ferretti, Dri Tel\u00f3 e Marina Soares, apresentadoras do Programa das Minas, da Atl\u00e2ntida SC. (Foto: Andr\u00e9 Kopsch)<\/p>\n<p><img loading=\"lazy\" decoding=\"async\" width=\"1620\" height=\"1080\" data-id=\"7663421\" src=\"https:\/\/www.europesays.com\/pt\/wp-content\/uploads\/2025\/09\/Cleber-Grabauska.jpg\" alt=\"\" class=\"wp-image-7663421\"\/><\/p>\n<p>Cleber Grabauska, coordenador da CBN Joinville. (Foto: Andr\u00e9 Kopsch)<\/p>\n<p><img loading=\"lazy\" decoding=\"async\" width=\"1620\" height=\"1080\" data-id=\"7663420\" src=\"https:\/\/www.europesays.com\/pt\/wp-content\/uploads\/2025\/09\/Claudio-de-Mattos-Ana-Maria-Sebastiao-Pora-Bernardes-Geraldo-Furtado-Patricia-Velho.jpg\" alt=\"\" class=\"wp-image-7663420\"\/><\/p>\n<p>Claudio de Mattos, Ana Maria Sebastiao, Pora Bernardes, Geraldo Furtado e Patricia Velho (Foto: Andr\u00e9 Kopsch)<\/p>\n<p><img loading=\"lazy\" decoding=\"async\" width=\"720\" height=\"1080\" data-id=\"7663419\" src=\"https:\/\/www.europesays.com\/pt\/wp-content\/uploads\/2025\/09\/Tete-Trevisol-Luciano-Moura-Gustavo-Teixeira-Adriano-Araldi.jpg\" alt=\"\" class=\"wp-image-7663419\"\/><\/p>\n<p>Tet\u00ea Trevisol, Luciano Moura, Gustavo Teixeira e Adriano Araldi. (Foto: Andr\u00e9 Kopsch)<\/p>\n<p><img loading=\"lazy\" decoding=\"async\" width=\"1620\" height=\"1080\" data-id=\"7663418\" src=\"https:\/\/www.europesays.com\/pt\/wp-content\/uploads\/2025\/09\/Pora-Bernardes.jpg\" alt=\"\" class=\"wp-image-7663418\"\/><\/p>\n<p>Por\u00e3 Bernades, Head das r\u00e1dios Atl\u00e2ntida SC e Itapema. (Foto: Andr\u00e9 Kopsch)<\/p>\n<p>Durante toda a ter\u00e7a-feira, a programa\u00e7\u00e3o especial movimentou os novos ambientes, que receberam comunicadores, convidados, autoridades e parceiros comerciais. Destaque para o Programa das Minas, transmitido com a forma\u00e7\u00e3o completa diretamente de Joinville, e para a participa\u00e7\u00e3o da banda Dazaranha no Desprogramados. Na CBN, entrevistas exclusivas e conte\u00fados ao vivo deram ainda mais relev\u00e2ncia \u00e0 ocasi\u00e3o.\u00a0<\/p>\n<p>As novas instala\u00e7\u00f5es oferecem recursos atualizados de capta\u00e7\u00e3o de \u00e1udio e v\u00eddeo, al\u00e9m de sistemas modernos de opera\u00e7\u00e3o, com suporte de intelig\u00eancia artificial, garantindo qualidade e efici\u00eancia para os conte\u00fados musicais e jornal\u00edsticos.\u00a0<\/p>\n<p>Continua depois da publicidade<\/p>\n","protected":false},"excerpt":{"rendered":"A programa\u00e7\u00e3o especial movimentou os novos est\u00fadios das r\u00e1dios da NSC Joinville. (Foto: Andr\u00e9 Kopsch) Maior ecossistema de&hellip;\n","protected":false},"author":2,"featured_media":87064,"comment_status":"","ping_status":"","sticky":false,"template":"","format":"standard","meta":{"footnotes":""},"categories":[141],"tags":[21977,21978,114,115,149,150,32,33],"class_list":{"0":"post-87063","1":"post","2":"type-post","3":"status-publish","4":"format-standard","5":"has-post-thumbnail","7":"category-musica","8":"tag-atlantida","9":"tag-cbn-joinville","10":"tag-entertainment","11":"tag-entretenimento","12":"tag-music","13":"tag-musica","14":"tag-portugal","15":"tag-pt"},"share_on_mastodon":{"url":"","error":""},"_links":{"self":[{"href":"https:\/\/www.europesays.com\/pt\/wp-json\/wp\/v2\/posts\/87063","targetHints":{"allow":["GET"]}}],"collection":[{"href":"https:\/\/www.europesays.com\/pt\/wp-json\/wp\/v2\/posts"}],"about":[{"href":"https:\/\/www.europesays.com\/pt\/wp-json\/wp\/v2\/types\/post"}],"author":[{"embeddable":true,"href":"https:\/\/www.europesays.com\/pt\/wp-json\/wp\/v2\/users\/2"}],"replies":[{"embeddable":true,"href":"https:\/\/www.europesays.com\/pt\/wp-json\/wp\/v2\/comments?post=87063"}],"version-history":[{"count":0,"href":"https:\/\/www.europesays.com\/pt\/wp-json\/wp\/v2\/posts\/87063\/revisions"}],"wp:featuredmedia":[{"embeddable":true,"href":"https:\/\/www.europesays.com\/pt\/wp-json\/wp\/v2\/media\/87064"}],"wp:attachment":[{"href":"https:\/\/www.europesays.com\/pt\/wp-json\/wp\/v2\/media?parent=87063"}],"wp:term":[{"taxonomy":"category","embeddable":true,"href":"https:\/\/www.europesays.com\/pt\/wp-json\/wp\/v2\/categories?post=87063"},{"taxonomy":"post_tag","embeddable":true,"href":"https:\/\/www.europesays.com\/pt\/wp-json\/wp\/v2\/tags?post=87063"}],"curies":[{"name":"wp","href":"https:\/\/api.w.org\/{rel}","templated":true}]}}