{"id":87084,"date":"2025-09-26T04:47:10","date_gmt":"2025-09-26T04:47:10","guid":{"rendered":"https:\/\/www.europesays.com\/pt\/87084\/"},"modified":"2025-09-26T04:47:10","modified_gmt":"2025-09-26T04:47:10","slug":"em-biquini-margarida-corceiro-deixa-seguidores-de-queixo-caido-sem-palavras","status":"publish","type":"post","link":"https:\/\/www.europesays.com\/pt\/87084\/","title":{"rendered":"Em biqu\u00edni, Margarida Corceiro deixa seguidores de queixo ca\u00eddo: &#8220;Sem palavras&#8221;"},"content":{"rendered":"<p><a href=\"https:\/\/selfie.iol.pt\/famosos\/margarida-corceiro\/margarida-corceiro-partilha-registos-das-ferias-mas-so-se-fala-da-companhia-da-atriz\/20250915\/68c82bcad34e58bc6795c301\" target=\"_blank\" rel=\"nofollow noopener\">Margarida Corceiro<\/a> est\u00e1 a aproveitar dias de sol e descanso na Indon\u00e9sia, mais precisamente em Bali, e tem encantado os seguidores com v\u00e1rios registos, n\u00e3o s\u00f3 das paisagens paradis\u00edacas, mas tamb\u00e9m da boa forma f\u00edsica da modelo e atriz.<\/p>\n<p>Esta quarta-feira, dia 24, a atriz mostrou-se em biqu\u00edni\u00a0e, rapidamente, a caixa de coment\u00e1rios encheu-se de elogios. &#8220;Wow, que bonita!&#8221;; &#8220;Sem palavras&#8221;; &#8220;Que linda&#8221;; ou &#8220;\u00c9s t\u00e3o perfeita&#8221; s\u00e3o algumas das mensagens que se podem ler.\u00a0<\/p>\n<p>Veja, agora, as imagens partilhadas por\u00a0<a href=\"https:\/\/selfie.iol.pt\/famosos\/lando-norris\/acabaram-as-duvidas-lando-norris-quebra-o-silencio-sobre-margarida-corceiro-ela-e-alguem-com-quem-posso-ser-eu-proprio\/20250919\/68cd51dad34ee0c2fed04b36\" target=\"_blank\" rel=\"nofollow noopener\">Margarida Corceiro<\/a>.\u00a0<\/p>\n<blockquote class=\"instagram-media\" data-instgrm-captioned=\"\" data-instgrm-permalink=\"https:\/\/www.instagram.com\/p\/DO_y6XoDHCT\/?utm_source=ig_embed&amp;utm_campaign=loading\" data-instgrm-version=\"14\" style=\" background:#FFF; border:0; border-radius:3px; box-shadow:0 0 1px 0 rgba(0,0,0,0.5),0 1px 10px 0 rgba(0,0,0,0.15); margin: 1px; max-width:540px; min-width:326px; padding:0; width:99.375%; width:-webkit-calc(100% - 2px); width:calc(100% - 2px);\">\n<\/blockquote>\n<p>                        <script async src=\"\/\/www.instagram.com\/embed.js\"><\/script><\/p>\n","protected":false},"excerpt":{"rendered":"Margarida Corceiro est\u00e1 a aproveitar dias de sol e descanso na Indon\u00e9sia, mais precisamente em Bali, e tem&hellip;\n","protected":false},"author":2,"featured_media":87085,"comment_status":"","ping_status":"","sticky":false,"template":"","format":"standard","meta":{"footnotes":""},"categories":[145],"tags":[813,5701,1752,211,210,21985,114,115,980,1015,719,619,17752,32,33,1012],"class_list":{"0":"post-87084","1":"post","2":"type-post","3":"status-publish","4":"format-standard","5":"has-post-thumbnail","7":"category-celebridades","8":"tag-atriz","9":"tag-bali","10":"tag-biquini","11":"tag-celebridades","12":"tag-celebrities","13":"tag-deslumbrante","14":"tag-entertainment","15":"tag-entretenimento","16":"tag-famosos","17":"tag-instagram","18":"tag-margarida-corceiro","19":"tag-nacional","20":"tag-ousada","21":"tag-portugal","22":"tag-pt","23":"tag-selfie"},"share_on_mastodon":{"url":"","error":""},"_links":{"self":[{"href":"https:\/\/www.europesays.com\/pt\/wp-json\/wp\/v2\/posts\/87084","targetHints":{"allow":["GET"]}}],"collection":[{"href":"https:\/\/www.europesays.com\/pt\/wp-json\/wp\/v2\/posts"}],"about":[{"href":"https:\/\/www.europesays.com\/pt\/wp-json\/wp\/v2\/types\/post"}],"author":[{"embeddable":true,"href":"https:\/\/www.europesays.com\/pt\/wp-json\/wp\/v2\/users\/2"}],"replies":[{"embeddable":true,"href":"https:\/\/www.europesays.com\/pt\/wp-json\/wp\/v2\/comments?post=87084"}],"version-history":[{"count":0,"href":"https:\/\/www.europesays.com\/pt\/wp-json\/wp\/v2\/posts\/87084\/revisions"}],"wp:featuredmedia":[{"embeddable":true,"href":"https:\/\/www.europesays.com\/pt\/wp-json\/wp\/v2\/media\/87085"}],"wp:attachment":[{"href":"https:\/\/www.europesays.com\/pt\/wp-json\/wp\/v2\/media?parent=87084"}],"wp:term":[{"taxonomy":"category","embeddable":true,"href":"https:\/\/www.europesays.com\/pt\/wp-json\/wp\/v2\/categories?post=87084"},{"taxonomy":"post_tag","embeddable":true,"href":"https:\/\/www.europesays.com\/pt\/wp-json\/wp\/v2\/tags?post=87084"}],"curies":[{"name":"wp","href":"https:\/\/api.w.org\/{rel}","templated":true}]}}