{"id":87086,"date":"2025-09-26T04:50:19","date_gmt":"2025-09-26T04:50:19","guid":{"rendered":"https:\/\/www.europesays.com\/pt\/87086\/"},"modified":"2025-09-26T04:50:19","modified_gmt":"2025-09-26T04:50:19","slug":"a-protegida-clarice-deixa-oscar-estupefacto-novelas","status":"publish","type":"post","link":"https:\/\/www.europesays.com\/pt\/87086\/","title":{"rendered":"A Protegida: Clarice deixa \u00d3scar estupefacto &#8211; Novelas"},"content":{"rendered":"<p>Em \u00abA Protegida\u00bb, \u00d3scar (Joaquim Horta) fala com Gon\u00e7alo (Jo\u00e3o Bettencourt) ao telem\u00f3vel e este agradece-lhe por todo o material novo. \u00d3scar diz que ele merece aquilo e muito mais. Depois desliga e vai ter com Clarice (Fernanda Serrano) que est\u00e1 ali \u00e0 espera para falar com ele. Clarice diz que tratou de tudo e agora \u00d3scar s\u00f3 tem de lhe dar o dinheiro que gastou. \u00d3scar fica surpreendido com o valor, mas faz a transfer\u00eancia.\u00a0<\/p>\n","protected":false},"excerpt":{"rendered":"Em \u00abA Protegida\u00bb, \u00d3scar (Joaquim Horta) fala com Gon\u00e7alo (Jo\u00e3o Bettencourt) ao telem\u00f3vel e este agradece-lhe por todo&hellip;\n","protected":false},"author":2,"featured_media":87087,"comment_status":"","ping_status":"","sticky":false,"template":"","format":"standard","meta":{"footnotes":""},"categories":[142],"tags":[168,160,166,114,115,157,167,164,2931,161,158,165,159,32,33,156,163,151,162],"class_list":{"0":"post-87086","1":"post","2":"type-post","3":"status-publish","4":"format-standard","5":"has-post-thumbnail","7":"category-tv","8":"tag-a-protegida","9":"tag-ana-guiomar","10":"tag-cristina-ferreira","11":"tag-entertainment","12":"tag-entretenimento","13":"tag-festa-e-festa","14":"tag-ficcao","15":"tag-jose-fidalgo","16":"tag-novela","17":"tag-novelas","18":"tag-para-sempre","19":"tag-pedro-sousa","20":"tag-pedro-teixeira","21":"tag-portugal","22":"tag-pt","23":"tag-queridos-papas","24":"tag-tiago-teotonio-pereira","25":"tag-tv","26":"tag-tvi"},"share_on_mastodon":{"url":"","error":""},"_links":{"self":[{"href":"https:\/\/www.europesays.com\/pt\/wp-json\/wp\/v2\/posts\/87086","targetHints":{"allow":["GET"]}}],"collection":[{"href":"https:\/\/www.europesays.com\/pt\/wp-json\/wp\/v2\/posts"}],"about":[{"href":"https:\/\/www.europesays.com\/pt\/wp-json\/wp\/v2\/types\/post"}],"author":[{"embeddable":true,"href":"https:\/\/www.europesays.com\/pt\/wp-json\/wp\/v2\/users\/2"}],"replies":[{"embeddable":true,"href":"https:\/\/www.europesays.com\/pt\/wp-json\/wp\/v2\/comments?post=87086"}],"version-history":[{"count":0,"href":"https:\/\/www.europesays.com\/pt\/wp-json\/wp\/v2\/posts\/87086\/revisions"}],"wp:featuredmedia":[{"embeddable":true,"href":"https:\/\/www.europesays.com\/pt\/wp-json\/wp\/v2\/media\/87087"}],"wp:attachment":[{"href":"https:\/\/www.europesays.com\/pt\/wp-json\/wp\/v2\/media?parent=87086"}],"wp:term":[{"taxonomy":"category","embeddable":true,"href":"https:\/\/www.europesays.com\/pt\/wp-json\/wp\/v2\/categories?post=87086"},{"taxonomy":"post_tag","embeddable":true,"href":"https:\/\/www.europesays.com\/pt\/wp-json\/wp\/v2\/tags?post=87086"}],"curies":[{"name":"wp","href":"https:\/\/api.w.org\/{rel}","templated":true}]}}