{"id":87091,"date":"2025-09-26T05:01:09","date_gmt":"2025-09-26T05:01:09","guid":{"rendered":"https:\/\/www.europesays.com\/pt\/87091\/"},"modified":"2025-09-26T05:01:09","modified_gmt":"2025-09-26T05:01:09","slug":"ex-astro-da-nickelodeon-e-encontrado-vivendo-na-rua-e-mae-se-pronuncia","status":"publish","type":"post","link":"https:\/\/www.europesays.com\/pt\/87091\/","title":{"rendered":"Ex-astro da Nickelodeon \u00e9 encontrado vivendo na rua e m\u00e3e se pronuncia"},"content":{"rendered":"<p><strong>Tylor Chase<\/strong>, ator conhecido por produ\u00e7\u00f5es como Manual de Sobreviv\u00eancia Escolar do Ned, da Nickelodeon, voltou a ser assunto entre os f\u00e3s ap\u00f3s ser visto vivendo nas ruas de Riverside, na Calif\u00f3rnia. A m\u00e3e dele, no entanto, pediu cautela e afirmou que a ajuda que ele precisa \u00e9 m\u00e9dica.<\/p>\n<p>A situa\u00e7\u00e3o do ex-astro veio \u00e0 tona quando a dona da conta @lethallalli no TikTok compartilhou um v\u00eddeo mostrando o famoso com a barba por fazer, vestindo roupas desgastadas e com a apar\u00eancia fragilizada.<\/p>\n<p>+\u00a0<a href=\"https:\/\/natelinha.uol.com.br\/famosos\/2025\/09\/25\/luan-pereira-assume-namoro-com-influenciadora-e-se-derrete-apaixonado-231830.php\" rel=\"nofollow noopener\" target=\"_blank\">Luan Pereira assume namoro com influenciadora e se derrete: &#8220;Apaixonado&#8221;<\/a><\/p>\n<p>continua depois da publicidade<\/p>\n<p>+\u00a0<a href=\"https:\/\/natelinha.uol.com.br\/famosos\/2025\/09\/25\/luana-piovani-detona-famosas-com-destaque-em-escolas-de-samba-oportunismo-231826.php\" rel=\"nofollow noopener\" target=\"_blank\">Luana Piovani detona famosas com destaque em escolas de samba: &#8220;Oportunismo&#8221;<\/a><\/p>\n<p>F\u00e3s, que ainda guardavam a imagem do artista quando ele era uma estrela teen, se chocaram e rapidamente se mobilizaram para arrecadar fundos em uma vaquinha criada pela tiktoker que exp\u00f4s toda a situa\u00e7\u00e3o. &#8220;Eu s\u00f3 queria dar uma m\u00e3ozinha para ele sair dessa situa\u00e7\u00e3o&#8221;, explicou ela, ao TMZ.<\/p>\n<p>Atualmente com 36 anos, Tylor Chase n\u00e3o era visto publicamente desde 2021, quando parou de atualizar seu canal no YouTube. &#8220;Ol\u00e1, sou Tylor Chase e fa\u00e7o parte de um movimento crist\u00e3o de atua\u00e7\u00e3o&#8221;, dizia ele na \u00e9poca.<\/p>\n<blockquote class=\"twitter-tweet\" data-lang=\"pt\" data-width=\"550\" width=\"550\"><p>\n\t\t\t\t\t\t\t\t\t<a href=\"https:\/\/twitter.com\/Diario_Supremo\/status\/1970845890014285838\" rel=\"nofollow noopener\" target=\"_blank\">Diario_Supremo<\/a>\n\t\t\t\t\t\t\t   <\/p><\/blockquote>\n<p>continua depois da publicidade<\/p>\n<p>M\u00e3e se pronuncia sobre ex-ator da Nickelodeon<\/p>\n<p>Quando a hist\u00f3ria de Tylor Chase repercutiu, a m\u00e3e do ex-ator entrou em contato com a criadora da vaquinha e pediu que ela n\u00e3o entregasse o dinheiro arrecadado a ele.<\/p>\n<p>&#8220;Ele n\u00e3o consegue administrar dinheiro nem seus medicamentos sozinho. J\u00e1 comprei v\u00e1rios celulares para ele, mas ele perde em um ou dois dias. O dinheiro n\u00e3o o beneficiaria&#8221;, explicou.<\/p>\n<p>A tiktoker, no entanto, insistiu em repassar os recursos ao ex-astro da Nickelodeon e a m\u00e3e sugeriu que a quantia fosse depositada em uma conta no nome dela, pois Tylor precisa se tratar primeiro: &#8220;Ele \u00e9 um menino bom e doce, mas precisa de tratamento, n\u00e3o apenas de dinheiro&#8221;.<\/p>\n<p>continua depois da publicidade<\/p>\n<p>                    <script async src=\"https:\/\/platform.twitter.com\/widgets.js\" charset=\"utf-8\"><\/script><\/p>\n","protected":false},"excerpt":{"rendered":"Tylor Chase, ator conhecido por produ\u00e7\u00f5es como Manual de Sobreviv\u00eancia Escolar do Ned, da Nickelodeon, voltou a ser&hellip;\n","protected":false},"author":2,"featured_media":87092,"comment_status":"","ping_status":"","sticky":false,"template":"","format":"standard","meta":{"footnotes":""},"categories":[145],"tags":[211,210,114,115,13728,32,33],"class_list":{"0":"post-87091","1":"post","2":"type-post","3":"status-publish","4":"format-standard","5":"has-post-thumbnail","7":"category-celebridades","8":"tag-celebridades","9":"tag-celebrities","10":"tag-entertainment","11":"tag-entretenimento","12":"tag-nickelodeon","13":"tag-portugal","14":"tag-pt"},"share_on_mastodon":{"url":"","error":""},"_links":{"self":[{"href":"https:\/\/www.europesays.com\/pt\/wp-json\/wp\/v2\/posts\/87091","targetHints":{"allow":["GET"]}}],"collection":[{"href":"https:\/\/www.europesays.com\/pt\/wp-json\/wp\/v2\/posts"}],"about":[{"href":"https:\/\/www.europesays.com\/pt\/wp-json\/wp\/v2\/types\/post"}],"author":[{"embeddable":true,"href":"https:\/\/www.europesays.com\/pt\/wp-json\/wp\/v2\/users\/2"}],"replies":[{"embeddable":true,"href":"https:\/\/www.europesays.com\/pt\/wp-json\/wp\/v2\/comments?post=87091"}],"version-history":[{"count":0,"href":"https:\/\/www.europesays.com\/pt\/wp-json\/wp\/v2\/posts\/87091\/revisions"}],"wp:featuredmedia":[{"embeddable":true,"href":"https:\/\/www.europesays.com\/pt\/wp-json\/wp\/v2\/media\/87092"}],"wp:attachment":[{"href":"https:\/\/www.europesays.com\/pt\/wp-json\/wp\/v2\/media?parent=87091"}],"wp:term":[{"taxonomy":"category","embeddable":true,"href":"https:\/\/www.europesays.com\/pt\/wp-json\/wp\/v2\/categories?post=87091"},{"taxonomy":"post_tag","embeddable":true,"href":"https:\/\/www.europesays.com\/pt\/wp-json\/wp\/v2\/tags?post=87091"}],"curies":[{"name":"wp","href":"https:\/\/api.w.org\/{rel}","templated":true}]}}