{"id":87097,"date":"2025-09-26T05:15:16","date_gmt":"2025-09-26T05:15:16","guid":{"rendered":"https:\/\/www.europesays.com\/pt\/87097\/"},"modified":"2025-09-26T05:15:16","modified_gmt":"2025-09-26T05:15:16","slug":"adriane-galisteu-comemora-vitoria-do-palmeiras-com-muito-fogo-no-feno-record","status":"publish","type":"post","link":"https:\/\/www.europesays.com\/pt\/87097\/","title":{"rendered":"Adriane Galisteu comemora vit\u00f3ria do Palmeiras com muito fogo no feno \u2013 Record"},"content":{"rendered":"<p>A apresentadora de A Fazenda 17 \u00e9 torcedora fan\u00e1tica do time desde crian\u00e7a e usou at\u00e9 figurino verde no ao vivo<\/p>\n<p class=\"article-text-xxxs article-text-neutral-low-500 dark:article-text-neutral-high-400\"><a href=\"https:\/\/record.r7.com\/a-fazenda\/a-fazenda-17\/novidades\" title=\"Novidades\" class=\"article-editorial-text article-font-semibold article-uppercase dark:!article-text-neutral-high-400\" rel=\"nofollow noopener\" target=\"_blank\">Novidades<\/a>|Do R7<\/p>\n<p class=\"article-uppercase article-text-little article-text-age-rating-18anos-500 dark:article-text-neutral-high-400\">25\/09\/2025 &#8211; 14h48 (Atualizado em 25\/09\/2025 &#8211; 17h41)<\/p>\n<ul class=\"article-flex article-items-center article-gap-nano sm:article-gap-quark\">\n<li class=\"article-size-sm sm:article-size-xs article-flex article-justify-center article-items-center article-border-solid article-border-hairline dark:article-border-[1px] dark:article-border-solid dark:article-border-neutral-high-400 dark:article-text-neutral-high-400 article-bg-article-social article-p-[6px] sm:article-p-quark article-border-dark-high-500 article-rounded-md \">X (Twitter)<\/li>\n<li class=\"article-size-sm sm:article-size-xs article-flex article-justify-center article-items-center article-border-solid article-border-hairline dark:article-border-[1px] dark:article-border-solid dark:article-border-neutral-high-400 dark:article-text-neutral-high-400 article-bg-article-social article-p-[6px] sm:article-p-quark article-border-dark-high-500 article-rounded-md \">Facebook<\/li>\n<li class=\"article-size-sm sm:article-size-xs article-flex article-justify-center article-items-center article-border-solid article-border-hairline dark:article-border-[1px] dark:article-border-solid dark:article-border-neutral-high-400 dark:article-text-neutral-high-400 article-bg-article-social article-p-[6px] sm:article-p-quark article-border-dark-high-500 article-rounded-md \">LinkedIn<\/li>\n<li class=\"article-size-sm sm:article-size-xs article-flex article-justify-center article-items-center article-border-solid article-border-hairline dark:article-border-[1px] dark:article-border-solid dark:article-border-neutral-high-400 dark:article-text-neutral-high-400 article-bg-article-social article-p-[6px] sm:article-p-quark article-border-dark-high-500 article-rounded-md \">WhatsApp<\/li>\n<li class=\"article-size-sm sm:article-size-xs article-flex article-justify-center article-items-center article-border-solid article-border-hairline dark:article-border-[1px] dark:article-border-solid dark:article-border-neutral-high-400 dark:article-text-neutral-high-400 article-bg-article-social article-p-[6px] sm:article-p-quark article-border-dark-high-500 article-rounded-md \"><a href=\"https:\/\/news.google.com\/publications\/CAAqBwgKMKqrkQswvPqlAw?ceid=BR:pt-419&amp;oc=3&amp;hl=pt-BR&amp;gl=BR\" rel=\"noreferrer nofollow noopener\" target=\"_blank\" title=\"Acesse o Google News\">Google News<\/a><\/li>\n<li class=\"article-size-sm sm:article-size-xs article-flex article-justify-center article-items-center article-border-solid article-border-hairline dark:article-border-[1px] dark:article-border-solid dark:article-border-neutral-high-400 dark:article-text-neutral-high-400 article-bg-article-social article-p-[6px] sm:article-p-quark article-border-dark-high-500 article-rounded-md \">Link de compartilhamento<\/li>\n<\/ul>\n<p><img decoding=\"async\" data-chromatic=\"ignore\" alt=\"\" class=\"c-image\" loading=\"lazy\" src=\"https:\/\/www.europesays.com\/pt\/wp-content\/uploads\/2025\/09\/4KKVVWXCYFGDDEAEYG7FBN22LY.png\"  width=\"677\" height=\"369\"\/>Adriane Galisteu comemora vit\u00f3ria do Palmeiras em clima de A Fazenda 17 Reprodu\u00e7\u00e3o\/Instagram <\/p>\n<p class=\"dark:base-text-neutral-high-400 base-text-[calc(theme(fontSize.xs)_*_var(--font-size,_1))] base-font-normal base-font-primary base-text-neutral-low-500 base-text-left\">A apresentadora de <a href=\"https:\/\/record.r7.com\/a-fazenda\/a-fazenda-17\/\" rel=\"nofollow noopener\" title=\"https:\/\/record.r7.com\/a-fazenda\/a-fazenda-17\/\" target=\"_blank\"><b>A Fazenda 17<\/b><\/a>, Adriane Galisteu \u00e9 torcedora roxa \u2013 ou melhor, verde \u2013 do Palmeiras, e nunca escondeu sua paix\u00e3o pelo time. O fanatismo foi herdado de sua av\u00f3, e o amor da fam\u00edlia pelo time era t\u00e3o grande, que o pai da apresentadora, com muito sacrif\u00edcio, comprou um t\u00edtulo do Palmeiras.<\/p>\n<p class=\"dark:base-text-neutral-high-400 base-text-[calc(theme(fontSize.xs)_*_var(--font-size,_1))] base-font-normal base-font-primary base-text-neutral-low-500 base-text-left\">Com a vit\u00f3ria de 3 a 1 do Palestra It\u00e1lia contra o time argentino River Plate, Adriane n\u00e3o perdeu a oportunidade de comemorar, mas daquele jeitinho que tem a cara de A Fazenda. <\/p>\n<p class=\"dark:base-text-neutral-high-400 base-text-[calc(theme(fontSize.xs)_*_var(--font-size,_1))] base-font-normal base-font-primary base-text-neutral-low-500 base-text-left\">Em cima de fogo no feno, de chap\u00e9u verde, cal\u00e7a verde e todos os acess\u00f3rios da mesma cor, a apresentadora escreveu: \u201cVerde t\u00e1 ON\u201d.<\/p>\n<p class=\"dark:base-text-neutral-high-400 base-text-[calc(theme(fontSize.xs)_*_var(--font-size,_1))] base-font-normal base-font-primary base-text-neutral-low-500 base-text-left\">Os palmeirenses que seguem Adriane despejaram emojis de cora\u00e7\u00e3o com a cor do time, e um deles percebeu um detalhe interessante no Ao Vivo: \u201cAgora entendi porque voc\u00ea estava toda de verde e branco hoje\u201d. Outra torcedora e f\u00e3, escreveu: \u201cHomenagem ao nosso Verd\u00e3o\u201d<\/p>\n<p class=\"dark:base-text-neutral-high-400 base-text-[calc(theme(fontSize.xs)_*_var(--font-size,_1))] base-font-normal base-font-primary base-text-neutral-low-500 base-text-left\">Fique ligado! <a href=\"https:\/\/record.r7.com\/a-fazenda\/a-fazenda-17\/\" rel=\"nofollow noopener\" title=\"https:\/\/record.r7.com\/a-fazenda\/a-fazenda-17\/\" target=\"_blank\"><b>A Fazenda 17<\/b><\/a> vai ao ar de segunda a domingo, \u00e0s 22h30, na tela da <a href=\"https:\/\/record.r7.com\/\" rel=\"nofollow noopener\" target=\"_blank\"><b>RECORD<\/b><\/a>. Assine o <a href=\"https:\/\/www.recordplus.com\/home\" rel=\"nofollow noopener\" title=\"https:\/\/www.recordplus.com\/home\" target=\"_blank\"><b>RecordPlus<\/b><\/a> e tenha acesso \u00e0s c\u00e2meras 24 horas.<\/p>\n<p><b>Veja tamb\u00e9m: confira detalhes da vit\u00f3ria de Dudu Camargo na Prova do Fazendeiro<\/b><\/p>\n<p class=\"dark:base-text-neutral-high-400 base-text-[calc(theme(fontSize.xxs)_*_var(--font-size,_1))] base-font-semibold base-font-primary base-text-neutral-low-500 base-text-left\">Tem novo mandachuva no cercado! Dudu Camargo venceu a segunda Prova do Fazendeiro da temporada e conquistou o chap\u00e9u mais cobi\u00e7ado de Itapecerica das Chamas. O apresentador mostrou racioc\u00ednio r\u00e1pido e agilidade nas respostas, mesmo come\u00e7ando atr\u00e1s, conseguiu reverter o placar. Veja os detalhes da disputa!<\/p>\n<ul class=\"article-flex article-items-center article-gap-nano sm:article-gap-quark\">\n<li class=\"article-size-sm sm:article-size-xs article-flex article-justify-center article-items-center article-border-solid article-border-hairline dark:article-border-[1px] dark:article-border-solid dark:article-border-neutral-high-400 dark:article-text-neutral-high-400 article-bg-article-social article-p-[6px] sm:article-p-quark article-border-dark-high-500 article-rounded-md \"><a href=\"https:\/\/news.google.com\/publications\/CAAqBwgKMKqrkQswvPqlAw?ceid=BR:pt-419&amp;oc=3&amp;hl=pt-BR&amp;gl=BR\" rel=\"noreferrer nofollow noopener\" target=\"_blank\" title=\"Acesse o Google News\">Google News<\/a><\/li>\n<li class=\"article-size-sm sm:article-size-xs article-flex article-justify-center article-items-center article-border-solid article-border-hairline dark:article-border-[1px] dark:article-border-solid dark:article-border-neutral-high-400 dark:article-text-neutral-high-400 article-bg-article-social article-p-[6px] sm:article-p-quark article-border-dark-high-500 article-rounded-md \">Facebook<\/li>\n<li class=\"article-size-sm sm:article-size-xs article-flex article-justify-center article-items-center article-border-solid article-border-hairline dark:article-border-[1px] dark:article-border-solid dark:article-border-neutral-high-400 dark:article-text-neutral-high-400 article-bg-article-social article-p-[6px] sm:article-p-quark article-border-dark-high-500 article-rounded-md \">X (Twitter)<\/li>\n<li class=\"article-size-sm sm:article-size-xs article-flex article-justify-center article-items-center article-border-solid article-border-hairline dark:article-border-[1px] dark:article-border-solid dark:article-border-neutral-high-400 dark:article-text-neutral-high-400 article-bg-article-social article-p-[6px] sm:article-p-quark article-border-dark-high-500 article-rounded-md \">WhatsApp<\/li>\n<li class=\"article-size-sm sm:article-size-xs article-flex article-justify-center article-items-center article-border-solid article-border-hairline dark:article-border-[1px] dark:article-border-solid dark:article-border-neutral-high-400 dark:article-text-neutral-high-400 article-bg-article-social article-p-[6px] sm:article-p-quark article-border-dark-high-500 article-rounded-md \">LinkedIn<\/li>\n<li class=\"article-size-sm sm:article-size-xs article-flex article-justify-center article-items-center article-border-solid article-border-hairline dark:article-border-[1px] dark:article-border-solid dark:article-border-neutral-high-400 dark:article-text-neutral-high-400 article-bg-article-social article-p-[6px] sm:article-p-quark article-border-dark-high-500 article-rounded-md \">Link de compartilhamento<\/li>\n<\/ul>\n","protected":false},"excerpt":{"rendered":"A apresentadora de A Fazenda 17 \u00e9 torcedora fan\u00e1tica do time desde crian\u00e7a e usou at\u00e9 figurino verde&hellip;\n","protected":false},"author":2,"featured_media":87098,"comment_status":"","ping_status":"","sticky":false,"template":"","format":"standard","meta":{"footnotes":""},"categories":[145],"tags":[657,3433,211,210,114,115,1621,32,33],"class_list":{"0":"post-87097","1":"post","2":"type-post","3":"status-publish","4":"format-standard","5":"has-post-thumbnail","7":"category-celebridades","8":"tag-a-fazenda","9":"tag-adriane-galisteu","10":"tag-celebridades","11":"tag-celebrities","12":"tag-entertainment","13":"tag-entretenimento","14":"tag-palmeiras","15":"tag-portugal","16":"tag-pt"},"share_on_mastodon":{"url":"","error":""},"_links":{"self":[{"href":"https:\/\/www.europesays.com\/pt\/wp-json\/wp\/v2\/posts\/87097","targetHints":{"allow":["GET"]}}],"collection":[{"href":"https:\/\/www.europesays.com\/pt\/wp-json\/wp\/v2\/posts"}],"about":[{"href":"https:\/\/www.europesays.com\/pt\/wp-json\/wp\/v2\/types\/post"}],"author":[{"embeddable":true,"href":"https:\/\/www.europesays.com\/pt\/wp-json\/wp\/v2\/users\/2"}],"replies":[{"embeddable":true,"href":"https:\/\/www.europesays.com\/pt\/wp-json\/wp\/v2\/comments?post=87097"}],"version-history":[{"count":0,"href":"https:\/\/www.europesays.com\/pt\/wp-json\/wp\/v2\/posts\/87097\/revisions"}],"wp:featuredmedia":[{"embeddable":true,"href":"https:\/\/www.europesays.com\/pt\/wp-json\/wp\/v2\/media\/87098"}],"wp:attachment":[{"href":"https:\/\/www.europesays.com\/pt\/wp-json\/wp\/v2\/media?parent=87097"}],"wp:term":[{"taxonomy":"category","embeddable":true,"href":"https:\/\/www.europesays.com\/pt\/wp-json\/wp\/v2\/categories?post=87097"},{"taxonomy":"post_tag","embeddable":true,"href":"https:\/\/www.europesays.com\/pt\/wp-json\/wp\/v2\/tags?post=87097"}],"curies":[{"name":"wp","href":"https:\/\/api.w.org\/{rel}","templated":true}]}}