{"id":87099,"date":"2025-09-26T05:18:15","date_gmt":"2025-09-26T05:18:15","guid":{"rendered":"https:\/\/www.europesays.com\/pt\/87099\/"},"modified":"2025-09-26T05:18:15","modified_gmt":"2025-09-26T05:18:15","slug":"o-que-foi-mais-dificil-de-gerir-apos-sair-do-big-brother-kina-nao-deixa-nada-por-dizer","status":"publish","type":"post","link":"https:\/\/www.europesays.com\/pt\/87099\/","title":{"rendered":"O que foi mais dif\u00edcil de gerir ap\u00f3s sair do &#8220;Big Brother&#8221;? Kina n\u00e3o deixa nada por dizer!"},"content":{"rendered":"<p><a href=\"https:\/\/selfie.iol.pt\/famosos\/big-brother-verao\/decote-profundo-e-abertura-lateral-kina-protagoniza-sessao-com-vestido-ousado\/20250905\/68bb11aad34ef72ee44a34d2\" target=\"_blank\" rel=\"nofollow noopener\">Kina<\/a> regressou \u00e0s luzes da ribalta durante a participa\u00e7\u00e3o no &#8220;Big Brother Ver\u00e3o&#8221;. Durante a participa\u00e7\u00e3o no reality show da TVI, a estilista afirmou: &#8220;Fizeram bullying comigo. Menosprezavam a minha beleza. Vulgarizavam o meu trabalho.&#8221;<\/p>\n<p>Questionada pela SELFIE sobre o que foi mais dif\u00edcil de gerir ap\u00f3s sair do &#8220;Big Brother&#8221;, Kina come\u00e7ou afirmar: &#8220;Foram muitas coisas, muitas coisas&#8230;&#8221;<\/p>\n<p>De seguida, a estilista relatou: &#8220;O meu marido que me queria contar tudo em uma hora, os meus filhos que me queriam falar tudo e eu n\u00e3o conseguia absorver tudo &#8211; o bom, o negativo. Enfim, foi dif\u00edcil, para mim, e no dia a seguir tinha que estar na televis\u00e3o. Eu n\u00e3o entendia nada do que eles me queriam dizer, era tudo muito para mim e, depois, tamb\u00e9m, os pap\u00f5es que apareceram vinte e tal anos depois na minha vida&#8230; Nunca ningu\u00e9m se lembrou de dizer nada de mim e, de repente, eu estou famosa outra vez e aparece a Inquisi\u00e7\u00e3o. Portanto, o aparecimento da Inquisi\u00e7\u00e3o foi uma das coisas muito dif\u00edceis de digerir para mim, de digerir j\u00e1 disse!&#8221;.<\/p>\n<p>Contudo, <a href=\"https:\/\/selfie.iol.pt\/famosos\/kina\/kina-tentaram-ridicularizar-a-minha-idade-tentaram-humilhar-me-de-todas-as-maneiras\/20250916\/68c98235d34ee0c2fed02a63\" target=\"_blank\" rel=\"nofollow noopener\">Kina<\/a> n\u00e3o se arrepende em nada de ter participado no reality show da TVI: &#8220;O desafio em si, uma experi\u00eancia brutal que s\u00f3 me ia acrescentar e pagavam-me para isso e tudo bem.&#8221;<\/p>\n<p>Por\u00e9m, Kina n\u00e3o esquece os momentos dif\u00edceis que viveu dentro da casa: &#8220;O mais dif\u00edcil foram os ataques, todos os ataques da Catarina [Miranda], todos eles, e do Afonso [Leit\u00e3o], porque dos demais eu s\u00f3 tive carinho, nunca ningu\u00e9m me atacou.&#8221;<\/p>\n<p>&#8220;Para mim, a experi\u00eancia do &#8216;Big Brother&#8217; significou um desafio, fazer algo que nunca tinha feito. Sou uma mulher que, sempre digo, gosta de saber fazer tudo, gosta de viver tudo. Viajei por quase todo o mundo e nunca tinha feito nenhum &#8216;Big Brother&#8217;! Foi a primeira vez, mas j\u00e1 posso dizer que tamb\u00e9m entrei no reality&#8221;, rematou Kina.\u00a0<\/p>\n","protected":false},"excerpt":{"rendered":"Kina regressou \u00e0s luzes da ribalta durante a participa\u00e7\u00e3o no &#8220;Big Brother Ver\u00e3o&#8221;. Durante a participa\u00e7\u00e3o no reality&hellip;\n","protected":false},"author":2,"featured_media":87100,"comment_status":"","ping_status":"","sticky":false,"template":"","format":"standard","meta":{"footnotes":""},"categories":[142],"tags":[48,114,115,741,4763,980,672,619,32,33,1014,1012,151],"class_list":{"0":"post-87099","1":"post","2":"type-post","3":"status-publish","4":"format-standard","5":"has-post-thumbnail","7":"category-tv","8":"tag-big-brother","9":"tag-entertainment","10":"tag-entretenimento","11":"tag-entrevista","12":"tag-exclusivo","13":"tag-famosos","14":"tag-kina","15":"tag-nacional","16":"tag-portugal","17":"tag-pt","18":"tag-reality-show","19":"tag-selfie","20":"tag-tv"},"share_on_mastodon":{"url":"","error":""},"_links":{"self":[{"href":"https:\/\/www.europesays.com\/pt\/wp-json\/wp\/v2\/posts\/87099","targetHints":{"allow":["GET"]}}],"collection":[{"href":"https:\/\/www.europesays.com\/pt\/wp-json\/wp\/v2\/posts"}],"about":[{"href":"https:\/\/www.europesays.com\/pt\/wp-json\/wp\/v2\/types\/post"}],"author":[{"embeddable":true,"href":"https:\/\/www.europesays.com\/pt\/wp-json\/wp\/v2\/users\/2"}],"replies":[{"embeddable":true,"href":"https:\/\/www.europesays.com\/pt\/wp-json\/wp\/v2\/comments?post=87099"}],"version-history":[{"count":0,"href":"https:\/\/www.europesays.com\/pt\/wp-json\/wp\/v2\/posts\/87099\/revisions"}],"wp:featuredmedia":[{"embeddable":true,"href":"https:\/\/www.europesays.com\/pt\/wp-json\/wp\/v2\/media\/87100"}],"wp:attachment":[{"href":"https:\/\/www.europesays.com\/pt\/wp-json\/wp\/v2\/media?parent=87099"}],"wp:term":[{"taxonomy":"category","embeddable":true,"href":"https:\/\/www.europesays.com\/pt\/wp-json\/wp\/v2\/categories?post=87099"},{"taxonomy":"post_tag","embeddable":true,"href":"https:\/\/www.europesays.com\/pt\/wp-json\/wp\/v2\/tags?post=87099"}],"curies":[{"name":"wp","href":"https:\/\/api.w.org\/{rel}","templated":true}]}}