{"id":87132,"date":"2025-09-26T06:22:21","date_gmt":"2025-09-26T06:22:21","guid":{"rendered":"https:\/\/www.europesays.com\/pt\/87132\/"},"modified":"2025-09-26T06:22:21","modified_gmt":"2025-09-26T06:22:21","slug":"jubileu-dos-catequistas-que-fala-portugues-com-delegacao-do-brasil-e-portugal","status":"publish","type":"post","link":"https:\/\/www.europesays.com\/pt\/87132\/","title":{"rendered":"Jubileu dos Catequistas que fala portugu\u00eas, com delega\u00e7\u00e3o do Brasil e Portugal"},"content":{"rendered":"<p>A programa\u00e7\u00e3o oficial do Jubileu dos Catequistas come\u00e7a nesta sexta-feira (26\/09) mas a maioria dos participantes j\u00e1 se encontra na capital italiana: do Brasil vieram 228 pessoas e de Portugal 40. Ser\u00e3o tr\u00eas dias intensos de atividades, inclusive com dois encontros com o Papa Le\u00e3o XIV e transmiss\u00e3o ao vivo, com coment\u00e1rios em portugu\u00eas, pelos canais do Vatican News.<\/p>\n<p>\n   Ou\u00e7a a reportagem e compartilhe\n  <\/p>\n<p><b>Andressa Collet &#8211; Vatican News<\/b><\/p>\n<p>Estamos concluindo o nono m\u00eas de Ano Santo com mais um jubileu tem\u00e1tico, aquele dirigido aos <a href=\"https:\/\/www.iubilaeum2025.va\/pt\/pellegrinaggio\/calendario-giubileo\/GrandiEventi\/Giubileo-dei-Catechisti.html\" target=\"_blank\" rel=\"external nofollow noopener\">catequistas, formadores espirituais e familiares<\/a>: de 26 a 28 de setembro eles estar\u00e3o reunidos em Roma para tr\u00eas dias intensos de atividades. Al\u00e9m da peregrina\u00e7\u00e3o e passagem pela Porta Santa, est\u00e3o previstos dois encontros com o Papa Le\u00e3o XIV, com transmiss\u00e3o ao vivo dos canais do Vatican News e coment\u00e1rios em portugu\u00eas: no s\u00e1bado (27\/09) durante audi\u00eancia jubilar e no domingo (28\/09) quando o Pont\u00edfice ir\u00e1 presidir a missa com institui\u00e7\u00e3o de 39 novos catequistas, entre eles, dois brasileiros e duas portuguesas. Ambas celebra\u00e7\u00f5es come\u00e7am \u00e0s 10h do hor\u00e1rio local, 5h do Hor\u00e1rio de Bras\u00edlia.<\/p>\n<p>A delega\u00e7\u00e3o de 228 brasileiros em Roma <\/p>\n<p>A\u00a0Comiss\u00e3o para a Anima\u00e7\u00e3o B\u00edblico Catequ\u00e9tica da Confer\u00eancia Nacional dos Bispos do Brasil (CNBB) divulgou que estar\u00e3o presentes 228 catequistas, considerando todos os grupos confirmados at\u00e9 o momento. Entre eles, o Pe. Marcos Roberto Foga\u00e7a Medeiros, coordenador regional da catequese pelo regional Sul 4 da CNBB, da diocese de Joa\u00e7aba\/SC. Com 20 anos de sacerd\u00f3cio e 32 como catequista, ele comenta que &#8220;\u00e9 sempre uma gra\u00e7a voltar \u00e0 Roma, ao cora\u00e7\u00e3o da Igreja e do ponto vis\u00edvel de comunh\u00e3o&#8221;:<\/p>\n<p>&#8220;Eu retorno para a nossa diocese com a esperan\u00e7a renovada, levando de volta aquela esperan\u00e7a que os nossos catequistas e as nossas fam\u00edlias e as nossas for\u00e7as vivas das comunidades tanto precisam. Para mim \u00e9 um privil\u00e9gio poder estar aqui e renovar a minha f\u00e9 e a comunh\u00e3o com o Sucessor de Pedro e, principalmente, voltar levando a certeza de que \u00e9 pela caminho da comunh\u00e3o, da sinodalidade, da participa\u00e7\u00e3o e do caminhar juntos que estaremos vivendo sempre e cada vez mais o Evangelho.&#8221;<\/p>\n<p>    <img decoding=\"async\" src=\"data:image\/gif;base64,R0lGODlhAQABAIAAAAAAAP\/\/\/yH5BAEAAAAALAAAAAABAAEAAAIBRAA7\" data-original=\"https:\/\/www.vaticannews.va\/content\/dam\/vaticannews\/multimedia\/2025\/settembre\/25\/catequistas---Brasil---Jubileu---2025-8.jpg\/_jcr_content\/renditions\/cq5dam.thumbnail.cropped.750.422.jpeg\" alt=\"O Pe. Marcos Roberto Foga\u00e7a Medeiros da diocese de Joa\u00e7aba\/SC\" title=\"O Pe. Marcos Roberto Foga\u00e7a Medeiros da diocese de Joa\u00e7aba\/SC\"\/><\/p>\n<p>\n   O Pe. Marcos Roberto Foga\u00e7a Medeiros da diocese de Joa\u00e7aba\/SC\n  <\/p>\n<p>O Pe. Tiago Borges da Silva, assessor diocesano da Comiss\u00e3o B\u00edblico Catequ\u00e9tica da diocese de S\u00e3o Jo\u00e3o da Boa Vista\/SP, tamb\u00e9m j\u00e1 est\u00e1 em Roma para o jubileu tem\u00e1tico do final de semana:<\/p>\n<p>&#8220;Representamos um n\u00famero de cerca de 1500 catequistas e queremos receber gra\u00e7as de Deus para poder transbordar isso nos cora\u00e7\u00f5es dos catequistas da nossa diocese. E vamos poder espalhar para os quatro cantos do nosso pa\u00eds a chama da esperan\u00e7a aqui reacendida, no encontro com o Santo Padre e com catequistas do mundo inteiro. \u00c9 uma experi\u00eancia muito enriquecedora com tantas culturas e povos reunidos em torno do Evangelho.&#8221;<\/p>\n<p>    <img decoding=\"async\" src=\"data:image\/gif;base64,R0lGODlhAQABAIAAAAAAAP\/\/\/yH5BAEAAAAALAAAAAABAAEAAAIBRAA7\" data-original=\"https:\/\/www.vaticannews.va\/content\/dam\/vaticannews\/multimedia\/2025\/settembre\/25\/catequistas---Brasil---Jubileu.jpg\/_jcr_content\/renditions\/cq5dam.thumbnail.cropped.750.422.jpeg\" alt=\"O Pe. Tiago Borges da Silva da diocese de S\u00e3o Jo\u00e3o da Boa Vista\/SP\" title=\"O Pe. Tiago Borges da Silva da diocese de S\u00e3o Jo\u00e3o da Boa Vista\/SP\"\/><\/p>\n<p>\n   O Pe. Tiago Borges da Silva da diocese de S\u00e3o Jo\u00e3o da Boa Vista\/SP\n  <\/p>\n<p>O\u00a0Padre Wagner Francisco de Sousa Carvalho, assessor nacional da Comiss\u00e3o B\u00edblico Catequ\u00e9tica da CNBB, tamb\u00e9m j\u00e1 est\u00e1 na capital italiana liderando uma delega\u00e7\u00e3o de 120 pessoas que representa tr\u00eas grupos provenientes de quase todos os estados do Brasil:<\/p>\n<p>&#8220;A participa\u00e7\u00e3o expressiva dos catequistas do Brasil demonstra o que de fato a Igreja \u00e9: viver em comunh\u00e3o. E por isso n\u00f3s nos enchemos de esperan\u00e7a em observar a ades\u00e3o, tanto por parte da Comiss\u00e3o B\u00edblico Catequ\u00e9tica da CNBB, quanto por tantas caravanas organizadas pelos sacerdotes que sabemos que vir\u00e3o.&#8221;<\/p>\n<p>    <img decoding=\"async\" src=\"data:image\/gif;base64,R0lGODlhAQABAIAAAAAAAP\/\/\/yH5BAEAAAAALAAAAAABAAEAAAIBRAA7\" data-original=\"https:\/\/www.vaticannews.va\/content\/dam\/vaticannews\/multimedia\/2025\/settembre\/25\/catequistas.jpg\/_jcr_content\/renditions\/cq5dam.thumbnail.cropped.750.422.jpeg\" alt=\"O Pe. Wagner Francisco de Sousa Carvalho que est\u00e1 liderando a delega\u00e7\u00e3o de catequistas da CNBB\" title=\"O Pe. Wagner Francisco de Sousa Carvalho que est\u00e1 liderando a delega\u00e7\u00e3o de catequistas da CNBB\"\/><\/p>\n<p>\n   O Pe. Wagner Francisco de Sousa Carvalho que est\u00e1 liderando a delega\u00e7\u00e3o de catequistas da CNBB\n  <\/p>\n<p>     <a href=\"https:\/\/www.vaticannews.va\/pt\/igreja\/news\/2025-09\/jubileu-dos-catequistas-agentes-lusofonos-26-a-28-setembro-25.html\" title=\"Jubileu dos Catequistas re\u00fane representantes de l\u00edngua portuguesa em Roma\" rel=\"nofollow noopener\" target=\"_blank\"><\/p>\n<p>        <img decoding=\"async\" src=\"data:image\/gif;base64,R0lGODlhAQABAIAAAAAAAP\/\/\/yH5BAEAAAAALAAAAAABAAEAAAIBRAA7\" data-original=\"https:\/\/www.vaticannews.va\/content\/dam\/vaticannews\/multimedia\/2025\/settembre\/16\/19.jpg\/_jcr_content\/renditions\/cq5dam.thumbnail.cropped.500.281.jpeg\" alt=\"Jubileu dos Catequistas re\u00fane representantes de l\u00edngua portuguesa em Roma\"\/><\/p>\n<p>      <\/a><\/p>\n<p>\n      No dia 27 de setembro, a partir do meio-dia do hor\u00e1rio local, todos os catequistas da lusofonia poder\u00e3o se encontrar para celebrar a eucaristia na Igreja de Santo Ant\u00f3nio dos &#8230;\n     <\/p>\n<p>O encontro de catequistas que falam portugu\u00eas <\/p>\n<p>No s\u00e1bado (27\/09)\u00a0a partir do meio-dia do hor\u00e1rio local, esses catequistas provenientes do Brasil poder\u00e3o se encontrar com o grande grupo da lusofonia para celebrar a eucaristia na Igreja de Santo Ant\u00f3nio dos Portugueses, em Roma. \u201cEstamos certos de que seremos em muitos catequistas falando portugu\u00eas \u201d, explica Ir. Arminda Faustino, respons\u00e1vel pelo Departamento de Catequese no Secretariado Nacional da Educa\u00e7\u00e3o Crist\u00e3 (SNEC), que faz parte da delega\u00e7\u00e3o de 40 respons\u00e1veis diocesanos pela catequese de Portugal que estar\u00e3o em Roma. Est\u00e3o sendo convidados todos os representantes de Portugal, Brasil, Angola, Guin\u00e9, Mo\u00e7ambique, S\u00e3o Tom\u00e9 e Pr\u00edncipe, Cabo Verde e Timor-Leste que estar\u00e3o em Roma para o Jubileu dos Catequistas.<\/p>\n<p>    <img decoding=\"async\" src=\"data:image\/gif;base64,R0lGODlhAQABAIAAAAAAAP\/\/\/yH5BAEAAAAALAAAAAABAAEAAAIBRAA7\" data-original=\"https:\/\/www.vaticannews.va\/content\/dam\/vaticannews\/multimedia\/2025\/settembre\/25\/catequistas---Brasil---Jubileu---2025-4.jpg\/_jcr_content\/renditions\/cq5dam.thumbnail.cropped.750.422.jpeg\" alt=\"O grupo de brasileiros que j\u00e1 est\u00e1 em Roma\" title=\"O grupo de brasileiros que j\u00e1 est\u00e1 em Roma\"\/><\/p>\n<p>\n   O grupo de brasileiros que j\u00e1 est\u00e1 em Roma\n  <\/p>\n","protected":false},"excerpt":{"rendered":"A programa\u00e7\u00e3o oficial do Jubileu dos Catequistas come\u00e7a nesta sexta-feira (26\/09) mas a maioria dos participantes j\u00e1 se&hellip;\n","protected":false},"author":2,"featured_media":87133,"comment_status":"","ping_status":"","sticky":false,"template":"","format":"standard","meta":{"footnotes":""},"categories":[50],"tags":[1330,726,27,28,3993,15,16,14,3992,25,26,21,22,62,12,13,19,20,32,23,24,17,18,29,30,31,63,64,65],"class_list":{"0":"post-87132","1":"post","2":"type-post","3":"status-publish","4":"format-standard","5":"has-post-thumbnail","7":"category-mundo","8":"tag-jubileu2025","9":"tag-brasil","10":"tag-breaking-news","11":"tag-breakingnews","12":"tag-catequese","13":"tag-featured-news","14":"tag-featurednews","15":"tag-headlines","16":"tag-jubileu","17":"tag-latest-news","18":"tag-latestnews","19":"tag-main-news","20":"tag-mainnews","21":"tag-mundo","22":"tag-news","23":"tag-noticias","24":"tag-noticias-principais","25":"tag-noticiasprincipais","26":"tag-portugal","27":"tag-principais-noticias","28":"tag-principaisnoticias","29":"tag-top-stories","30":"tag-topstories","31":"tag-ultimas","32":"tag-ultimas-noticias","33":"tag-ultimasnoticias","34":"tag-world","35":"tag-world-news","36":"tag-worldnews"},"share_on_mastodon":{"url":"","error":""},"_links":{"self":[{"href":"https:\/\/www.europesays.com\/pt\/wp-json\/wp\/v2\/posts\/87132","targetHints":{"allow":["GET"]}}],"collection":[{"href":"https:\/\/www.europesays.com\/pt\/wp-json\/wp\/v2\/posts"}],"about":[{"href":"https:\/\/www.europesays.com\/pt\/wp-json\/wp\/v2\/types\/post"}],"author":[{"embeddable":true,"href":"https:\/\/www.europesays.com\/pt\/wp-json\/wp\/v2\/users\/2"}],"replies":[{"embeddable":true,"href":"https:\/\/www.europesays.com\/pt\/wp-json\/wp\/v2\/comments?post=87132"}],"version-history":[{"count":0,"href":"https:\/\/www.europesays.com\/pt\/wp-json\/wp\/v2\/posts\/87132\/revisions"}],"wp:featuredmedia":[{"embeddable":true,"href":"https:\/\/www.europesays.com\/pt\/wp-json\/wp\/v2\/media\/87133"}],"wp:attachment":[{"href":"https:\/\/www.europesays.com\/pt\/wp-json\/wp\/v2\/media?parent=87132"}],"wp:term":[{"taxonomy":"category","embeddable":true,"href":"https:\/\/www.europesays.com\/pt\/wp-json\/wp\/v2\/categories?post=87132"},{"taxonomy":"post_tag","embeddable":true,"href":"https:\/\/www.europesays.com\/pt\/wp-json\/wp\/v2\/tags?post=87132"}],"curies":[{"name":"wp","href":"https:\/\/api.w.org\/{rel}","templated":true}]}}