{"id":87213,"date":"2025-09-26T08:18:04","date_gmt":"2025-09-26T08:18:04","guid":{"rendered":"https:\/\/www.europesays.com\/pt\/87213\/"},"modified":"2025-09-26T08:18:04","modified_gmt":"2025-09-26T08:18:04","slug":"voucher-para-trocar-fogao-e-esquentador-tem-de-ser-usado-numa-so-compra","status":"publish","type":"post","link":"https:\/\/www.europesays.com\/pt\/87213\/","title":{"rendered":"Voucher para trocar fog\u00e3o e esquentador tem de ser usado numa s\u00f3 compra"},"content":{"rendered":"<p>O Governo justifica este desenho do programa com quest\u00f5es log\u00edsticas, de transporte, bem como instala\u00e7\u00e3o certificada dos equipamentos. A multiplica\u00e7\u00e3o destes servi\u00e7os, segundo o gabinete tutelado por Maria da Gra\u00e7a Carvalho, representaria &#8220;custos incomport\u00e1veis&#8221; e implicaria a redu\u00e7\u00e3o do n\u00famero de pessoas a beneficiar do apoio. Assim, o voucher E-Lar pode ser utilizado uma vez, num prazo de 60 dias.<\/p>\n<p data-remotead-prev-elm=\"true\" data-remotead-elm-id=\"inread\">A Deco Proteste alertou que a utiliza\u00e7\u00e3o \u00fanica do vale &#8220;limita a liberdade de escolha&#8221; dos consumidores. A solu\u00e7\u00e3o tamb\u00e9m n\u00e3o \u00e9 a ideal para a Associa\u00e7\u00e3o Portuguesa da Ind\u00fastria Eletrodigital (AGEFE), que sugeriu o refor\u00e7o da comunica\u00e7\u00e3o para &#8220;o consumidor fazer escolhas informadas antes de tomar decis\u00f5es&#8221;. &#8220;O \u00f3bvio seria um voucher por equipamento, porque aumentava a possibilidade de escolha&#8221;, referiu Daniel Ribeiro, diretor-geral da AGEFE.<\/p>\n<p>Acesso exclusivo a assinantes<\/p>\n<p>Acesso ilimitado a conte\u00fados exclusivos<\/p>\n<p>Navega\u00e7\u00e3o sem publicidade intrusiva<\/p>\n<p>Vers\u00e3o digital do jornal, suplementos e revistas<\/p>\n","protected":false},"excerpt":{"rendered":"O Governo justifica este desenho do programa com quest\u00f5es log\u00edsticas, de transporte, bem como instala\u00e7\u00e3o certificada dos equipamentos.&hellip;\n","protected":false},"author":2,"featured_media":87214,"comment_status":"","ping_status":"","sticky":false,"template":"","format":"standard","meta":{"footnotes":""},"categories":[83],"tags":[88,89,8224,90,21999,619,32,33],"class_list":{"0":"post-87213","1":"post","2":"type-post","3":"status-publish","4":"format-standard","5":"has-post-thumbnail","7":"category-empresas","8":"tag-business","9":"tag-economy","10":"tag-eletrodomesticos","11":"tag-empresas","12":"tag-fundo-ambiental","13":"tag-nacional","14":"tag-portugal","15":"tag-pt"},"share_on_mastodon":{"url":"","error":""},"_links":{"self":[{"href":"https:\/\/www.europesays.com\/pt\/wp-json\/wp\/v2\/posts\/87213","targetHints":{"allow":["GET"]}}],"collection":[{"href":"https:\/\/www.europesays.com\/pt\/wp-json\/wp\/v2\/posts"}],"about":[{"href":"https:\/\/www.europesays.com\/pt\/wp-json\/wp\/v2\/types\/post"}],"author":[{"embeddable":true,"href":"https:\/\/www.europesays.com\/pt\/wp-json\/wp\/v2\/users\/2"}],"replies":[{"embeddable":true,"href":"https:\/\/www.europesays.com\/pt\/wp-json\/wp\/v2\/comments?post=87213"}],"version-history":[{"count":0,"href":"https:\/\/www.europesays.com\/pt\/wp-json\/wp\/v2\/posts\/87213\/revisions"}],"wp:featuredmedia":[{"embeddable":true,"href":"https:\/\/www.europesays.com\/pt\/wp-json\/wp\/v2\/media\/87214"}],"wp:attachment":[{"href":"https:\/\/www.europesays.com\/pt\/wp-json\/wp\/v2\/media?parent=87213"}],"wp:term":[{"taxonomy":"category","embeddable":true,"href":"https:\/\/www.europesays.com\/pt\/wp-json\/wp\/v2\/categories?post=87213"},{"taxonomy":"post_tag","embeddable":true,"href":"https:\/\/www.europesays.com\/pt\/wp-json\/wp\/v2\/tags?post=87213"}],"curies":[{"name":"wp","href":"https:\/\/api.w.org\/{rel}","templated":true}]}}