{"id":87218,"date":"2025-09-26T08:22:32","date_gmt":"2025-09-26T08:22:32","guid":{"rendered":"https:\/\/www.europesays.com\/pt\/87218\/"},"modified":"2025-09-26T08:22:32","modified_gmt":"2025-09-26T08:22:32","slug":"sbt-tv-angelica-se-declara-a-filha-cacula-sorte-maior-da-minha-vida","status":"publish","type":"post","link":"https:\/\/www.europesays.com\/pt\/87218\/","title":{"rendered":"SBT TV | Ang\u00e9lica se declara \u00e0 filha ca\u00e7ula: \\&#8221;Sorte maior da minha vida\\&#8221;"},"content":{"rendered":"<p><strong>Ang\u00e9lica<\/strong> compartilhou em suas redes sociais uma sequ\u00eancia de fotos de<strong> Eva<\/strong>, sua filha ca\u00e7ula com <strong>Luciano Huck<\/strong>, em homenagem ao seu anivers\u00e1rio. A garota completa 13 anos hoje (25\/09), uma data que tamb\u00e9m \u00e9 considerada o n\u00famero da sorte da apresentadora.<\/p>\n<p>&#8220;13 anos. A adolesc\u00eancia, esse portal cheio de descobertas, aprendizados e sonhos. O 13 sempre foi o meu n\u00famero da sorte e como n\u00e3o acreditar ainda mais nisso, se justamente agora ele se une \u00e0 sorte maior da minha vida: voc\u00ea. Ter voc\u00ea como minha filha \u00e9 o maior presente que o universo poderia me dar. Sorte a minha por ter sido escolhida para ser sua m\u00e3e, para caminhar ao seu lado, para aprender e crescer junto com voc\u00ea,&#8221; escreveu Ang\u00e9lica na postagem.<\/p>\n<p><strong><a href=\"https:\/\/www.sbt.com.br\/jornalismo\/fofocalizando\/noticia\/284830-bruna-marquezine-se-hospeda-em-hotel-na-italia-com-diarias-de-quase-r-30-mil\" target=\"_blank\" title=\"Bruna Marquezine se hospeda em hotel na It\u00e1lia com di\u00e1rias de quase R$ 30 mil\" class=\"link_sbttv\" rel=\"nofollow noopener\">+ Bruna Marquezine se hospeda em hotel na It\u00e1lia com di\u00e1rias de quase R$ 30 mil<\/a><\/strong><\/p>\n<p class=\"related-link\"><strong><a href=\"https:\/\/www.sbt.com.br\/jornalismo\/fofocalizando\/noticia\/284831-isabelle-nogueira-exalta-rio-no-amazonas-e-fas-se-encantam\" target=\"_blank\" title=\"Isabelle Nogueira exalta rio no Amazonas e f\u00e3s se encantam\" class=\"link_sbttv\" rel=\"nofollow noopener\">+ Isabelle Nogueira exalta rio no Amazonas e f\u00e3s se encantam<\/a><\/strong><\/p>\n<p class=\"related-link\"><strong><a href=\"https:\/\/www.sbt.com.br\/jornalismo\/fofocalizando\/noticia\/284828-leo-santana-e-lore-improta-celebram-os-4-anos-da-filha-liz-com-festao\" target=\"_blank\" title=\"L\u00e9o Santana e Lore Improta celebram os 4 anos da filha Liz com fest\u00e3o\" class=\"link_sbttv\" rel=\"nofollow noopener\">+ L\u00e9o Santana e Lore Improta celebram os 4 anos da filha Liz com fest\u00e3o<\/a><\/strong><\/p>\n<p>Ao final, a apresentadora agradeceu pela vida da filha e sua personalidade: &#8220;Obrigada, minha menina, minha bailarina, por ser luz, por ser ess\u00eancia, por me ensinar tanto com sua presen\u00e7a. Hoje e sempre, celebro voc\u00ea, com amor, orgulho e gratid\u00e3o infinitos. Feliz 13 anos!&#8221;<\/p>\n<blockquote class=\"instagram-media\" data-instgrm-captioned=\"\" data-instgrm-permalink=\"https:\/\/www.instagram.com\/p\/DPBzl4XDpLx\/?utm_source=ig_embed&amp;utm_campaign=loading\" data-instgrm-version=\"14\"\/><p><script async src=\"\/\/www.instagram.com\/embed.js\"><\/script><\/p>\n","protected":false},"excerpt":{"rendered":"Ang\u00e9lica compartilhou em suas redes sociais uma sequ\u00eancia de fotos de Eva, sua filha ca\u00e7ula com Luciano Huck,&hellip;\n","protected":false},"author":2,"featured_media":87219,"comment_status":"","ping_status":"","sticky":false,"template":"","format":"standard","meta":{"footnotes":""},"categories":[145],"tags":[13885,22000,211,210,10151,114,115,722,980,1870,972,6623,4966,5657,32,33,936],"class_list":{"0":"post-87218","1":"post","2":"type-post","3":"status-publish","4":"format-standard","5":"has-post-thumbnail","7":"category-celebridades","8":"tag-angelica","9":"tag-aniversarios","10":"tag-celebridades","11":"tag-celebrities","12":"tag-declaracoes","13":"tag-entertainment","14":"tag-entretenimento","15":"tag-eva","16":"tag-famosos","17":"tag-filhos","18":"tag-fofocalizando","19":"tag-homenagens","20":"tag-huck","21":"tag-luciano","22":"tag-portugal","23":"tag-pt","24":"tag-sbt"},"share_on_mastodon":{"url":"","error":""},"_links":{"self":[{"href":"https:\/\/www.europesays.com\/pt\/wp-json\/wp\/v2\/posts\/87218","targetHints":{"allow":["GET"]}}],"collection":[{"href":"https:\/\/www.europesays.com\/pt\/wp-json\/wp\/v2\/posts"}],"about":[{"href":"https:\/\/www.europesays.com\/pt\/wp-json\/wp\/v2\/types\/post"}],"author":[{"embeddable":true,"href":"https:\/\/www.europesays.com\/pt\/wp-json\/wp\/v2\/users\/2"}],"replies":[{"embeddable":true,"href":"https:\/\/www.europesays.com\/pt\/wp-json\/wp\/v2\/comments?post=87218"}],"version-history":[{"count":0,"href":"https:\/\/www.europesays.com\/pt\/wp-json\/wp\/v2\/posts\/87218\/revisions"}],"wp:featuredmedia":[{"embeddable":true,"href":"https:\/\/www.europesays.com\/pt\/wp-json\/wp\/v2\/media\/87219"}],"wp:attachment":[{"href":"https:\/\/www.europesays.com\/pt\/wp-json\/wp\/v2\/media?parent=87218"}],"wp:term":[{"taxonomy":"category","embeddable":true,"href":"https:\/\/www.europesays.com\/pt\/wp-json\/wp\/v2\/categories?post=87218"},{"taxonomy":"post_tag","embeddable":true,"href":"https:\/\/www.europesays.com\/pt\/wp-json\/wp\/v2\/tags?post=87218"}],"curies":[{"name":"wp","href":"https:\/\/api.w.org\/{rel}","templated":true}]}}