{"id":87230,"date":"2025-09-26T08:35:16","date_gmt":"2025-09-26T08:35:16","guid":{"rendered":"https:\/\/www.europesays.com\/pt\/87230\/"},"modified":"2025-09-26T08:35:16","modified_gmt":"2025-09-26T08:35:16","slug":"mourinho-e-gay-fc-porto-multado-por-insultos-dos-adeptos","status":"publish","type":"post","link":"https:\/\/www.europesays.com\/pt\/87230\/","title":{"rendered":"\u00abMourinho \u00e9 gay\u00bb: FC Porto multado por insultos dos adeptos"},"content":{"rendered":"<p style=\"margin-bottom:11px\">A sexta jornada da Liga valeu dezenas de milhares de euros em multas. A lista divulgada esta quinta-feira pelo Conselho de Disciplina da FPF visa em particular o Sporting, obrigado a pagar mais de 16.700 mil euros. Na rece\u00e7\u00e3o ao Moreirense, na segunda-feira, os adeptos leoninos utilizaram pirotecnia, o que explica a fatia superior a oito mil euros.<\/p>\n<p>A segunda maior despesa, acima dos 6300 euros, prende-se com a entrada dos engenhos pirot\u00e9cnicos no est\u00e1dio, assim como a entrada de uma tarja com dimens\u00e3o superior \u00e0 permitida. Uma das tarjas indicava \u00abWe Are Back\u00bb, assinalando o regresso a Alvalade de elementos envolvidos no ataque \u00e0 academia de Alcochete em 2018.<\/p>\n<p>Por \u00faltimo, o Conselho de Disciplina da FPF multou o Sporting em 944 euros por insultos ao Moreirense e em 1122 euros pelo atraso de tr\u00eas minutos ao intervalo.<\/p>\n<p>Ora, tamb\u00e9m o FC Porto foi sancionado por este organismo, num total de 4312 euros. A maior fatia, de 3190 euros, prende-se com c\u00e2nticos insultuosos entoados durante o jogo em Vila do Conde, visando Jos\u00e9 Mourinho:\u00a0\u00abMourinho \u00e9 gay, \u00e9 paneleiro\u00bb. Em simult\u00e2neo, os drag\u00f5es v\u00e3o pagar 1122 euros por uma tarja que insinuava favorecimento da Liga ao Benfica, al\u00e9m de c\u00e2nticos insultuosos para com o emblema da Luz.<\/p>\n<p>Quanto \u00e0s \u00e1guias, a visita ao AVS valeu quase cinco mil euros em multas. O Conselho de Disciplina da FPF voltou a punir o Benfica pelo uso de pirotecnia na bancada (3190 euros). J\u00e1 a outra multa, de 1910 euros, prende-se com a invas\u00e3o da \u00ab\u00e1rea do espet\u00e1culo desportivo\u00bb por parte de um adepto aos 90+4 minutos.<\/p>\n<p>No d\u00e9rbi do Minho, o Vit\u00f3ria de Guimar\u00e3es foi multado em quase quatro mil euros pelo uso de pirotecnia, insultos e uso de tarjas acima das dimens\u00f5es permitidas. Quanto ao treinador Lu\u00eds Pinto, a frase \u00abIsto \u00e9 uma vergonha do c******\u00bb valeu expuls\u00e3o, suspens\u00e3o e multa de 3570 euros.<\/p>\n<p>Por sua vez, o Sp. Braga foi multado em quase sete mil euros, face ao uso de pirotecnia (5740 euros), insultos dos adeptos (638 euros) e atraso no acesso ao t\u00fanel para o come\u00e7o da partida (1224 euros).<\/p>\n<p><strong>J\u00e1 segue o\u00a0<a href=\"https:\/\/eur05.safelinks.protection.outlook.com\/?url=http%3A%2F%2Fwhatsapp.com%2Fchannel%2F0029Va9lGKPGOj9nW79Pd117&amp;data=05%7C02%7Craasantos%40tvi.pt%7Cc89f401601d045b5d75d08ddfa7d0fda%7C13331a74bf1340369e500c52b4b83749%7C0%7C0%7C638942137220564686%7CUnknown%7CTWFpbGZsb3d8eyJFbXB0eU1hcGkiOnRydWUsIlYiOiIwLjAuMDAwMCIsIlAiOiJXaW4zMiIsIkFOIjoiTWFpbCIsIldUIjoyfQ%3D%3D%7C0%7C%7C%7C&amp;sdata=mvt8EGfiWBV0qeIQuLOH0DoFHBsFUuXU6%2FsJwNPYMQk%3D&amp;reserved=0\" title=\"whatsapp.com\/channel\/0029Va9lGKPGOj9nW79Pd117\" wbo-id=\"177\" rel=\"nofollow noopener\" target=\"_blank\">canal de Whatsapp do Maisfutebol<\/a>?\u00a0<\/strong><\/p>\n","protected":false},"excerpt":{"rendered":"A sexta jornada da Liga valeu dezenas de milhares de euros em multas. A lista divulgada esta quinta-feira&hellip;\n","protected":false},"author":2,"featured_media":83964,"comment_status":"","ping_status":"","sticky":false,"template":"","format":"standard","meta":{"footnotes":""},"categories":[8],"tags":[51,27,28,282,15,16,285,14,1385,25,26,36,21,22,46,12,13,19,20,462,32,23,24,33,47,1233,34,17,18,29,30,31,2119],"class_list":{"0":"post-87230","1":"post","2":"type-post","3":"status-publish","4":"format-standard","5":"has-post-thumbnail","7":"category-principais-noticias","8":"tag-benfica","9":"tag-breaking-news","10":"tag-breakingnews","11":"tag-fc-porto","12":"tag-featured-news","13":"tag-featurednews","14":"tag-fpf","15":"tag-headlines","16":"tag-jose-mourinho","17":"tag-latest-news","18":"tag-latestnews","19":"tag-liga","20":"tag-main-news","21":"tag-mainnews","22":"tag-maisfutebol","23":"tag-news","24":"tag-noticias","25":"tag-noticias-principais","26":"tag-noticiasprincipais","27":"tag-porto","28":"tag-portugal","29":"tag-principais-noticias","30":"tag-principaisnoticias","31":"tag-pt","32":"tag-pura-paixao","33":"tag-sp-braga","34":"tag-sporting","35":"tag-top-stories","36":"tag-topstories","37":"tag-ultimas","38":"tag-ultimas-noticias","39":"tag-ultimasnoticias","40":"tag-vitoria-guimaraes"},"share_on_mastodon":{"url":"","error":""},"_links":{"self":[{"href":"https:\/\/www.europesays.com\/pt\/wp-json\/wp\/v2\/posts\/87230","targetHints":{"allow":["GET"]}}],"collection":[{"href":"https:\/\/www.europesays.com\/pt\/wp-json\/wp\/v2\/posts"}],"about":[{"href":"https:\/\/www.europesays.com\/pt\/wp-json\/wp\/v2\/types\/post"}],"author":[{"embeddable":true,"href":"https:\/\/www.europesays.com\/pt\/wp-json\/wp\/v2\/users\/2"}],"replies":[{"embeddable":true,"href":"https:\/\/www.europesays.com\/pt\/wp-json\/wp\/v2\/comments?post=87230"}],"version-history":[{"count":0,"href":"https:\/\/www.europesays.com\/pt\/wp-json\/wp\/v2\/posts\/87230\/revisions"}],"wp:featuredmedia":[{"embeddable":true,"href":"https:\/\/www.europesays.com\/pt\/wp-json\/wp\/v2\/media\/83964"}],"wp:attachment":[{"href":"https:\/\/www.europesays.com\/pt\/wp-json\/wp\/v2\/media?parent=87230"}],"wp:term":[{"taxonomy":"category","embeddable":true,"href":"https:\/\/www.europesays.com\/pt\/wp-json\/wp\/v2\/categories?post=87230"},{"taxonomy":"post_tag","embeddable":true,"href":"https:\/\/www.europesays.com\/pt\/wp-json\/wp\/v2\/tags?post=87230"}],"curies":[{"name":"wp","href":"https:\/\/api.w.org\/{rel}","templated":true}]}}