{"id":87418,"date":"2025-09-26T11:16:08","date_gmt":"2025-09-26T11:16:08","guid":{"rendered":"https:\/\/www.europesays.com\/pt\/87418\/"},"modified":"2025-09-26T11:16:08","modified_gmt":"2025-09-26T11:16:08","slug":"as-mulheres-correm-um-risco-maior-destes-problemas-de-saude-mental-apos-o-parto-revela-estudo","status":"publish","type":"post","link":"https:\/\/www.europesays.com\/pt\/87418\/","title":{"rendered":"As mulheres correm um risco maior destes problemas de sa\u00fade mental ap\u00f3s o parto, revela estudo"},"content":{"rendered":"<p>          <img decoding=\"async\" class=\"c-ad__placeholder__logo\" src=\"https:\/\/static.euronews.com\/website\/images\/logos\/logo-euronews-stacked-outlined-72x72-grey-9.svg\" width=\"72\" height=\"72\" alt=\"\" loading=\"lazy\"\/><br \/>\n          PUBLICIDADE<\/p>\n<p>Mulheres no p\u00f3s-parto correm <strong>maior risco de depress\u00e3o e psicose n<\/strong>as semanas ap\u00f3s o nascimento do beb\u00e9, conclui um estudo recente.<\/p>\n<p>Em compara\u00e7\u00e3o com o ano anterior \u00e0 gravidez, o risco de depress\u00e3o \u00e9 cerca de 20% maior nas cinco a 15 semanas ap\u00f3s o parto, de acordo com a an\u00e1lise publicada na revista <a href=\"https:\/\/www.nature.com\/articles\/s41380-025-03212-9\" target=\"_blank\" rel=\"noreferrer nofollow noopener\"><strong>Molecular Psychiatry.<\/strong><\/a><\/p>\n<p>Entretanto, <strong>o risco de psicose \u00e9 seis a sete vezes maior<\/strong> nas primeiras cinco semanas ap\u00f3s o parto e duas vezes maior at\u00e9 \u00e0 semana 20, constatou a an\u00e1lise.<\/p>\n<p>Ao contr\u00e1rio dos &#8220;baby blues&#8221; \u2013 altera\u00e7\u00f5es de humor ligeiras e tempor\u00e1rias ap\u00f3s o parto \u2013 a psicose p\u00f3s-parto \u00e9 uma condi\u00e7\u00e3o de sa\u00fade mental grave. Os sintomas incluem <strong>del\u00edrios, alucina\u00e7\u00f5es, manias, humor depressivo e confus\u00e3o,<\/strong> mas as mulheres podem recuperar totalmente se receberem o tratamento adequado.<\/p>\n<p>\u201cO pico dr\u00e1stico observado no p\u00f3s-parto destaca claramente a vulnerabilidade\u201d das rec\u00e9m-m\u00e3es, escreveram os investigadores.<\/p>\n<p>As conclus\u00f5es basearam-se em dados de quase 1,8 milh\u00f5es de nascimentos na Su\u00e9cia entre 2003 e 2019. Indicam que <strong>o n\u00famero de novos diagn\u00f3sticos de problemas de sa\u00fade mental tende a diminuir durante a gravidez,<\/strong> mas volta a aumentar ap\u00f3s o parto \u2013 particularmente no que diz respeito \u00e0 depress\u00e3o e psicose.<\/p>\n<p>Notavelmente, as mulheres eram menos propensas a serem diagnosticadas com ansiedade, stress ou abuso de subst\u00e2ncias durante ou ap\u00f3s a gravidez do que antes, o que, segundo os investigadores, pode ser devido a uma <strong>combina\u00e7\u00e3o de altera\u00e7\u00f5es biol\u00f3gicas e de estilo de vida.<\/strong><\/p>\n<p>As mulheres tamb\u00e9m consultam os seus m\u00e9dicos mais frequentemente durante a gravidez, o que significa que podem existir mais oportunidades para identificar problemas de sa\u00fade mental antes que estes se agravem.<\/p>\n<p>\u201cN\u00e3o vemos que mais pessoas estejam a ser diagnosticadas, <strong>mas o rastreio pode significar que as mulheres s\u00e3o identificadas mais cedo<\/strong> e n\u00e3o precisam de sofrer tanto tempo antes de obterem o apoio e a ajuda de que precisam\u201d, referiu Emma Br\u00e4nn, uma das autoras do estudo e investigadora no Instituto Karolinska, numa declara\u00e7\u00e3o.<\/p>\n<p>Em todo o mundo, cerca de 10% das mulheres gr\u00e1vidas e 13% das mulheres no p\u00f3s-parto t\u00eam um transtorno mental, <strong>geralmente depress\u00e3o,<\/strong> de acordo com a Organiza\u00e7\u00e3o Mundial da Sa\u00fade (OMS).<\/p>\n<p>No entanto, apesar do risco de problemas de sa\u00fade mental no per\u00edodo p\u00f3s-parto, <strong>os rec\u00e9m-pais na Su\u00e9cia s\u00e3o menos propensos a tentar suicidar-se<\/strong> nas semanas ap\u00f3s o nascimento dos seus beb\u00e9s, de acordo com outro estudo recente do instituto.<\/p>\n<p>As m\u00e3es, em particular, t\u00eam menos probabilidade de tentar o suic\u00eddio durante ou ap\u00f3s a gravidez em compara\u00e7\u00e3o com os pais \u2013 o que \u00e9 not\u00e1vel, dado que na popula\u00e7\u00e3o sueca em geral, <strong>as mulheres t\u00eam mais probabilidade de tentar o suic\u00eddio do que os homens.<\/strong><\/p>\n<p>Yihui Yang, que trabalhou nos dois estudos enquanto investigadora no Instituto Karolinska, disse que as conclus\u00f5es indicam que os m\u00e9dicos devem monitorizar as pacientes durante a gravidez para detetar sinais de que possam estar em risco de suic\u00eddio.<\/p>\n<p><strong>\u201cEmbora as tentativas de suic\u00eddio durante e ap\u00f3s a gravidez sejam raras,<\/strong> podem ter consequ\u00eancias devastadoras e s\u00e3o muitas vezes evit\u00e1veis\u201d, referiu Yang.<\/p>\n<p><strong>Se est\u00e1 a pensar em suic\u00eddio e precisa de conversar, entre em contacto com a Befrienders Worldwide, uma organiza\u00e7\u00e3o internacional com linhas de apoio em 32 pa\u00edses. Visite o site <a href=\"https:\/\/befrienders.org\/what-we-do\" target=\"_blank\" rel=\"noreferrer nofollow noopener\">befrienders.org<\/a> para encontrar o n\u00famero de telefone indicado para a sua localiza\u00e7\u00e3o.<\/strong><\/p>\n","protected":false},"excerpt":{"rendered":"PUBLICIDADE Mulheres no p\u00f3s-parto correm maior risco de depress\u00e3o e psicose nas semanas ap\u00f3s o nascimento do beb\u00e9,&hellip;\n","protected":false},"author":2,"featured_media":87419,"comment_status":"","ping_status":"","sticky":false,"template":"","format":"standard","meta":{"footnotes":""},"categories":[86],"tags":[116,1982,32,33,117,1030,896],"class_list":{"0":"post-87418","1":"post","2":"type-post","3":"status-publish","4":"format-standard","5":"has-post-thumbnail","7":"category-saude","8":"tag-health","9":"tag-natalidade","10":"tag-portugal","11":"tag-pt","12":"tag-saude","13":"tag-saude-mental","14":"tag-saude-publica"},"share_on_mastodon":{"url":"","error":""},"_links":{"self":[{"href":"https:\/\/www.europesays.com\/pt\/wp-json\/wp\/v2\/posts\/87418","targetHints":{"allow":["GET"]}}],"collection":[{"href":"https:\/\/www.europesays.com\/pt\/wp-json\/wp\/v2\/posts"}],"about":[{"href":"https:\/\/www.europesays.com\/pt\/wp-json\/wp\/v2\/types\/post"}],"author":[{"embeddable":true,"href":"https:\/\/www.europesays.com\/pt\/wp-json\/wp\/v2\/users\/2"}],"replies":[{"embeddable":true,"href":"https:\/\/www.europesays.com\/pt\/wp-json\/wp\/v2\/comments?post=87418"}],"version-history":[{"count":0,"href":"https:\/\/www.europesays.com\/pt\/wp-json\/wp\/v2\/posts\/87418\/revisions"}],"wp:featuredmedia":[{"embeddable":true,"href":"https:\/\/www.europesays.com\/pt\/wp-json\/wp\/v2\/media\/87419"}],"wp:attachment":[{"href":"https:\/\/www.europesays.com\/pt\/wp-json\/wp\/v2\/media?parent=87418"}],"wp:term":[{"taxonomy":"category","embeddable":true,"href":"https:\/\/www.europesays.com\/pt\/wp-json\/wp\/v2\/categories?post=87418"},{"taxonomy":"post_tag","embeddable":true,"href":"https:\/\/www.europesays.com\/pt\/wp-json\/wp\/v2\/tags?post=87418"}],"curies":[{"name":"wp","href":"https:\/\/api.w.org\/{rel}","templated":true}]}}