{"id":87454,"date":"2025-09-26T11:49:22","date_gmt":"2025-09-26T11:49:22","guid":{"rendered":"https:\/\/www.europesays.com\/pt\/87454\/"},"modified":"2025-09-26T11:49:22","modified_gmt":"2025-09-26T11:49:22","slug":"socialistas-assinaram-candidatura-de-filipe-araujo-ao-porto-observador","status":"publish","type":"post","link":"https:\/\/www.europesays.com\/pt\/87454\/","title":{"rendered":"Socialistas assinaram candidatura de Filipe Ara\u00fajo ao Porto \u2013 Observador"},"content":{"rendered":"<p>Filipe Ara\u00fajo, candidato independente \u00e0 C\u00e2mara Municipal do Porto, tem entre os seus proponentes v\u00e1rias figuras ligadas ao universo socialista, incluindo atuais candidatos aos \u00f3rg\u00e3os municipais da cidade. \u00c9 o caso de Julieta Sampaio, candidata efetiva a vereadora na equipa de Manuel Pizarro (\u00e9 a \u00faltima da lista), Paula Roseira, candidata do PS a presidente da Junta de Lordelo e Massarelos, Andreia Dias, que concorre nas listas do partido pela Junta de Paranhos, ou de Hugo Gir\u00e3o, candidato \u00e0 Junta de Ramalde.<\/p>\n<p>Ao Observador, a dire\u00e7\u00e3o de campanha do PS disse <strong>ignorar<\/strong> a situa\u00e7\u00e3o. \u201cDesconhecemos que algum dos cerca de 400 portuenses que integram as nossas listas seja subscritor de um movimento independente.\u201d Recorde-se que todos os candidatos aut\u00e1rquicos t\u00eam de recolher um determinado n\u00famero de assinaturas para se poderem apresentar a votos \u2014 no caso do Porto, s\u00e3o 4 mil.<\/p>\n<p>Segundo apurou o Observador, atrav\u00e9s da consulta de documentos, estas figuras do universo socialista constam efetivamente dos proponentes da candidatura de Filipe Ara\u00fajo \u00e0 C\u00e2mara Municipal do Porto. O caso de <strong>Julieta Sampaio<\/strong> pode ser mesmo o mais complexo. \u00c9 que a Comiss\u00e3o Nacional de Elei\u00e7\u00f5es diz, no seu <a href=\"https:\/\/www.cne.pt\/faq2\/96\/5\" rel=\"nofollow noopener\" target=\"_blank\">ponto 60<\/a>, que um cidad\u00e3o <strong>n\u00e3o pode<\/strong> ser simultaneamente proponente de uma candidatura e integrar outra equipa que concorra ao mesmo \u00f3rg\u00e3o aut\u00e1rquico \u2014 sendo candidata a vereadora de Manuel Pizarro, em teoria, n\u00e3o poderia ser proponente da candidatura de Filipe Ara\u00fajo \u00e0 C\u00e2mara.<\/p>\n<p>Existe ainda outro nome que salta \u00e0 vista: o de <strong>Jorge Morgado<\/strong>, atual diretor de comunica\u00e7\u00e3o da Metro do Porto . \u201cAssinei com todo o gosto\u201d, confirma o pr\u00f3prio ao Observador, esclarecendo que, n\u00e3o sendo formalmente diretor de comunica\u00e7\u00e3o de Manuel Pizarro, \u00e9 \u201c<strong>amigo<\/strong>\u201d e \u201cajuda\u201d o candidato socialista.<\/p>\n<p>Jorge Morgado, ali\u00e1s, j\u00e1 serviu de <a href=\"https:\/\/observador.pt\/especiais\/debate-entre-pedro-duarte-e-pizarro-expoe-lutas-politicas-na-metro-do-porto-e-fratura-entre-camara-e-governo\/\" rel=\"nofollow noopener\" target=\"_blank\"><strong>arma de arremesso<\/strong><\/a> nestas aut\u00e1rquicas. No debate organizado pela SIC, Pedro Duarte acusou a Metro do Porto de estar ao servi\u00e7o da m\u00e1quina socialista e lembrou que o diretor de comunica\u00e7\u00e3o da Metro do Porto ajuda tamb\u00e9m \u00e0 comunica\u00e7\u00e3o de Manuel Pizarro. Pormenor: h\u00e1 muito que os homens de Pedro Duarte alimentam a suspeita de que Filipe Ara\u00fajo est\u00e1 <strong>articulado<\/strong> com o socialista nesta corrida \u00e0 C\u00e2mara do Porto. Jorge Morgado fundou a ag\u00eancia K com <strong>Rui Neves Moreira<\/strong>, o diretor de campanha do socialista.<\/p>\n<p>A equipa que rodeia Pedro Duarte \u2014 e que tem pontos de contacto com o n\u00facleo mais pr\u00f3ximo de Rui Moreira \u2014 sempre insinuou que a candidatura de Filipe Ara\u00fajo era, na verdade, um <strong>cavalo de Tr\u00f3ia<\/strong> do PS para dividir o eleitorado \u00e0 direita e, dessa forma, tornar mais dif\u00edcil a vit\u00f3ria do social-democrata nas pr\u00f3ximas elei\u00e7\u00f5es aut\u00e1rquicas. De resto, logo em julho, o antigo ministro dos Assuntos Parlamentares chegou a sugerir publicamente que Ara\u00fajo \u00e9 uma \u201c<a href=\"https:\/\/observador.pt\/programas\/explicador\/autarquicas-pedro-duarte-receia-dispersao-de-votos-a-direita-no-porto\/\" rel=\"nofollow noopener\" target=\"_blank\"><strong>bengala<\/strong><\/a>\u201d a tentar \u201cajudar\u201d Manuel Pizarro.<\/p>\n<p>O ainda vice-presidente da C\u00e2mara Municipal do Porto sempre negou essa tese, naturalmente. Ainda assim, e o Observador explicava isso mesmo em janeiro, Filipe Ara\u00fajo partiu para esta campanha sabendo que a vit\u00f3ria seria dif\u00edcil mas que era mais vantajoso correr sozinho e, posteriormente, servir como um <strong><a href=\"https:\/\/observador.pt\/especiais\/montenegro-encontrou-se-com-filipe-araujo-para-tentar-travar-candidatura-independente-ao-porto\/\" rel=\"nofollow noopener\" target=\"_blank\">desbloqueador de maiorias<\/a><\/strong>, do que integrar uma grande coliga\u00e7\u00e3o \u00e0 direita onde o seu papel seria sempre dilu\u00eddo \u2014 Ara\u00fajo foi v\u00e1rias vezes convidado para fazer da coliga\u00e7\u00e3o de Pedro Duarte mas nem mesmo a interven\u00e7\u00e3o direta de <strong>Lu\u00eds Montenegro<\/strong> fez com que mudasse de ideias.<\/p>\n<p>Do lado do PS, nunca se negou que Filipe Ara\u00fajo ter\u00e1 uma <a href=\"https:\/\/observador.pt\/especiais\/porto-em-guerra-filipe-araujo-nao-desiste-pedro-duarte-mantem-porta-aberta-ps-acena-com-acordo-pos-eleitoral\/\" rel=\"nofollow noopener\" target=\"_blank\"><strong>palavra a dizer<\/strong><\/a> no dia seguinte \u00e0s elei\u00e7\u00f5es. \u201cNo caso de Pizarro ganhar, em face do que se v\u00ea nas sondagens [e n\u00e3o ter maioria absoluta], o mais natural seria <strong>completar a maioria<\/strong> com Filipe Ara\u00fajo, uma pessoa que conhece a cidade\u201d, dizia ao Observador, em julho, fonte pr\u00f3xima da candidatura socialista. Nessa mesma altura, figuras pr\u00f3ximas de Pedro Duarte tentaram, mais uma vez, convencer publicamente o independente a abdicar e a integrar a candidatura do social-democrata \u2014 hip\u00f3tese que Ara\u00fajo nem sequer quis considerar.<\/p>\n<p>Rui Moreira tamb\u00e9m n\u00e3o esconde que n\u00e3o gosta da proximidade entre Pizarro e Ara\u00fajo e que preferia que Pedro Duarte fosse o seu sucessor. Ver o seu n\u00famero dois, <a href=\"https:\/\/observador.pt\/especiais\/rui-moreira-afasta-se-do-seu-vice-filipe-araujo\/\" rel=\"nofollow noopener\" target=\"_blank\"><strong>com quem cortou violentamente<\/strong><\/a>, pretensamente disposto a fazer o jogo do socialista n\u00e3o tem deixado Rui Moreira particularmente satisfeito. Este epis\u00f3dio, na v\u00e9spera do arranque oficial da campanha aut\u00e1rquica, n\u00e3o ajudar\u00e1 a melhorar o ambiente na corrida eleitoral ao Porto.<\/p>\n<p>As listas entregues j\u00e1 motivaram uma troca de acusa\u00e7\u00f5es entre as duas candidaturas. A coliga\u00e7\u00e3o liderada por Pedro Duarte tentou impugnar as listas que o movimento independente apresentou \u00e0s juntas de freguesia portuenses, alegando que deveriam ter sido entregues mais assinaturas, nomeadamente 3% do total de eleitores de cada freguesia e n\u00e3o apenas 1%, como foi feito. Filipe Ara\u00fajo queixou-se de \u201c<a href=\"https:\/\/observador.pt\/2025\/08\/30\/autarquicas-filipe-araujo-acusa-psd-de-bullying-por-impugnacoes-as-suas-listas\/\" rel=\"nofollow noopener\" target=\"_blank\"><strong>bullying<\/strong><\/a>\u201d e sugeriu que o social-democrata tinha medo da democracia. Esta sexta-feira, os candidatos enfrentam-se num debate organizado pelo Observador a partir da cidade do Porto, agendado para as 9h.<\/p>\n<blockquote class=\"wp-embedded-content\" data-secret=\"RQhg3cH0dB\">\n<p><a href=\"https:\/\/observador.pt\/especiais\/debate-entre-pedro-duarte-e-pizarro-expoe-lutas-politicas-na-metro-do-porto-e-fratura-entre-camara-e-governo\/\" rel=\"nofollow noopener\" target=\"_blank\">Debate entre Pedro Duarte e Pizarro exp\u00f5e lutas pol\u00edticas na Metro do Porto e fratura entre C\u00e2mara e Governo<\/a><\/p>\n<\/blockquote>\n<p>                                    Se tiver uma hist\u00f3ria que queira partilhar sobre irregularidades na sua autarquia, preencha<br \/>\n                                    <a href=\"https:\/\/forms.gle\/uQ1gDpSwmRd7ezUf8\" target=\"_blank\" rel=\"noopener noreferrer nofollow\">este formul\u00e1rio an\u00f3nimo<\/a>.<\/p>\n","protected":false},"excerpt":{"rendered":"Filipe Ara\u00fajo, candidato independente \u00e0 C\u00e2mara Municipal do Porto, tem entre os seus proponentes v\u00e1rias figuras ligadas ao&hellip;\n","protected":false},"author":2,"featured_media":87455,"comment_status":"","ping_status":"","sticky":false,"template":"","format":"standard","meta":{"footnotes":""},"categories":[10],"tags":[2163,27,28,1077,15,16,14,25,26,21,22,12,13,19,20,57,302,462,32,23,24,455,4579,33,4070,58,17,18,29,30,31],"class_list":{"0":"post-87454","1":"post","2":"type-post","3":"status-publish","4":"format-standard","5":"has-post-thumbnail","7":"category-portugal","8":"tag-autu00e1rquicas-2025","9":"tag-breaking-news","10":"tag-breakingnews","11":"tag-eleiu00e7u00f5es","12":"tag-featured-news","13":"tag-featurednews","14":"tag-headlines","15":"tag-latest-news","16":"tag-latestnews","17":"tag-main-news","18":"tag-mainnews","19":"tag-news","20":"tag-noticias","21":"tag-noticias-principais","22":"tag-noticiasprincipais","23":"tag-pau00eds","24":"tag-polu00edtica","25":"tag-porto","26":"tag-portugal","27":"tag-principais-noticias","28":"tag-principaisnoticias","29":"tag-ps","30":"tag-psd","31":"tag-pt","32":"tag-rui-moreira","33":"tag-sociedade","34":"tag-top-stories","35":"tag-topstories","36":"tag-ultimas","37":"tag-ultimas-noticias","38":"tag-ultimasnoticias"},"share_on_mastodon":{"url":"","error":""},"_links":{"self":[{"href":"https:\/\/www.europesays.com\/pt\/wp-json\/wp\/v2\/posts\/87454","targetHints":{"allow":["GET"]}}],"collection":[{"href":"https:\/\/www.europesays.com\/pt\/wp-json\/wp\/v2\/posts"}],"about":[{"href":"https:\/\/www.europesays.com\/pt\/wp-json\/wp\/v2\/types\/post"}],"author":[{"embeddable":true,"href":"https:\/\/www.europesays.com\/pt\/wp-json\/wp\/v2\/users\/2"}],"replies":[{"embeddable":true,"href":"https:\/\/www.europesays.com\/pt\/wp-json\/wp\/v2\/comments?post=87454"}],"version-history":[{"count":0,"href":"https:\/\/www.europesays.com\/pt\/wp-json\/wp\/v2\/posts\/87454\/revisions"}],"wp:featuredmedia":[{"embeddable":true,"href":"https:\/\/www.europesays.com\/pt\/wp-json\/wp\/v2\/media\/87455"}],"wp:attachment":[{"href":"https:\/\/www.europesays.com\/pt\/wp-json\/wp\/v2\/media?parent=87454"}],"wp:term":[{"taxonomy":"category","embeddable":true,"href":"https:\/\/www.europesays.com\/pt\/wp-json\/wp\/v2\/categories?post=87454"},{"taxonomy":"post_tag","embeddable":true,"href":"https:\/\/www.europesays.com\/pt\/wp-json\/wp\/v2\/tags?post=87454"}],"curies":[{"name":"wp","href":"https:\/\/api.w.org\/{rel}","templated":true}]}}