{"id":87949,"date":"2025-09-26T19:06:14","date_gmt":"2025-09-26T19:06:14","guid":{"rendered":"https:\/\/www.europesays.com\/pt\/87949\/"},"modified":"2025-09-26T19:06:14","modified_gmt":"2025-09-26T19:06:14","slug":"benfica-paga-premio-de-50-por-cento-do-ordenado-a-todos-os-funcionarios","status":"publish","type":"post","link":"https:\/\/www.europesays.com\/pt\/87949\/","title":{"rendered":"Benfica paga pr\u00e9mio de 50 por cento do ordenado a todos os funcion\u00e1rios"},"content":{"rendered":"<p>O Benfica comunicou a todos os funcion\u00e1rios, atrav\u00e9s de um email a que o <strong>Maisfutebol<\/strong> teve acesso, que vai pagar no fim do m\u00eas de setembro um pr\u00e9mio excecional, correspondente a 50 por cento do sal\u00e1rio bruto de cada funcion\u00e1rio.<\/p>\n<p>No email assinado pelos Recursos Humanos, \u00e9 garantido que este pr\u00e9mio surge na sequ\u00eancia dos \u00abmuito bons resultados econ\u00f3micos do exerc\u00edcio 2024-2025\u00bb e do \u00abcrescimento da receita operacional\u00bb.<\/p>\n<p>Recorde-se que, nesta mesma sexta-feira, o Benfica tamb\u00e9m comunicou os resultados consolidados do clube, <strong><a href=\"https:\/\/maisfutebol.iol.pt\/benfica\/resultado-financeiro\/benfica-apresenta-40-milhoes-de-euros-de-lucro-em-2024-25\" rel=\"nofollow noopener\" target=\"_blank\">os quais destacam\u00a0um lucro 40,7 milh\u00f5es de euros<\/a><\/strong>, o que representa uma melhoria de 72,9 milh\u00f5es de euros\u00a0 face ao ano anterior: ou seja, um crescimento de 226,1 por cento face ao per\u00edodo hom\u00f3logo.<\/p>\n<p>Como fazem muitas empresas, embora nem sempre seja um pr\u00e1tica corrente em Portugal, o Benfica resolveu atribuir um pr\u00e9mio de 50 por cento do vencimento a todos os colaboradores com contrato \u00abe que n\u00e3o tenham sido eleg\u00edveis para pr\u00e9mios desportivos de futebol\u00bb.<\/p>\n<p>\u00abUm pr\u00e9mio excecional visando reconhecer o esfor\u00e7o, compromisso e dedica\u00e7\u00e3o de todos para os resultados econ\u00f3micos alcan\u00e7ados, onde\u00a0onde foram suplantados os objetivos definidos no que reporta ao esfor\u00e7o de conten\u00e7\u00e3o de custos recorrentes e crescimento da receita operacional\u00bb, pode ler-se.<\/p>\n<p> LEIA O EMAIL NA \u00cdNTEGRA: <\/p>\n<p>\u00abCaro\/a Colaborador\/a,<\/p>\n<p>Considerando os muito bons resultados econ\u00f3micos do exerc\u00edcio 2024-2025, onde foram suplantados os objetivos definidos no que reporta ao esfor\u00e7o de conten\u00e7\u00e3o de custos recorrentes e crescimento da receita operacional, a Dire\u00e7\u00e3o do Sport Lisboa e Benfica e a Administra\u00e7\u00e3o da Sport Lisboa e Benfica &#8211; Futebol, SAD deliberaram atribuir a todos os Colaboradores de todas as empresas do Universo Benfica com contrato de trabalho e que n\u00e3o tenham sido eleg\u00edveis para pr\u00e9mios desportivos de futebol -, um pr\u00e9mio excecional visando reconhecer o esfor\u00e7o, compromisso e dedica\u00e7\u00e3o de todos para os resultados econ\u00f3micos alcan\u00e7ados.<\/p>\n<p>Neste \u00e2mbito, ser\u00e1 processado no dia 30 de setembro, obedecendo ao pagamento, o valor correspondente a 50% das remunera\u00e7\u00f5es mensais il\u00edquidas. Para os Colaboradores que aderiram ao Universo Benfica durante a \u00e9poca de 2024-2025, o valor ser\u00e1 ajustado aos meses de v\u00ednculo.<\/p>\n<p>Muito obrigado pelo esfor\u00e7o no ano passado. \u00c9 nossa expectativa suplantar em 2025-2026 os resultados econ\u00f3micos obtidos e, naturalmente, aliar a estes um muito maior \u00eaxito desportivo.<\/p>\n<p>Com os melhores cumprimentos,<\/p>\n<p>Os Recursos Humanos\u00bb<\/p>\n","protected":false},"excerpt":{"rendered":"O Benfica comunicou a todos os funcion\u00e1rios, atrav\u00e9s de um email a que o Maisfutebol teve acesso, que&hellip;\n","protected":false},"author":2,"featured_media":87950,"comment_status":"","ping_status":"","sticky":false,"template":"","format":"standard","meta":{"footnotes":""},"categories":[87],"tags":[22134,51,10023,135,17619,9410,6080,46,32,3304,33,47,22135,134],"class_list":{"0":"post-87949","1":"post","2":"type-post","3":"status-publish","4":"format-standard","5":"has-post-thumbnail","7":"category-desporto","8":"tag-50-por-cento","9":"tag-benfica","10":"tag-colaboradores","11":"tag-desporto","12":"tag-email","13":"tag-funcionarios","14":"tag-lucro","15":"tag-maisfutebol","16":"tag-portugal","17":"tag-premio","18":"tag-pt","19":"tag-pura-paixao","20":"tag-resultados-positivos","21":"tag-sports"},"share_on_mastodon":{"url":"","error":""},"_links":{"self":[{"href":"https:\/\/www.europesays.com\/pt\/wp-json\/wp\/v2\/posts\/87949","targetHints":{"allow":["GET"]}}],"collection":[{"href":"https:\/\/www.europesays.com\/pt\/wp-json\/wp\/v2\/posts"}],"about":[{"href":"https:\/\/www.europesays.com\/pt\/wp-json\/wp\/v2\/types\/post"}],"author":[{"embeddable":true,"href":"https:\/\/www.europesays.com\/pt\/wp-json\/wp\/v2\/users\/2"}],"replies":[{"embeddable":true,"href":"https:\/\/www.europesays.com\/pt\/wp-json\/wp\/v2\/comments?post=87949"}],"version-history":[{"count":0,"href":"https:\/\/www.europesays.com\/pt\/wp-json\/wp\/v2\/posts\/87949\/revisions"}],"wp:featuredmedia":[{"embeddable":true,"href":"https:\/\/www.europesays.com\/pt\/wp-json\/wp\/v2\/media\/87950"}],"wp:attachment":[{"href":"https:\/\/www.europesays.com\/pt\/wp-json\/wp\/v2\/media?parent=87949"}],"wp:term":[{"taxonomy":"category","embeddable":true,"href":"https:\/\/www.europesays.com\/pt\/wp-json\/wp\/v2\/categories?post=87949"},{"taxonomy":"post_tag","embeddable":true,"href":"https:\/\/www.europesays.com\/pt\/wp-json\/wp\/v2\/tags?post=87949"}],"curies":[{"name":"wp","href":"https:\/\/api.w.org\/{rel}","templated":true}]}}