{"id":88011,"date":"2025-09-26T20:04:07","date_gmt":"2025-09-26T20:04:07","guid":{"rendered":"https:\/\/www.europesays.com\/pt\/88011\/"},"modified":"2025-09-26T20:04:07","modified_gmt":"2025-09-26T20:04:07","slug":"aline-cangussu-celebra-30-anos-de-carreira-com-evento-na-casas-conceito-2025-veja-fotos","status":"publish","type":"post","link":"https:\/\/www.europesays.com\/pt\/88011\/","title":{"rendered":"Aline Cangussu celebra 30 anos de carreira com evento na Casas Conceito 2025; veja fotos"},"content":{"rendered":"<p>A arquiteta <strong>Aline Canguss\u00fa<\/strong>\u00a0comemorou, na \u00faltima quinta-feira (25), os 30 anos de seu escrit\u00f3rio de arquitetura e interiores com um evento especial durante a <strong>Casas Conceito 2025<\/strong>, em Salvador. A celebra\u00e7\u00e3o reuniu cerca de 200 convidados e marcou mais um cap\u00edtulo importante na trajet\u00f3ria da profissional.<\/p>\n<p><strong>Reconhecida pelo estilo sofisticado e atemporal, Aline assina o masterplan da mostra<\/strong> \u2014 projeto que estrutura toda a disposi\u00e7\u00e3o dos espa\u00e7os \u2014 e apresenta o <strong>Living Lacerda<\/strong>, ambiente que traz vista privilegiada para o Elevador Lacerda e a Ba\u00eda de Todos-os-Santos.<\/p>\n<p>Com curadoria de obras de F\u00e1tima Tosca, Ana Michaelis e Amanda Jacobina, al\u00e9m de esculturas de sua cole\u00e7\u00e3o pessoal, o ambiente foi concebido com paleta neutra, materiais nobres e ilumina\u00e7\u00e3o precisa, refor\u00e7ando o di\u00e1logo entre arte, design e paisagem hist\u00f3rica.<\/p>\n<p><strong>\u201cChegar aos 30 anos de escrit\u00f3rio \u00e9 um marco, mas seguimos com a energia de quem est\u00e1 come\u00e7ando. Cada projeto \u00e9 \u00fanico e encarado como se fosse o primeiro\u201d, afirmou Aline Cangussu durante o evento.<\/strong><\/p>\n<p>A comemora\u00e7\u00e3o, que aconteceu no pr\u00f3prio espa\u00e7o assinado por Aline, destacou sua contribui\u00e7\u00e3o para a arquitetura baiana e consolidou sua presen\u00e7a como um dos grandes nomes da mostra neste ano.<\/p>\n<p><strong>Veja fotos e confira quem esteve na celebra\u00e7\u00e3o:<\/strong><\/p>\n","protected":false},"excerpt":{"rendered":"A arquiteta Aline Canguss\u00fa\u00a0comemorou, na \u00faltima quinta-feira (25), os 30 anos de seu escrit\u00f3rio de arquitetura e interiores&hellip;\n","protected":false},"author":2,"featured_media":88012,"comment_status":"","ping_status":"","sticky":false,"template":"","format":"standard","meta":{"footnotes":""},"categories":[144],"tags":[207,205,206,203,201,202,204,114,115,32,33],"class_list":{"0":"post-88011","1":"post","2":"type-post","3":"status-publish","4":"format-standard","5":"has-post-thumbnail","7":"category-arte-e-design","8":"tag-arte","9":"tag-arte-e-design","10":"tag-artedesign","11":"tag-arts","12":"tag-arts-and-design","13":"tag-artsanddesign","14":"tag-design","15":"tag-entertainment","16":"tag-entretenimento","17":"tag-portugal","18":"tag-pt"},"share_on_mastodon":{"url":"","error":""},"_links":{"self":[{"href":"https:\/\/www.europesays.com\/pt\/wp-json\/wp\/v2\/posts\/88011","targetHints":{"allow":["GET"]}}],"collection":[{"href":"https:\/\/www.europesays.com\/pt\/wp-json\/wp\/v2\/posts"}],"about":[{"href":"https:\/\/www.europesays.com\/pt\/wp-json\/wp\/v2\/types\/post"}],"author":[{"embeddable":true,"href":"https:\/\/www.europesays.com\/pt\/wp-json\/wp\/v2\/users\/2"}],"replies":[{"embeddable":true,"href":"https:\/\/www.europesays.com\/pt\/wp-json\/wp\/v2\/comments?post=88011"}],"version-history":[{"count":0,"href":"https:\/\/www.europesays.com\/pt\/wp-json\/wp\/v2\/posts\/88011\/revisions"}],"wp:featuredmedia":[{"embeddable":true,"href":"https:\/\/www.europesays.com\/pt\/wp-json\/wp\/v2\/media\/88012"}],"wp:attachment":[{"href":"https:\/\/www.europesays.com\/pt\/wp-json\/wp\/v2\/media?parent=88011"}],"wp:term":[{"taxonomy":"category","embeddable":true,"href":"https:\/\/www.europesays.com\/pt\/wp-json\/wp\/v2\/categories?post=88011"},{"taxonomy":"post_tag","embeddable":true,"href":"https:\/\/www.europesays.com\/pt\/wp-json\/wp\/v2\/tags?post=88011"}],"curies":[{"name":"wp","href":"https:\/\/api.w.org\/{rel}","templated":true}]}}