{"id":88021,"date":"2025-09-26T20:10:12","date_gmt":"2025-09-26T20:10:12","guid":{"rendered":"https:\/\/www.europesays.com\/pt\/88021\/"},"modified":"2025-09-26T20:10:12","modified_gmt":"2025-09-26T20:10:12","slug":"influenza-e-covid-19-aumentam-em-goias-e-df-26-09-2025-equilibrio-e-saude","status":"publish","type":"post","link":"https:\/\/www.europesays.com\/pt\/88021\/","title":{"rendered":"Influenza e Covid-19 aumentam em Goi\u00e1s e DF &#8211; 26\/09\/2025 &#8211; Equil\u00edbrio e Sa\u00fade"},"content":{"rendered":"<p>As interna\u00e7\u00f5es de <a href=\"https:\/\/www1.folha.uol.com.br\/equilibrioesaude\/2025\/05\/7-em-cada-10-mortes-por-sindrome-respiratoria-sao-causadas-por-influenza-a.shtml\" rel=\"nofollow noopener\" target=\"\">S\u00edndrome Respirat\u00f3ria Aguda Grave (Srag)<\/a> por <a href=\"https:\/\/www1.folha.uol.com.br\/folha-topicos\/influenza\/\" rel=\"nofollow noopener\" target=\"_blank\">influenza<\/a> A e<a href=\"https:\/\/www1.folha.uol.com.br\/cotidiano\/coronavirus\/\" rel=\"nofollow noopener\" target=\"\"> Covid-19<\/a> aumentaram em Goi\u00e1s e no Distrito Federal, conforme mostra o boletim InfoGripe da Fiocruz, divulgado nesta quinta-feira (25). Esse cen\u00e1rio \u00e9 considerado pelos pesquisadores uma segunda onda altamente at\u00edpica neste ano. A an\u00e1lise refere-se \u00e0 semana de 14 a 20 de setembro.<\/p>\n<p>O boletim tamb\u00e9m revelou aumento na incid\u00eancia de Srag em oito estados: Amazonas, Esp\u00edrito Santo, Goi\u00e1s, Maranh\u00e3o, Minas Gerais, Par\u00e1 e Piau\u00ed, al\u00e9m do Distrito Federal.<\/p>\n<p>Segundo a pesquisadora Tatiana Portella, do Programa de Computa\u00e7\u00e3o Cient\u00edfica da Fiocruz e respons\u00e1vel pelo boletim, o rinov\u00edrus tem sido o principal respons\u00e1vel pelo aumento desses casos em alguns desses estados, <a href=\"https:\/\/www1.folha.uol.com.br\/equilibrioesaude\/2024\/11\/casos-graves-de-rinovirus-crescem-entre-criancas-e-adolescente-aponta-fiocruz.shtml\" rel=\"nofollow noopener\" target=\"\">especialmente entre crian\u00e7as <\/a>e adolescentes.<\/p>\n<p>Portella tamb\u00e9m informa que o v\u00edrus sincicial respirat\u00f3rio \u00e9 respons\u00e1vel pelo aumento de casos de Srag em crian\u00e7as de at\u00e9 dois anos no Amazonas. O metapneumov\u00edrus, por sua vez, tem sido respons\u00e1vel pelo crescimento do n\u00famero da s\u00edndrome em crian\u00e7as no Esp\u00edrito Santo. J\u00e1 a Covid-19 continua impulsionando o crescimento do n\u00famero de casos de Srag no Distrito Federal, Goi\u00e1s, Minas Gerais e Esp\u00edrito Santo.<\/p>\n<p>O levantamento tamb\u00e9m mostra que seis capitais apresentam n\u00edveis de Srag em alerta, risco ou alto risco nas \u00faltimas duas semanas, com ind\u00edcio de crescimento na tend\u00eancia a longo prazo. S\u00e3o elas: Teresina, S\u00e3o Lu\u00eds, Florian\u00f3polis, Porto Alegre, Manaus e Bras\u00edlia<\/p>\n<p>Nas \u00faltimas oito semanas, os casos e mortes por Srag afetaram mais crian\u00e7as pequenas e idosos. A incid\u00eancia \u00e9 maior entre as crian\u00e7as, enquanto a mortalidade se concentra nos idosos, especialmente os com 65 anos ou mais. A Covid-19 e a influenza A s\u00e3o as principais causas entre os idosos, enquanto o VSR e o rinov\u00edrus predominam entre as crian\u00e7as.<\/p>\n","protected":false},"excerpt":{"rendered":"As interna\u00e7\u00f5es de S\u00edndrome Respirat\u00f3ria Aguda Grave (Srag) por influenza A e Covid-19 aumentaram em Goi\u00e1s e no&hellip;\n","protected":false},"author":2,"featured_media":88022,"comment_status":"","ping_status":"","sticky":false,"template":"","format":"standard","meta":{"footnotes":""},"categories":[86],"tags":[1031,3913,2641,1029,236,1418,116,1491,2850,32,33,117,9886,1893],"class_list":{"0":"post-88021","1":"post","2":"type-post","3":"status-publish","4":"format-standard","5":"has-post-thumbnail","7":"category-saude","8":"tag-autocuidado","9":"tag-coronavirus","10":"tag-covid-19","11":"tag-cuide-se","12":"tag-folha","13":"tag-gripe","14":"tag-health","15":"tag-idoso","16":"tag-influenza","17":"tag-portugal","18":"tag-pt","19":"tag-saude","20":"tag-srag","21":"tag-virus"},"share_on_mastodon":{"url":"","error":""},"_links":{"self":[{"href":"https:\/\/www.europesays.com\/pt\/wp-json\/wp\/v2\/posts\/88021","targetHints":{"allow":["GET"]}}],"collection":[{"href":"https:\/\/www.europesays.com\/pt\/wp-json\/wp\/v2\/posts"}],"about":[{"href":"https:\/\/www.europesays.com\/pt\/wp-json\/wp\/v2\/types\/post"}],"author":[{"embeddable":true,"href":"https:\/\/www.europesays.com\/pt\/wp-json\/wp\/v2\/users\/2"}],"replies":[{"embeddable":true,"href":"https:\/\/www.europesays.com\/pt\/wp-json\/wp\/v2\/comments?post=88021"}],"version-history":[{"count":0,"href":"https:\/\/www.europesays.com\/pt\/wp-json\/wp\/v2\/posts\/88021\/revisions"}],"wp:featuredmedia":[{"embeddable":true,"href":"https:\/\/www.europesays.com\/pt\/wp-json\/wp\/v2\/media\/88022"}],"wp:attachment":[{"href":"https:\/\/www.europesays.com\/pt\/wp-json\/wp\/v2\/media?parent=88021"}],"wp:term":[{"taxonomy":"category","embeddable":true,"href":"https:\/\/www.europesays.com\/pt\/wp-json\/wp\/v2\/categories?post=88021"},{"taxonomy":"post_tag","embeddable":true,"href":"https:\/\/www.europesays.com\/pt\/wp-json\/wp\/v2\/tags?post=88021"}],"curies":[{"name":"wp","href":"https:\/\/api.w.org\/{rel}","templated":true}]}}