{"id":88029,"date":"2025-09-26T20:17:08","date_gmt":"2025-09-26T20:17:08","guid":{"rendered":"https:\/\/www.europesays.com\/pt\/88029\/"},"modified":"2025-09-26T20:17:08","modified_gmt":"2025-09-26T20:17:08","slug":"gracyanne-barbosa-passara-por-cirurgia-apos-acidente-na-globo","status":"publish","type":"post","link":"https:\/\/www.europesays.com\/pt\/88029\/","title":{"rendered":"Gracyanne Barbosa passar\u00e1 por cirurgia ap\u00f3s acidente na Globo"},"content":{"rendered":"<p><strong>Gracyanne Barbosa <\/strong>precisar\u00e1 fazer uma cirurgia ap\u00f3s se machucar\u00a0durante a grava\u00e7\u00e3o do <strong>Dan\u00e7a dos Famosos<\/strong>, quadro do <strong>Doming\u00e3o com Huck<\/strong>. Nesta sexta-feira (26), ap\u00f3s aparecer mancando em um v\u00eddeo publicado nas redes sociais, a musa fitness confirmou que rompeu um tend\u00e3o do joelho.<\/p>\n<p>&#8220;Achei que n\u00e3o fosse nada. O m\u00e9dico disse que perdi muita massa muscular, em cinco semanas foram quinze quilos, e isso sobrecarregou o tend\u00e3o. \u00c9 cirurgia&#8221;, disse a ex-BBB em entrevista ao portal LeoDias.<\/p>\n<p>A ex-esposa do cantor <strong>Belo <\/strong>revelou ainda que ser\u00e1 operada &#8220;quando\u00a0desinchar&#8221; o seu joelho. A urg\u00eancia sugere que <strong>Gracyanne<\/strong> deve ser desclassificada do <strong>Dan\u00e7a dos Famosos<\/strong>, mas a influenciadora ainda n\u00e3o confirmou sua sa\u00edda da competi\u00e7\u00e3o.<\/p>\n<p>O tend\u00e3o \u00e9 uma estrutura fibrosa e resistente que conecta o m\u00fasculo ao osso, permitindo o movimento das articula\u00e7\u00f5es. Quando ocorre a ruptura de um tend\u00e3o do joelho \u2014 geralmente o patelar ou o quadr\u00edceps \u2014 os sintomas incluem dor intensa, incha\u00e7o imediato, dificuldade ou incapacidade de estender a perna e, muitas vezes, sensa\u00e7\u00e3o de estalo no momento da les\u00e3o. As consequ\u00eancias podem ser graves, como perda de for\u00e7a, limita\u00e7\u00e3o de movimentos, dificuldade para andar e necessidade de tratamento cir\u00fargico em casos mais severos.<br \/>\u00a0<br \/>\u00a0<br \/>\u00a0<br \/>\u00a0<br \/>\u00a0<br \/>\u00a0<br \/>\u00a0<br \/>\u00a0<br \/>\u00a0<br \/>\u00a0<\/p>\n<p>\u00a0<br \/>\u00a0<br \/>\u00a0<br \/>\u00a0<br \/>\u00a0<br \/>\u00a0<br \/>\u00a0<br \/>\u00a0<\/p>\n<p>\u00a0<br \/>Gracyanne Barbosa chega mancando em festa do &#8216;Dan\u00e7a dos Famosos&#8217;<br \/>Nas redes sociais, ela mostrou que participou de uma festa com o elenco atual do Dan\u00e7a dos Famosos. Ao chegar ao local, ela foi ovacionada e recebeu ajuda para descer um degrau. Mesmo mancando, Gracyanne sorriu e fez uma dan\u00e7a com cuidado. &#8220;Dan\u00e7a da perninha&#8221;, brincou ao tentar se equilibrar em um p\u00e9 s\u00f3.<br \/>&#8220;Manca, mas feliz por receber tanta gente incr\u00edvel&#8221;, escreveu a ex-mulher de Belo ao publicar o v\u00eddeo. Vale lembrar que em 2024, a musa fitness tamb\u00e9m sofreu uma les\u00e3o no tend\u00e3o e, por conta disso, precisou se afastar do Carnaval. Ela desfilaria como rainha de bateria da Camisa Verde e Branco. A influenciadora ainda precisou passar um tempo afastada da academia.\u00a0\u00a0<\/p>\n","protected":false},"excerpt":{"rendered":"Gracyanne Barbosa precisar\u00e1 fazer uma cirurgia ap\u00f3s se machucar\u00a0durante a grava\u00e7\u00e3o do Dan\u00e7a dos Famosos, quadro do Doming\u00e3o&hellip;\n","protected":false},"author":2,"featured_media":88030,"comment_status":"","ping_status":"","sticky":false,"template":"","format":"standard","meta":{"footnotes":""},"categories":[145],"tags":[211,210,4572,114,115,5735,32,33],"class_list":{"0":"post-88029","1":"post","2":"type-post","3":"status-publish","4":"format-standard","5":"has-post-thumbnail","7":"category-celebridades","8":"tag-celebridades","9":"tag-celebrities","10":"tag-danca-dos-famosos","11":"tag-entertainment","12":"tag-entretenimento","13":"tag-gracyanne-barbosa","14":"tag-portugal","15":"tag-pt"},"share_on_mastodon":{"url":"","error":""},"_links":{"self":[{"href":"https:\/\/www.europesays.com\/pt\/wp-json\/wp\/v2\/posts\/88029","targetHints":{"allow":["GET"]}}],"collection":[{"href":"https:\/\/www.europesays.com\/pt\/wp-json\/wp\/v2\/posts"}],"about":[{"href":"https:\/\/www.europesays.com\/pt\/wp-json\/wp\/v2\/types\/post"}],"author":[{"embeddable":true,"href":"https:\/\/www.europesays.com\/pt\/wp-json\/wp\/v2\/users\/2"}],"replies":[{"embeddable":true,"href":"https:\/\/www.europesays.com\/pt\/wp-json\/wp\/v2\/comments?post=88029"}],"version-history":[{"count":0,"href":"https:\/\/www.europesays.com\/pt\/wp-json\/wp\/v2\/posts\/88029\/revisions"}],"wp:featuredmedia":[{"embeddable":true,"href":"https:\/\/www.europesays.com\/pt\/wp-json\/wp\/v2\/media\/88030"}],"wp:attachment":[{"href":"https:\/\/www.europesays.com\/pt\/wp-json\/wp\/v2\/media?parent=88029"}],"wp:term":[{"taxonomy":"category","embeddable":true,"href":"https:\/\/www.europesays.com\/pt\/wp-json\/wp\/v2\/categories?post=88029"},{"taxonomy":"post_tag","embeddable":true,"href":"https:\/\/www.europesays.com\/pt\/wp-json\/wp\/v2\/tags?post=88029"}],"curies":[{"name":"wp","href":"https:\/\/api.w.org\/{rel}","templated":true}]}}