{"id":88031,"date":"2025-09-26T20:18:08","date_gmt":"2025-09-26T20:18:08","guid":{"rendered":"https:\/\/www.europesays.com\/pt\/88031\/"},"modified":"2025-09-26T20:18:08","modified_gmt":"2025-09-26T20:18:08","slug":"cam-gulbenkian-exposicoes-gratuitas-sobre-as-mil-e-uma-noites-e-libertacao-africana","status":"publish","type":"post","link":"https:\/\/www.europesays.com\/pt\/88031\/","title":{"rendered":"CAM Gulbenkian. Exposi\u00e7\u00f5es gratuitas sobre As mil e uma noites e liberta\u00e7\u00e3o africana"},"content":{"rendered":"<p><strong>Acompanhe toda a atualidade informativa em\u00a0<a href=\"https:\/\/24noticias.sapo.pt\/\" target=\"_blank\" rel=\"noreferrer noopener nofollow\">24noticias.sapo.pt<\/a><\/strong><\/p>\n<p>Al\u00e9m da exposi\u00e7\u00e3o Xerazade, a Cole\u00e7\u00e3o Intermin\u00e1vel do <a href=\"https:\/\/24noticias.sapo.pt\/atualidade\/artigos\/gulbenkian-as-mil-e-uma-noites-a-libertacao-africana-e-os-bugalhos-em-exposicao-no-cam\" rel=\"nofollow noopener\" target=\"_blank\">CAM<\/a> inspirada na hist\u00f3ria &#8220;As Mil e Uma Noites&#8221;, que re\u00fane cerca de 160 obras de uma centena de artistas, pode ainda ver-se a mostra de Zineb Sedira, Standing Here Wondering Which Way to Go (Aqui parado a pensar para que lado ir, em tradu\u00e7\u00e3o livre) sobre a liberta\u00e7\u00e3o africana,\u00a0visitar o projeto de Francisco Tr\u00eapa, Baile dos Bugalhos e ainda a The Listening Biennial (Bienal da Escuta) que apresenta obras \u00e1udio in\u00e9ditas de um grupo internacional de 27 artistas numa viagem repleta de vozes po\u00e9ticas, hist\u00f3rias, ru\u00eddos e can\u00e7\u00f5es, revela o comunicado enviado \u00e0s reda\u00e7\u00f5es.<\/p>\n<p>Recentemente com o objetivo de aproximar os jovens da arte e da cultura, a<strong>\u00a0<\/strong>Funda\u00e7\u00e3o Calouste Gulbenkian passou a oferecer acesso gratuito \u00e0s suas exposi\u00e7\u00f5es a menores de 18 anos. As entradas continuam gratuitas a todos os visitantes aos domingos a partir das 14h00 e aos portadores do Cart\u00e3o Gulbenkian Mais, existem ainda descontos para menores de 30 anos, maiores de 65 anos e para os portadores do Cart\u00e3o Gulbenkian.<\/p>\n<p>Para mais informa\u00e7\u00f5es pode visitar o site do <a href=\"https:\/\/gulbenkian.pt\/cam\/\" target=\"_blank\" rel=\"noreferrer noopener nofollow\">CAM Gulbenkian.\u00a0<\/a><\/p>\n<p>__<br \/><b id=\"s-b-embed-68\" data-stringify-type=\"bold\">A sua newsletter de sempre, agora ainda mais \u00fatil<\/b><br \/>Com o lan\u00e7amento da nova marca de informa\u00e7\u00e3o\u00a0<b>24not\u00edcias<\/b>, estamos a mudar a plataforma de newsletters, aproveitando para refor\u00e7ar a informa\u00e7\u00e3o que os leitores mais valorizam:\u00a0<b>a que lhes \u00e9 \u00fatil, ajuda a tomar decis\u00f5es e a entender o mundo.<\/b><b>Assine a nova newsletter do 24not\u00edcias\u00a0<\/b><b><a href=\"https:\/\/sapo.us1.list-manage.com\/subscribe?u=8f49263740b14ab5854be8045&amp;id=57a39c5e8f\" target=\"_blank\" id=\"s-a-embed-68\" rel=\"noreferrer noopener nofollow\" data-stringify-link=\"https:\/\/sapo.us1.list-manage.com\/subscribe?u=8f49263740b14ab5854be8045&amp;id=57a39c5e8f\" data-sk=\"tooltip_parent\">aqui<\/a><\/b><b>.<\/b><\/p>\n","protected":false},"excerpt":{"rendered":"Acompanhe toda a atualidade informativa em\u00a024noticias.sapo.pt Al\u00e9m da exposi\u00e7\u00e3o Xerazade, a Cole\u00e7\u00e3o Intermin\u00e1vel do CAM inspirada na hist\u00f3ria&hellip;\n","protected":false},"author":2,"featured_media":88032,"comment_status":"","ping_status":"","sticky":false,"template":"","format":"standard","meta":{"footnotes":""},"categories":[144],"tags":[207,205,206,203,201,202,204,114,115,32,33],"class_list":{"0":"post-88031","1":"post","2":"type-post","3":"status-publish","4":"format-standard","5":"has-post-thumbnail","7":"category-arte-e-design","8":"tag-arte","9":"tag-arte-e-design","10":"tag-artedesign","11":"tag-arts","12":"tag-arts-and-design","13":"tag-artsanddesign","14":"tag-design","15":"tag-entertainment","16":"tag-entretenimento","17":"tag-portugal","18":"tag-pt"},"share_on_mastodon":{"url":"","error":""},"_links":{"self":[{"href":"https:\/\/www.europesays.com\/pt\/wp-json\/wp\/v2\/posts\/88031","targetHints":{"allow":["GET"]}}],"collection":[{"href":"https:\/\/www.europesays.com\/pt\/wp-json\/wp\/v2\/posts"}],"about":[{"href":"https:\/\/www.europesays.com\/pt\/wp-json\/wp\/v2\/types\/post"}],"author":[{"embeddable":true,"href":"https:\/\/www.europesays.com\/pt\/wp-json\/wp\/v2\/users\/2"}],"replies":[{"embeddable":true,"href":"https:\/\/www.europesays.com\/pt\/wp-json\/wp\/v2\/comments?post=88031"}],"version-history":[{"count":0,"href":"https:\/\/www.europesays.com\/pt\/wp-json\/wp\/v2\/posts\/88031\/revisions"}],"wp:featuredmedia":[{"embeddable":true,"href":"https:\/\/www.europesays.com\/pt\/wp-json\/wp\/v2\/media\/88032"}],"wp:attachment":[{"href":"https:\/\/www.europesays.com\/pt\/wp-json\/wp\/v2\/media?parent=88031"}],"wp:term":[{"taxonomy":"category","embeddable":true,"href":"https:\/\/www.europesays.com\/pt\/wp-json\/wp\/v2\/categories?post=88031"},{"taxonomy":"post_tag","embeddable":true,"href":"https:\/\/www.europesays.com\/pt\/wp-json\/wp\/v2\/tags?post=88031"}],"curies":[{"name":"wp","href":"https:\/\/api.w.org\/{rel}","templated":true}]}}