{"id":88051,"date":"2025-09-26T20:34:15","date_gmt":"2025-09-26T20:34:15","guid":{"rendered":"https:\/\/www.europesays.com\/pt\/88051\/"},"modified":"2025-09-26T20:34:15","modified_gmt":"2025-09-26T20:34:15","slug":"catarina-miranda-foge-em-desespero-apos-brincadeira-de-afonso-leitao-tvi","status":"publish","type":"post","link":"https:\/\/www.europesays.com\/pt\/88051\/","title":{"rendered":"Catarina Miranda foge em desespero ap\u00f3s brincadeira de Afonso Leit\u00e3o &#8211; TVI"},"content":{"rendered":"<ol>\n<li><a href=\"https:\/\/news.google.com\/rss\/articles\/CBMiywFBVV95cUxNd0gzMXY1dENUTS1sNlExUzZJRUkta0Q0d3pJQndnRjRxcHllaFdua2RaN2JMM1lJZ2kyMFpXaUxUR21hUTdzRW9QMEcxdXV2RVZoT0djTDJGdkNickYycjBsVmdoV3VScERZVEFBNnVic0NoZngtbEtuaU96WVVVSW81MUVzb2RkejVyeTR5TE9GOUFzSEhwdm5GUjRuUDJrNGtySmM3RGhpOTRac1h6YVVjaW11NWpDQmpxUHB3ZDJKRi1aWURmMnlGMA?oc=5\" target=\"_blank\" rel=\"nofollow noopener\">Catarina Miranda foge em desespero ap\u00f3s brincadeira de Afonso Leit\u00e3o<\/a>&nbsp;&nbsp;TVI<\/li>\n<li><a href=\"https:\/\/news.google.com\/rss\/articles\/CBMivAFBVV95cUxOM3dDMU0zdVI2dkh4Y2pqMF9fSXdMZDJvSEUwQ0FPQWd5Q0JkMEl0OU03cXE1U1Y0RFpfbWZXU2hta2l0aTdEa3dMb2RWSXBZUm5DYVdSMEtJVzE2QUo0ZTFEUXRHeEpXV2JYcjRxaGhWT0RZaE9mZ2FyMGtacDZ1N2FRcWJ0cExlMGZRcGFNaXZhcTA1OERxZHdzMUlSdTVTa0pfd1BINkxWUXVXN21nQ2xodGdpWUxQZlpOTA?oc=5\" target=\"_blank\" rel=\"nofollow noopener\">Casal em discuss\u00e3o! Pedro atira a Marisa: \u00abN\u00e3o \u00e9 porque o Bruno fala&#8230;\u00bb<\/a>&nbsp;&nbsp;Not\u00edcias de hoje &#8211; IOL<\/li>\n<li><a href=\"https:\/\/news.google.com\/rss\/articles\/CBMi3gFBVV95cUxOTHdTeklpYUR6S1hDNVNaOHJmRHlhVFJKUngyeWVDTWtldGpJXzNIeXM0OEk2dUxicHlRTXNEZ3J6cEcySjNsdGx4Y0lDTVVxdmhSN3BzLWVRWWlFSW5hLXBiVFhmRGtWV0F6V3lXVFA5c3pqUVhfeHdxTlZZRzlRaks2d1FGVFl6V0RzMlBxdXJ1U1NFLWNaZXpKcnNQTDFMSE1qbVNzU2U1X1YtdmpsaTB2eC04YVVMZ3pIQ1RyVXZFQkpRSzZvY3RsWjduQy1ZZzlDVlRROUxzMWJJQmc?oc=5\" target=\"_blank\" rel=\"nofollow noopener\">Liliana e Leandro em discuss\u00e3o sem fim: \u00abPorque \u00e9 que est\u00e1s com esse p\u00e9 atr\u00e1s de mim?\u00bb<\/a>&nbsp;&nbsp;TVI<\/li>\n<li><a href=\"https:\/\/news.google.com\/rss\/articles\/CBMixAFBVV95cUxOb0pYSXI2T29PdXNwVEIwQWRuTDgzX0kxWnp3SUlfUXd6QlNDMmlXOFEtSzc3NjdmS1E2dTJheVl5ZEJzUVcyd19OT0hocmYxdmRTdVIwUGZKLUZ1UjFHUWFVdHJUT2wwZFlUNzlfX0txaWdybGtBeFd6TVNBYlNzRWN1MnlmemUxejlCRks2X0xwSnlEajFoV254a3NpTThNdFJHYWo0TXJvQWFnRFd5WGRnUldsbU9lS0RuUlFiNjk2U3NV?oc=5\" target=\"_blank\" rel=\"nofollow noopener\">Liliana desconfia de Mariana e F\u00e1bio. Ser\u00e1 que \u00e0 interesse no ar?<\/a>&nbsp;&nbsp;TVI<\/li>\n<li><a href=\"https:\/\/news.google.com\/rss\/articles\/CBMiuwFBVV95cUxPZHdvQXBSZW5JN2VEZmFOcmRzYTRaMWVndDZ5eHpCSXRhNVhXN0EwOGZPRlRTWDhTV2w4blRYM3F1d0x3WHJxOWY2dDduNnhUQ3pJczBoTDE3TGRZRElJUFRLZFc1OTU4OGtxdGU5ZkQwU044WXlEM19CMjdEZG1kMzQtYVlyMmFSSWlaR2ExUTVkSlpPYUhPdzJIZ1ZoT2Y4dHMxOUl1MXREb2V3NGY5S3VvRWdqcnZYRGlR?oc=5\" target=\"_blank\" rel=\"nofollow noopener\">Dylan desiste de Vera?: \u00abDeixa de fazer sentido, n\u00e3o me puxa&#8230;\u00bb<\/a>&nbsp;&nbsp;TVI<\/li>\n<\/ol>\n","protected":false},"excerpt":{"rendered":"Catarina Miranda foge em desespero ap\u00f3s brincadeira de Afonso Leit\u00e3o&nbsp;&nbsp;TVI Casal em discuss\u00e3o! Pedro atira a Marisa: \u00abN\u00e3o&hellip;\n","protected":false},"author":2,"featured_media":88052,"comment_status":"","ping_status":"","sticky":false,"template":"","format":"standard","meta":{"footnotes":""},"categories":[142],"tags":[2031,342,114,115,19033,19034,32,33,151,19032],"class_list":{"0":"post-88051","1":"post","2":"type-post","3":"status-publish","4":"format-standard","5":"has-post-thumbnail","7":"category-tv","8":"tag-afonso-leitao","9":"tag-catarina-miranda","10":"tag-entertainment","11":"tag-entretenimento","12":"tag-galas-em-video","13":"tag-melhores-momentos-casa-dos-segredos","14":"tag-portugal","15":"tag-pt","16":"tag-tv","17":"tag-videos-secret-story-tvi"},"share_on_mastodon":{"url":"","error":""},"_links":{"self":[{"href":"https:\/\/www.europesays.com\/pt\/wp-json\/wp\/v2\/posts\/88051","targetHints":{"allow":["GET"]}}],"collection":[{"href":"https:\/\/www.europesays.com\/pt\/wp-json\/wp\/v2\/posts"}],"about":[{"href":"https:\/\/www.europesays.com\/pt\/wp-json\/wp\/v2\/types\/post"}],"author":[{"embeddable":true,"href":"https:\/\/www.europesays.com\/pt\/wp-json\/wp\/v2\/users\/2"}],"replies":[{"embeddable":true,"href":"https:\/\/www.europesays.com\/pt\/wp-json\/wp\/v2\/comments?post=88051"}],"version-history":[{"count":0,"href":"https:\/\/www.europesays.com\/pt\/wp-json\/wp\/v2\/posts\/88051\/revisions"}],"wp:featuredmedia":[{"embeddable":true,"href":"https:\/\/www.europesays.com\/pt\/wp-json\/wp\/v2\/media\/88052"}],"wp:attachment":[{"href":"https:\/\/www.europesays.com\/pt\/wp-json\/wp\/v2\/media?parent=88051"}],"wp:term":[{"taxonomy":"category","embeddable":true,"href":"https:\/\/www.europesays.com\/pt\/wp-json\/wp\/v2\/categories?post=88051"},{"taxonomy":"post_tag","embeddable":true,"href":"https:\/\/www.europesays.com\/pt\/wp-json\/wp\/v2\/tags?post=88051"}],"curies":[{"name":"wp","href":"https:\/\/api.w.org\/{rel}","templated":true}]}}