{"id":88077,"date":"2025-09-26T20:53:13","date_gmt":"2025-09-26T20:53:13","guid":{"rendered":"https:\/\/www.europesays.com\/pt\/88077\/"},"modified":"2025-09-26T20:53:13","modified_gmt":"2025-09-26T20:53:13","slug":"cristina-ferreira-mostra-o-calcado-que-vai-rivalizar-com-as-botas-este-outono","status":"publish","type":"post","link":"https:\/\/www.europesays.com\/pt\/88077\/","title":{"rendered":"Cristina Ferreira mostra o cal\u00e7ado que vai rivalizar com as botas este outono"},"content":{"rendered":"<p>Cristina Ferreira \u00e9 muitas vezes fonte de inspira\u00e7\u00e3o, seja nos <a href=\"https:\/\/versa.iol.pt\/cristina-ferreira\/jeans\/esgotaram-em-3-horas-mas-ha-outras-calcas-tendencia-como-as-de-cristina-ferreira\/20250916\/68c95ddcd34ee0c2fed027f1\" rel=\"nofollow noopener\" target=\"_blank\">looks<\/a><a href=\"https:\/\/versa.iol.pt\/cristina-ferreira\/jeans\/esgotaram-em-3-horas-mas-ha-outras-calcas-tendencia-como-as-de-cristina-ferreira\/20250916\/68c95ddcd34ee0c2fed027f1\" rel=\"nofollow noopener\" target=\"_blank\">, nas pe\u00e7as tend\u00eancia<\/a>, nos <a href=\"https:\/\/versa.iol.pt\/gourmet\/restaurante\/se-encontrares-cristina-ferreira-neste-novo-restaurante-nao-te-admires\/20240521\/664c5dd0d34e0498922113c1\" rel=\"nofollow noopener\" target=\"_blank\">restaurantes<\/a>, no <a href=\"https:\/\/versa.iol.pt\/cristina-ferreira\/cabelo\/novo-corte-de-cabelo-de-cristina-ferreira-vai-ser-copiado-por-muitos\/20250915\/68c80f88d34ee0c2fed01d42\" rel=\"nofollow noopener\" target=\"_blank\">corte de cabelo<\/a> ou at\u00e9 nas <a href=\"https:\/\/versa.iol.pt\/cristina-ferreira\/algarve\/em-que-praia-do-algarve-esta-cristina-ferreira-tem-uma-especie-rara-e-um-areal-unico\/20250721\/687e1e47d34ef72ee4488bd0\" rel=\"nofollow noopener\" target=\"_blank\">praias a visitar<\/a>.<\/p>\n<p>Recentemente, a apresentadora partilhou nos stories do Instagram o look escolhido para o turno da noite do programa que est\u00e1 a conduzir. Mas o que nos chamou a aten\u00e7\u00e3o foram os sapatos que estava a usar.<\/p>\n<p>Apesar de j\u00e1 estarmos no outono e s\u00f3 pensarmos em <a href=\"https:\/\/versa.iol.pt\/botas\/vestido\/e-a-combinacao-perfeita-de-outono-e-temos-35-inspiracoes\/20250925\/68d26e23d34ee0c2fed06a56\" rel=\"nofollow noopener\" target=\"_blank\">botas e coordenados mais quentes<\/a>, as <a href=\"https:\/\/versa.iol.pt\/moda\/sapatilhas\/confirmada-tendencia-os-tenis-deste-ano-precisam-de-ter-esta-particularidade\/20250328\/67e54f6ad34e3f0bae9c2f90\" rel=\"nofollow noopener\" target=\"_blank\">sabrinas que voltaram em for\u00e7a este ano ainda n\u00e3o v\u00e3o embora<\/a>. Confort\u00e1veis e capazes de transformar qualquer look, continuam a ser as estrelas nos p\u00e9s de celebridades e influencers em todo o mundo.<\/p>\n<p>Cristina Ferreira optou por um par preto com tachas, um modelo que junta duas tend\u00eancias: as sabrinas e os <a href=\"https:\/\/versa.iol.pt\/tenis\/sapatilhas\/kelly-bailey-obrigada-por-nos-mostrares-os-tenis-que-vamos-usar-este-outono\/20250924\/68d41d5ed34ee0c2fed07ed8\" rel=\"nofollow noopener\" target=\"_blank\">detalhes met\u00e1licos que marcam a esta\u00e7\u00e3o<\/a>. Depois de uma pesquisa, percebemos que o seu par parece ser da Guess, mas encontramos op\u00e7\u00f5es semelhantes em marcas como Zara e Lefties.<\/p>\n<p>Uma coisa \u00e9 certa: as sabrinas v\u00e3o continuar a invadir as ruas esta esta\u00e7\u00e3o. Se ficaste f\u00e3, deixamos-te uma galeria de imagens cheia de modelos para escolheres as tuas favoritas.<\/p>\n","protected":false},"excerpt":{"rendered":"Cristina Ferreira \u00e9 muitas vezes fonte de inspira\u00e7\u00e3o, seja nos looks, nas pe\u00e7as tend\u00eancia, nos restaurantes, no corte&hellip;\n","protected":false},"author":2,"featured_media":46222,"comment_status":"","ping_status":"","sticky":false,"template":"","format":"standard","meta":{"footnotes":""},"categories":[85],"tags":[1081,10049,166,204,114,115,754,186,1079,32,33,22162,1078,1080],"class_list":{"0":"post-88077","1":"post","2":"type-post","3":"status-publish","4":"format-standard","5":"has-post-thumbnail","7":"category-entretenimento","8":"tag-beleza","9":"tag-botas","10":"tag-cristina-ferreira","11":"tag-design","12":"tag-entertainment","13":"tag-entretenimento","14":"tag-gastronomia","15":"tag-lifestyle","16":"tag-moda","17":"tag-portugal","18":"tag-pt","19":"tag-sabrinas","20":"tag-versa","21":"tag-viagens"},"share_on_mastodon":{"url":"","error":""},"_links":{"self":[{"href":"https:\/\/www.europesays.com\/pt\/wp-json\/wp\/v2\/posts\/88077","targetHints":{"allow":["GET"]}}],"collection":[{"href":"https:\/\/www.europesays.com\/pt\/wp-json\/wp\/v2\/posts"}],"about":[{"href":"https:\/\/www.europesays.com\/pt\/wp-json\/wp\/v2\/types\/post"}],"author":[{"embeddable":true,"href":"https:\/\/www.europesays.com\/pt\/wp-json\/wp\/v2\/users\/2"}],"replies":[{"embeddable":true,"href":"https:\/\/www.europesays.com\/pt\/wp-json\/wp\/v2\/comments?post=88077"}],"version-history":[{"count":0,"href":"https:\/\/www.europesays.com\/pt\/wp-json\/wp\/v2\/posts\/88077\/revisions"}],"wp:featuredmedia":[{"embeddable":true,"href":"https:\/\/www.europesays.com\/pt\/wp-json\/wp\/v2\/media\/46222"}],"wp:attachment":[{"href":"https:\/\/www.europesays.com\/pt\/wp-json\/wp\/v2\/media?parent=88077"}],"wp:term":[{"taxonomy":"category","embeddable":true,"href":"https:\/\/www.europesays.com\/pt\/wp-json\/wp\/v2\/categories?post=88077"},{"taxonomy":"post_tag","embeddable":true,"href":"https:\/\/www.europesays.com\/pt\/wp-json\/wp\/v2\/tags?post=88077"}],"curies":[{"name":"wp","href":"https:\/\/api.w.org\/{rel}","templated":true}]}}