{"id":88088,"date":"2025-09-26T21:03:07","date_gmt":"2025-09-26T21:03:07","guid":{"rendered":"https:\/\/www.europesays.com\/pt\/88088\/"},"modified":"2025-09-26T21:03:07","modified_gmt":"2025-09-26T21:03:07","slug":"twice-no-cinema-documentario-de-10-anos-do-grupo-ganha-trailer-veja","status":"publish","type":"post","link":"https:\/\/www.europesays.com\/pt\/88088\/","title":{"rendered":"TWICE no cinema! Document\u00e1rio de 10 anos do grupo ganha trailer; veja"},"content":{"rendered":"<p>O grupo de K-Pop <a href=\"https:\/\/recreio.com.br\/tags\/twice\" target=\"_blank\" rel=\"noopener nofollow\">TWICE<\/a> est\u00e1 pronto para presentear os ONCEs (nome dado aos seus f\u00e3s) com um presente de anivers\u00e1rio especial\u00edssimo: o document\u00e1rio \u201cTWICE: ONE IN A MILLI10N\u201d. A produ\u00e7\u00e3o, que celebra os 10 anos de estreia do girl group, est\u00e1 programada para chegar aos cinemas ao redor do mundo no dia 20 de outubro de 2025; veja o trailer:<\/p>\n<p>Os f\u00e3s brasileiros, no entanto, ainda precisam segurar a ansiedade! At\u00e9 o momento da publica\u00e7\u00e3o desta nota, ainda n\u00e3o h\u00e1 confirma\u00e7\u00e3o oficial sobre a exibi\u00e7\u00e3o de \u201cTWICE: ONE IN A MILLI10N\u201d nas telonas do <a href=\"https:\/\/www.gov.br\/pt-br\" target=\"_blank\" rel=\"noopener nofollow\">Brasil<\/a>. Mas, o an\u00fancio global \u00e9 uma excelente not\u00edcia e aumenta a expectativa de que o filme chegue por aqui em breve!<\/p>\n<p> O que esperar de \u201cTWICE: ONE IN A MILLI10N\u201d? <\/p>\n<p>O t\u00edtulo do document\u00e1rio, \u201cONE IN A MILLI10N\u201d, faz uma refer\u00eancia direta \u00e0 ic\u00f4nica frase de introdu\u00e7\u00e3o do grupo: \u201cOne in a Million, annyeonghaseyo TWICE imnida!\u201d (Um em um milh\u00e3o, ol\u00e1, n\u00f3s somos o TWICE!, em livre tradu\u00e7\u00e3o). E, de fato, a trajet\u00f3ria do grupo \u00e9 \u00fanica e inspiradora!<\/p>\n<p>A produ\u00e7\u00e3o promete ser um olhar \u00edntimo sobre a jornada de dez anos das nove integrantes, desde os primeiros passos como trainees at\u00e9 se tornarem um fen\u00f4meno global do K-Pop. O filme ter\u00e1 100 minutos de dura\u00e7\u00e3o, trazendo:<\/p>\n<ul>\n<li>Cenas in\u00e9ditas de bastidores, que mostram a rotina e a press\u00e3o do estrelato.<\/li>\n<li>Depoimentos emocionantes de todas as integrantes, onde elas refletem sobre o caminho percorrido.<\/li>\n<li>Momentos de performance de tirar o f\u00f4lego, mostrando o poder do grupo no palco.<\/li>\n<\/ul>\n<p>O document\u00e1rio foi revelado pela primeira vez durante a etapa sul-coreana da turn\u00ea mundial \u201cTHIS IS FOR\u201d, em julho de 2025, e gerou como\u00e7\u00e3o imediata entre os f\u00e3s.<\/p>\n<p> Quem s\u00e3o as estrelas do TWICE? <\/p>\n<p>Formado pela renomada ag\u00eancia <a href=\"https:\/\/en.wikipedia.org\/wiki\/JYP_Entertainment#:~:text=A%20JYP%20Entertainment%20Corporation%20(%20em,opera%20subsidi%C3%A1rias%20e%20divis%C3%B5es%20internacionalmente.\" target=\"_blank\" rel=\"noopener nofollow\">JYP Entertainment<\/a> atrav\u00e9s do reality show de sobreviv\u00eancia \u201cSixteen\u201d em 2015, o TWICE rapidamente se estabeleceu como um dos principais girl groups de sua gera\u00e7\u00e3o, recebendo at\u00e9 mesmo o t\u00edtulo honor\u00edfico de \u201cGrupo Feminino da Na\u00e7\u00e3o\u201d na Coreia do Sul.<\/p>\n<p>O segredo para a longevidade do grupo, que manteve sua forma\u00e7\u00e3o original intacta ao longo de toda a d\u00e9cada, \u00e9 a for\u00e7a da uni\u00e3o e a cumplicidade entre suas nove integrantes: <a href=\"https:\/\/www.instagram.com\/nayeonyny\" target=\"_blank\" rel=\"noopener nofollow\"><strong>Nayeon<\/strong><\/a>, <strong>Jeongyeon<\/strong>, <strong>Momo<\/strong>, <strong>Sana<\/strong>, <strong>Jihyo<\/strong>, <strong>Mina<\/strong>, <strong>Dahyun<\/strong>, <strong>Chaeyoung<\/strong> e <strong>Tzuyu<\/strong>. Em 2022, todas as integrantes renovaram seus contratos com a JYP Entertainment, garantindo a continuidade do TWICE por muitos anos.<\/p>\n<p>As meninas v\u00eam dominando as paradas com hits como \u201cCheer Up\u201d, \u201cTT\u201d, \u201cWhat is Love?\u201d e, mais recentemente, com o \u00e1lbum especial \u201cTEN: The Story Goes On\u201d, que tamb\u00e9m faz parte das celebra\u00e7\u00f5es de 10 anos e foi lan\u00e7ado dias antes da estreia do document\u00e1rio.<\/p>\n<p> A celebra\u00e7\u00e3o de 10 anos do TWICE <\/p>\n<p>O document\u00e1rio \u00e9 apenas uma das muitas formas que o grupo encontrou para comemorar esta marca incr\u00edvel. Al\u00e9m de \u201cTWICE: ONE IN A MILLI10N\u201d e do \u00e1lbum especial, as meninas tamb\u00e9m realizaram a bem-sucedida turn\u00ea mundial \u201cTHIS IS FOR\u201d e t\u00eam um fan-meeting programado em Seul para marcar a data de debut em grande estilo.<\/p>\n<p>O lan\u00e7amento global nos cinemas de pa\u00edses como Coreia do Sul, Estados Unidos, Hong Kong, Filipinas, e muitos outros na Europa, solidifica o status do TWICE como um dos grupos de K-Pop mais influentes e importantes da hist\u00f3ria. Agora, resta torcer para que o Brasil entre rapidamente na rota de exibi\u00e7\u00e3o!<\/p>\n<p>\t                                            <script async src=\"\/\/www.instagram.com\/embed.js\"><\/script><\/p>\n","protected":false},"excerpt":{"rendered":"O grupo de K-Pop TWICE est\u00e1 pronto para presentear os ONCEs (nome dado aos seus f\u00e3s) com um&hellip;\n","protected":false},"author":2,"featured_media":88089,"comment_status":"","ping_status":"","sticky":false,"template":"","format":"standard","meta":{"footnotes":""},"categories":[141],"tags":[22165,14037,114,115,22166,22167,15052,1688,13882,22168,149,150,22169,32,33,22170,14047,22171],"class_list":{"0":"post-88088","1":"post","2":"type-post","3":"status-publish","4":"format-standard","5":"has-post-thumbnail","7":"category-musica","8":"tag-chaeyoung","9":"tag-dahyun","10":"tag-entertainment","11":"tag-entretenimento","12":"tag-jeongyeon","13":"tag-jihyo","14":"tag-jyp-entertainment","15":"tag-k-pop","16":"tag-mina","17":"tag-momo","18":"tag-music","19":"tag-musica","20":"tag-nayeon","21":"tag-portugal","22":"tag-pt","23":"tag-sana","24":"tag-twice","25":"tag-tzuyu"},"share_on_mastodon":{"url":"","error":""},"_links":{"self":[{"href":"https:\/\/www.europesays.com\/pt\/wp-json\/wp\/v2\/posts\/88088","targetHints":{"allow":["GET"]}}],"collection":[{"href":"https:\/\/www.europesays.com\/pt\/wp-json\/wp\/v2\/posts"}],"about":[{"href":"https:\/\/www.europesays.com\/pt\/wp-json\/wp\/v2\/types\/post"}],"author":[{"embeddable":true,"href":"https:\/\/www.europesays.com\/pt\/wp-json\/wp\/v2\/users\/2"}],"replies":[{"embeddable":true,"href":"https:\/\/www.europesays.com\/pt\/wp-json\/wp\/v2\/comments?post=88088"}],"version-history":[{"count":0,"href":"https:\/\/www.europesays.com\/pt\/wp-json\/wp\/v2\/posts\/88088\/revisions"}],"wp:featuredmedia":[{"embeddable":true,"href":"https:\/\/www.europesays.com\/pt\/wp-json\/wp\/v2\/media\/88089"}],"wp:attachment":[{"href":"https:\/\/www.europesays.com\/pt\/wp-json\/wp\/v2\/media?parent=88088"}],"wp:term":[{"taxonomy":"category","embeddable":true,"href":"https:\/\/www.europesays.com\/pt\/wp-json\/wp\/v2\/categories?post=88088"},{"taxonomy":"post_tag","embeddable":true,"href":"https:\/\/www.europesays.com\/pt\/wp-json\/wp\/v2\/tags?post=88088"}],"curies":[{"name":"wp","href":"https:\/\/api.w.org\/{rel}","templated":true}]}}