{"id":88106,"date":"2025-09-26T21:18:04","date_gmt":"2025-09-26T21:18:04","guid":{"rendered":"https:\/\/www.europesays.com\/pt\/88106\/"},"modified":"2025-09-26T21:18:04","modified_gmt":"2025-09-26T21:18:04","slug":"estrela-de-harry-potter-revela-que-levou-uma-surra-apos-o-fim-da-saga","status":"publish","type":"post","link":"https:\/\/www.europesays.com\/pt\/88106\/","title":{"rendered":"Estrela de &#8216;Harry Potter&#8217; revela que &#8216;levou uma surra&#8217; ap\u00f3s o fim da saga"},"content":{"rendered":"\n<p>Emma Watson emocionou f\u00e3s ao falar, com l\u00e1grimas nos olhos, sobre as dificuldades que enfrentou ao tentar fazer amigos em Hollywood depois do fim da saga Harry Potter. A atriz de 35 anos, que tem liga\u00e7\u00e3o curiosa com sucessora de Anna Wintour, participou do podcast On Purpose, comandado por Jay Shetty, em epis\u00f3dio lan\u00e7ado nesta quarta-feira (24), e revelou que sua experi\u00eancia fora do universo do bruxinho foi marcada por dor e desilus\u00e3o.<\/p>\n<blockquote class=\"citacao\"><p>Eu ia trabalhar em busca de amizade, e fora de Harry Potter, em Hollywood, isso foi uma experi\u00eancia muito dolorosa para mim. Dolorosa de um jeito quase insuport\u00e1vel&#8221;, desabafou a atriz durante a entrevista, repercutida pela revista People.<\/p><\/blockquote>\n<p><strong>Expectativa de amizade virou decep\u00e7\u00e3o<\/strong><\/p>\n<p>Segundo Emma Watson, a conviv\u00eancia com o elenco de Harry Potter a fez acreditar que todos os sets de filmagem funcionariam como uma grande fam\u00edlia. A atriz interpretou Hermione Granger entre 2001 e 2011 e destacou que aqueles anos criaram um senso de comunidade muito forte.<\/p>\n<blockquote class=\"citacao\"><p>Eu chegava nos sets com uma expectativa que desenvolvi em Harry Potter: a de que as pessoas com quem eu trabalhava se tornariam minha fam\u00edlia, de que ser\u00edamos amigos para a vida toda&#8221;, disse.<\/p><\/blockquote>\n<p>No entanto, em outras produ\u00e7\u00f5es, a realidade foi bem diferente. \u201cA maioria das pessoas n\u00e3o vai para esses ambientes procurando amizade. Elas pensam: \u2018Essa \u00e9 a minha chance. Esse \u00e9 o meu papel. Esse \u00e9 o meu trabalho, essa \u00e9 a minha carreira\u2019. E eu n\u00e3o estava nessa mesma sintonia.\u201d<\/p>\n<p><strong>Quebrei a cara. Quebrei feio&#8217;<\/strong><\/p>\n<p>A atriz n\u00e3o escondeu que o choque cultural entre as rela\u00e7\u00f5es criadas em Harry Potter e as experi\u00eancias posteriores foi devastador. \u201cFoi muito doloroso lidar com a falta de amizade. D\u00f3i demais. \u00c9 muito incomum filmar por 12 anos seguidos. N\u00f3s realmente \u00e9ramos uma comunidade\u201d, lembrou.<\/p>\n<p>Watson acrescentou que levou essa expectativa para outros trabalhos e acabou decepcionada: \u201cLevei essa expectativa para outros lugares em que trabalhei, e acabei quebrando a cara. Quebrei feio. Eu realmente levei uma surra emocional.\u201d<\/p>\n<p><strong>Ambiente competitivo e solit\u00e1rio<\/strong><\/p>\n<p>Questionada se competi\u00e7\u00e3o, inveja ou hierarquia eram as principais barreiras para amizades sinceras, Emma Watson respondeu de forma direta: \u201cAcho que foi uma combina\u00e7\u00e3o de tudo isso. Um verdadeiro coquetel molotov.\u201d<\/p>\n<p>A atriz, que n\u00e3o aparece em um filme desde Ador\u00e1veis Mulheres (2019), tamb\u00e9m admitiu n\u00e3o ser algu\u00e9m de \u201cpele grossa\u201d. Em suas palavras: \u201cTalvez eu simplesmente n\u00e3o tenha sido feita para ambientes t\u00e3o competitivos.\u201d<\/p>\n","protected":false},"excerpt":{"rendered":"Emma Watson emocionou f\u00e3s ao falar, com l\u00e1grimas nos olhos, sobre as dificuldades que enfrentou ao tentar fazer&hellip;\n","protected":false},"author":2,"featured_media":88107,"comment_status":"","ping_status":"","sticky":false,"template":"","format":"standard","meta":{"footnotes":""},"categories":[140],"tags":[3736,8161,22189,16355,22182,21871,114,115,4362,147,148,3318,700,22186,22187,2595,22184,22188,15071,146,32,33,17132,22185,22183],"class_list":{"0":"post-88106","1":"post","2":"type-post","3":"status-publish","4":"format-standard","5":"has-post-thumbnail","7":"category-filmes","8":"tag-amizade","9":"tag-carreira","10":"tag-choque-cultural","11":"tag-comunidade","12":"tag-dificuldades","13":"tag-emma-watson","14":"tag-entertainment","15":"tag-entretenimento","16":"tag-estrela","17":"tag-film","18":"tag-filmes","19":"tag-fim","20":"tag-harry-potter","21":"tag-hermione","22":"tag-hierarquia","23":"tag-hollywood","24":"tag-inveja","25":"tag-jay-shetty","26":"tag-levou","27":"tag-movies","28":"tag-portugal","29":"tag-pt","30":"tag-revela","31":"tag-saga","32":"tag-surra"},"share_on_mastodon":{"url":"","error":""},"_links":{"self":[{"href":"https:\/\/www.europesays.com\/pt\/wp-json\/wp\/v2\/posts\/88106","targetHints":{"allow":["GET"]}}],"collection":[{"href":"https:\/\/www.europesays.com\/pt\/wp-json\/wp\/v2\/posts"}],"about":[{"href":"https:\/\/www.europesays.com\/pt\/wp-json\/wp\/v2\/types\/post"}],"author":[{"embeddable":true,"href":"https:\/\/www.europesays.com\/pt\/wp-json\/wp\/v2\/users\/2"}],"replies":[{"embeddable":true,"href":"https:\/\/www.europesays.com\/pt\/wp-json\/wp\/v2\/comments?post=88106"}],"version-history":[{"count":0,"href":"https:\/\/www.europesays.com\/pt\/wp-json\/wp\/v2\/posts\/88106\/revisions"}],"wp:featuredmedia":[{"embeddable":true,"href":"https:\/\/www.europesays.com\/pt\/wp-json\/wp\/v2\/media\/88107"}],"wp:attachment":[{"href":"https:\/\/www.europesays.com\/pt\/wp-json\/wp\/v2\/media?parent=88106"}],"wp:term":[{"taxonomy":"category","embeddable":true,"href":"https:\/\/www.europesays.com\/pt\/wp-json\/wp\/v2\/categories?post=88106"},{"taxonomy":"post_tag","embeddable":true,"href":"https:\/\/www.europesays.com\/pt\/wp-json\/wp\/v2\/tags?post=88106"}],"curies":[{"name":"wp","href":"https:\/\/api.w.org\/{rel}","templated":true}]}}