{"id":88119,"date":"2025-09-26T21:27:09","date_gmt":"2025-09-26T21:27:09","guid":{"rendered":"https:\/\/www.europesays.com\/pt\/88119\/"},"modified":"2025-09-26T21:27:09","modified_gmt":"2025-09-26T21:27:09","slug":"giulia-costa-filha-de-flavia-alessandra-abre-o-jogo-sobre-a-dependencia-quimica-do-pai","status":"publish","type":"post","link":"https:\/\/www.europesays.com\/pt\/88119\/","title":{"rendered":"Giulia Costa, filha de Fl\u00e1via Alessandra, abre o jogo sobre a depend\u00eancia qu\u00edmica do pai"},"content":{"rendered":"<p>                            <img width=\"944\" height=\"531\" src=\"https:\/\/www.europesays.com\/pt\/wp-content\/uploads\/2025\/09\/flavia-alessandra-e-filha-1-944x531.jpg\" class=\"attachment-custom-large size-custom-large article-featured-image\" alt=\"\" fetchpriority=\"high\" decoding=\"async\"  \/><\/p>\n<p>Giulia Costa falou sobre dor da inf\u00e2ncia e revelou alcoolismo de Marcos Paulo (Foto: Divulga\u00e7\u00e3o TV Globo\/YouTube)<\/p>\n<p>A atriz e filha de Fl\u00e1via Alessandra, Giulia Costa, comoveu a internet ao abordar de forma in\u00e9dita o alcoolismo do pai, o diretor Marcos Paulo, falecido em 2012. A declara\u00e7\u00e3o aconteceu durante a grava\u00e7\u00e3o de um epis\u00f3dio para o podcast \u201cP\u00e9 no sof\u00e1 pod\u201d onde a jovem revelou pela primeira vez como o tema impactou sua sa\u00fade mental.<\/p>\n<p>Continua depois da publicidade<\/p>\n<p>Fl\u00e1via tamb\u00e9m comentou sobre como enfrentou o problema na \u00e9poca, destacando o esfor\u00e7o em proteger a filha.<\/p>\n<p>\u2014 Ele era, e ele ia ao AA. A Jujuba era muito crian\u00e7a\u2026 Ent\u00e3o ela n\u00e3o participava, e a gente ainda n\u00e3o a envolvia \u2014 explicou a atriz.<\/p>\n<p><a href=\"https:\/\/cbntotal.com.br\/cotidiano\/filha-de-flavia-alessandra-giulia-costa-fala-pela-primeira-vez-sobre-dependencia-quimica-do-pai\/\" rel=\"nofollow noopener\" target=\"_blank\"><strong>Leia a reportagem completa em CBN Total. <\/strong><\/a><\/p>\n<p>Continua depois da publicidade<\/p>\n","protected":false},"excerpt":{"rendered":"Giulia Costa falou sobre dor da inf\u00e2ncia e revelou alcoolismo de Marcos Paulo (Foto: Divulga\u00e7\u00e3o TV Globo\/YouTube) A&hellip;\n","protected":false},"author":2,"featured_media":88120,"comment_status":"","ping_status":"","sticky":false,"template":"","format":"standard","meta":{"footnotes":""},"categories":[145],"tags":[211,210,829,114,115,32,33],"class_list":{"0":"post-88119","1":"post","2":"type-post","3":"status-publish","4":"format-standard","5":"has-post-thumbnail","7":"category-celebridades","8":"tag-celebridades","9":"tag-celebrities","10":"tag-conteudo-liberado","11":"tag-entertainment","12":"tag-entretenimento","13":"tag-portugal","14":"tag-pt"},"share_on_mastodon":{"url":"","error":""},"_links":{"self":[{"href":"https:\/\/www.europesays.com\/pt\/wp-json\/wp\/v2\/posts\/88119","targetHints":{"allow":["GET"]}}],"collection":[{"href":"https:\/\/www.europesays.com\/pt\/wp-json\/wp\/v2\/posts"}],"about":[{"href":"https:\/\/www.europesays.com\/pt\/wp-json\/wp\/v2\/types\/post"}],"author":[{"embeddable":true,"href":"https:\/\/www.europesays.com\/pt\/wp-json\/wp\/v2\/users\/2"}],"replies":[{"embeddable":true,"href":"https:\/\/www.europesays.com\/pt\/wp-json\/wp\/v2\/comments?post=88119"}],"version-history":[{"count":0,"href":"https:\/\/www.europesays.com\/pt\/wp-json\/wp\/v2\/posts\/88119\/revisions"}],"wp:featuredmedia":[{"embeddable":true,"href":"https:\/\/www.europesays.com\/pt\/wp-json\/wp\/v2\/media\/88120"}],"wp:attachment":[{"href":"https:\/\/www.europesays.com\/pt\/wp-json\/wp\/v2\/media?parent=88119"}],"wp:term":[{"taxonomy":"category","embeddable":true,"href":"https:\/\/www.europesays.com\/pt\/wp-json\/wp\/v2\/categories?post=88119"},{"taxonomy":"post_tag","embeddable":true,"href":"https:\/\/www.europesays.com\/pt\/wp-json\/wp\/v2\/tags?post=88119"}],"curies":[{"name":"wp","href":"https:\/\/api.w.org\/{rel}","templated":true}]}}