{"id":88142,"date":"2025-09-26T21:46:14","date_gmt":"2025-09-26T21:46:14","guid":{"rendered":"https:\/\/www.europesays.com\/pt\/88142\/"},"modified":"2025-09-26T21:46:14","modified_gmt":"2025-09-26T21:46:14","slug":"morra-meu-amor-jennifer-lawrence-revela-como-martin-scorsese-a-incentivou-a-fazer-o-longa","status":"publish","type":"post","link":"https:\/\/www.europesays.com\/pt\/88142\/","title":{"rendered":"&#8216;Morra, Meu Amor&#8217;: Jennifer Lawrence revela como Martin Scorsese a incentivou a fazer o longa"},"content":{"rendered":"<p>A estrela <strong><a href=\"https:\/\/cinepop.com.br\/tag\/jennifer-lawrence\/\" title=\"Jennifer Lawrence\" rel=\"nofollow noopener\" target=\"_blank\">Jennifer Lawrence<\/a> (\u2018Jogos Vorazes\u2019)<\/strong> revelou recentemente como se envolveu na produ\u00e7\u00e3o e protagonismo do filme <strong>\u2018Morra, Meu Amor\u2019<\/strong> (Die, My Love). Segundo <strong>Lawrence<\/strong>, foi o cineasta <strong>Martin Scorsese<\/strong> quem a incentivou a levar a adapta\u00e7\u00e3o do livro de Ariana Harwicz para as telas.<\/p>\n<p>\u201cEle tinha lido esse livro no clube de leitura dele e disse: \u2018Esse \u00e9 um papel que voc\u00ea deveria interpretar&#8217;\u201d, contou <strong>Lawrence<\/strong> ao <a href=\"https:\/\/deadline.com\/2025\/09\/jennifer-lawrence-1236556826\/\" rel=\"nofollow noopener\" target=\"_blank\">Deadline<\/a> sobre o conselho de <strong>Scorsese<\/strong>.<\/p>\n<p>Al\u00e9m de destacar a influ\u00eancia do lend\u00e1rio diretor, <strong>Lawrence<\/strong> descreveu sua colabora\u00e7\u00e3o com a diretora <strong><a href=\"https:\/\/cinepop.com.br\/tag\/lynne-ramsay\/\" title=\"Lynne Ramsay\" rel=\"nofollow noopener\" target=\"_blank\">Lynne Ramsay<\/a><\/strong> como \u201cinstintiva\u201d e profundamente emocional, em vez de puramente t\u00e9cnica:<\/p>\n<p>\u201cSou f\u00e3 dela h\u00e1 muito tempo. Conversamos muito sobre o estado mental da personagem. Nenhuma de n\u00f3s \u00e9 muito t\u00e9cnica como artista. Foi algo muito emocional e baseado em conversas\u201d, afirmou.<\/p>\n<p>A produ\u00e7\u00e3o marca um novo passo na carreira de <strong>Lawrence<\/strong>, que assina como protagonista e produtora do longa.<\/p>\n<p>Confira e siga o <a href=\"https:\/\/www.youtube.com\/cinepop?sub_confirmation=1\" target=\"_blank\" rel=\"noopener nofollow\"><strong>CinePOP no Youtube<\/strong><\/a>:<\/p>\n<p>O longa ser\u00e1 lan\u00e7ado nos cinemas nacionais no <strong>dia 27 de novembro<\/strong>.<\/p>\n<p>Ambientada na \u00e1rea rural remota e esquecida, a trama segue uma jovem m\u00e3e que luta para manter sua sanidade enquanto enfrenta os desafios da psicose.<\/p>\n<p><a href=\"https:\/\/cinepop.com.br\/critica-morra-amor-maternidade-e-loucura-colidem-em-drama-sufocante-com-jennifer-lawrence-cannes-2025-656842\/\" rel=\"nofollow noopener\" target=\"_blank\"><strong>Cr\u00edtica | Morra, Amor \u2013 Maternidade e loucura colidem em drama sufocante com Jennifer Lawrence [Cannes 2025]<\/strong><\/a><\/p>\n<p><strong><a href=\"https:\/\/cinepop.com.br\/tag\/lynne-ramsay\/\" title=\"Lynne Ramsay\" rel=\"nofollow noopener\" target=\"_blank\">Lynne Ramsay<\/a><\/strong>\u00a0\u00e9 respons\u00e1vel pela dire\u00e7\u00e3o. Ela tamb\u00e9m assina o roteiro ao lado de <b><a href=\"https:\/\/cinepop.com.br\/tag\/enda-walsh\/\" title=\"Enda Walsh\" rel=\"nofollow noopener\" target=\"_blank\">Enda Walsh<\/a><\/b>.<\/p>\n<p>O elenco ainda conta com <strong><a href=\"https:\/\/cinepop.com.br\/tag\/lakeith-stanfield\/\" title=\"LaKeith Stanfield\" rel=\"nofollow noopener\" target=\"_blank\">LaKeith Stanfield<\/a><\/strong>, <strong><a href=\"https:\/\/cinepop.com.br\/tag\/nick-nolte\/\" title=\"Nick Nolte\" rel=\"nofollow noopener\" target=\"_blank\">Nick Nolte<\/a><\/strong>, <strong><a href=\"https:\/\/cinepop.com.br\/tag\/gabrielle-rose\/\" title=\"Gabrielle Rose\" rel=\"nofollow noopener\" target=\"_blank\">Gabrielle Rose<\/a><\/strong>, <strong><a href=\"https:\/\/cinepop.com.br\/tag\/sissy-spacek\/\" title=\"Sissy Spacek\" rel=\"nofollow noopener\" target=\"_blank\">Sissy Spacek<\/a><\/strong>, <strong><a href=\"https:\/\/cinepop.com.br\/tag\/sarah-lind\/\" title=\"Sarah Lind\" rel=\"nofollow noopener\" target=\"_blank\">Sarah Lind<\/a><\/strong>, <strong><a href=\"https:\/\/cinepop.com.br\/tag\/luke-camilleri\/\" title=\"Luke Camilleri\" rel=\"nofollow noopener\" target=\"_blank\">Luke Camilleri<\/a><\/strong> e <strong><a href=\"https:\/\/cinepop.com.br\/tag\/debs-howard\/\" title=\"Debs Howard\" rel=\"nofollow noopener\" target=\"_blank\">Debs Howard<\/a><\/strong>.<\/p>\n<p><img fetchpriority=\"high\" decoding=\"async\" class=\"alignnone wp-image-690477\" src=\"https:\/\/www.europesays.com\/pt\/wp-content\/uploads\/2025\/09\/morra-amor5-1024x576.webp.webp\" alt=\"\" width=\"993\" height=\"559\"  \/><\/p>\n","protected":false},"excerpt":{"rendered":"A estrela Jennifer Lawrence (\u2018Jogos Vorazes\u2019) revelou recentemente como se envolveu na produ\u00e7\u00e3o e protagonismo do filme \u2018Morra,&hellip;\n","protected":false},"author":2,"featured_media":88143,"comment_status":"","ping_status":"","sticky":false,"template":"","format":"standard","meta":{"footnotes":""},"categories":[140],"tags":[16484,16485,16486,114,115,147,148,16487,4169,14126,16488,16489,16490,146,16491,15033,32,33,14908,16492,16493],"class_list":{"0":"post-88142","1":"post","2":"type-post","3":"status-publish","4":"format-standard","5":"has-post-thumbnail","7":"category-filmes","8":"tag-debs-howard","9":"tag-die-my-love","10":"tag-enda-walsh","11":"tag-entertainment","12":"tag-entretenimento","13":"tag-film","14":"tag-filmes","15":"tag-gabrielle-rose","16":"tag-jennifer-lawrence","17":"tag-lakeith-stanfield","18":"tag-luke-camilleri","19":"tag-lynne-ramsay","20":"tag-morra-amor","21":"tag-movies","22":"tag-nick-nolte","23":"tag-paris-filmes","24":"tag-portugal","25":"tag-pt","26":"tag-robert-pattinson","27":"tag-sarah-lind","28":"tag-sissy-spacek"},"share_on_mastodon":{"url":"","error":""},"_links":{"self":[{"href":"https:\/\/www.europesays.com\/pt\/wp-json\/wp\/v2\/posts\/88142","targetHints":{"allow":["GET"]}}],"collection":[{"href":"https:\/\/www.europesays.com\/pt\/wp-json\/wp\/v2\/posts"}],"about":[{"href":"https:\/\/www.europesays.com\/pt\/wp-json\/wp\/v2\/types\/post"}],"author":[{"embeddable":true,"href":"https:\/\/www.europesays.com\/pt\/wp-json\/wp\/v2\/users\/2"}],"replies":[{"embeddable":true,"href":"https:\/\/www.europesays.com\/pt\/wp-json\/wp\/v2\/comments?post=88142"}],"version-history":[{"count":0,"href":"https:\/\/www.europesays.com\/pt\/wp-json\/wp\/v2\/posts\/88142\/revisions"}],"wp:featuredmedia":[{"embeddable":true,"href":"https:\/\/www.europesays.com\/pt\/wp-json\/wp\/v2\/media\/88143"}],"wp:attachment":[{"href":"https:\/\/www.europesays.com\/pt\/wp-json\/wp\/v2\/media?parent=88142"}],"wp:term":[{"taxonomy":"category","embeddable":true,"href":"https:\/\/www.europesays.com\/pt\/wp-json\/wp\/v2\/categories?post=88142"},{"taxonomy":"post_tag","embeddable":true,"href":"https:\/\/www.europesays.com\/pt\/wp-json\/wp\/v2\/tags?post=88142"}],"curies":[{"name":"wp","href":"https:\/\/api.w.org\/{rel}","templated":true}]}}