{"id":88194,"date":"2025-09-26T22:27:08","date_gmt":"2025-09-26T22:27:08","guid":{"rendered":"https:\/\/www.europesays.com\/pt\/88194\/"},"modified":"2025-09-26T22:27:08","modified_gmt":"2025-09-26T22:27:08","slug":"hilariante-afonso-leitao-surpreende-catarina-miranda-de-forma-insolita-veja-o-video","status":"publish","type":"post","link":"https:\/\/www.europesays.com\/pt\/88194\/","title":{"rendered":"Hilariante! Afonso Leit\u00e3o surpreende Catarina Miranda de forma ins\u00f3lita: veja o v\u00eddeo!"},"content":{"rendered":"<p><a href=\"https:\/\/selfie.iol.pt\/famosos\/casa-dos-segredos\/afonso-leitao-deixa-mensagem-marcante-desejo-que-a-tua-vida-seja-sempre-iluminada-que-nunca-te-falte-amor\/20250924\/68d44da3d34e58bc679624ed\" target=\"_blank\" rel=\"nofollow noopener\">Afonso Leit\u00e3o<\/a> partilhou recentemente um divertido v\u00eddeo no Instagram que rapidamente chamou a aten\u00e7\u00e3o e que envolve\u00a0<a href=\"https:\/\/selfie.iol.pt\/famosos\/catarina-miranda\/catarina-miranda-nao-esconde-entusiasmo-quanto-ao-regresso-a-tvi-nao-vai-ser-so-uma-aparicao\/20550926\/68d6b652d34ee0c2fed09700\" target=\"_blank\" rel=\"nofollow noopener\">Catarina Miranda<\/a>.<\/p>\n<p>Nas imagens, o ex-concorrente do &#8220;Big Btother Ver\u00e3o&#8221; aparece com uma cobra no bra\u00e7o. Quando Afonso Leit\u00e3o se aproxima de <a href=\"https:\/\/selfie.iol.pt\/famosos\/catarina-miranda\/catarina-miranda-anuncia-regresso-a-tvi-faltam-poucos-dias\/20250926\/68d67137d34ee0c2fed09295\" target=\"_blank\" rel=\"nofollow noopener\">Catarina Miranda<\/a>, a jovem assusta-se e tenta fugir, mostrando claramente ter medo do animal.<\/p>\n<p>A situa\u00e7\u00e3o captou a rea\u00e7\u00e3o espont\u00e2nea da ex-concorrente de reality shows da TVI diante do r\u00e9ptil, tornando o momento engra\u00e7ado e inusitado.<\/p>\n<p>Veja, agora, o v\u00eddeo publicado por <a href=\"https:\/\/selfie.iol.pt\/famosos\/big-brother\/o-pior-corte-de-cabelo-da-historia-afonso-leitao-goza-com-catarina-miranda\/20250923\/68d2e217d34ee0c2fed071fb\" target=\"_blank\" rel=\"nofollow noopener\">Afonso Leit\u00e3o<\/a>.<\/p>\n","protected":false},"excerpt":{"rendered":"Afonso Leit\u00e3o partilhou recentemente um divertido v\u00eddeo no Instagram que rapidamente chamou a aten\u00e7\u00e3o e que envolve\u00a0Catarina Miranda.&hellip;\n","protected":false},"author":2,"featured_media":70218,"comment_status":"","ping_status":"","sticky":false,"template":"","format":"standard","meta":{"footnotes":""},"categories":[142],"tags":[2031,48,342,12623,114,115,980,1015,619,32,33,1014,1315,1012,11076,151],"class_list":{"0":"post-88194","1":"post","2":"type-post","3":"status-publish","4":"format-standard","5":"has-post-thumbnail","7":"category-tv","8":"tag-afonso-leitao","9":"tag-big-brother","10":"tag-catarina-miranda","11":"tag-cobra","12":"tag-entertainment","13":"tag-entretenimento","14":"tag-famosos","15":"tag-instagram","16":"tag-nacional","17":"tag-portugal","18":"tag-pt","19":"tag-reality-show","20":"tag-secret-story","21":"tag-selfie","22":"tag-susto","23":"tag-tv"},"share_on_mastodon":{"url":"","error":""},"_links":{"self":[{"href":"https:\/\/www.europesays.com\/pt\/wp-json\/wp\/v2\/posts\/88194","targetHints":{"allow":["GET"]}}],"collection":[{"href":"https:\/\/www.europesays.com\/pt\/wp-json\/wp\/v2\/posts"}],"about":[{"href":"https:\/\/www.europesays.com\/pt\/wp-json\/wp\/v2\/types\/post"}],"author":[{"embeddable":true,"href":"https:\/\/www.europesays.com\/pt\/wp-json\/wp\/v2\/users\/2"}],"replies":[{"embeddable":true,"href":"https:\/\/www.europesays.com\/pt\/wp-json\/wp\/v2\/comments?post=88194"}],"version-history":[{"count":0,"href":"https:\/\/www.europesays.com\/pt\/wp-json\/wp\/v2\/posts\/88194\/revisions"}],"wp:featuredmedia":[{"embeddable":true,"href":"https:\/\/www.europesays.com\/pt\/wp-json\/wp\/v2\/media\/70218"}],"wp:attachment":[{"href":"https:\/\/www.europesays.com\/pt\/wp-json\/wp\/v2\/media?parent=88194"}],"wp:term":[{"taxonomy":"category","embeddable":true,"href":"https:\/\/www.europesays.com\/pt\/wp-json\/wp\/v2\/categories?post=88194"},{"taxonomy":"post_tag","embeddable":true,"href":"https:\/\/www.europesays.com\/pt\/wp-json\/wp\/v2\/tags?post=88194"}],"curies":[{"name":"wp","href":"https:\/\/api.w.org\/{rel}","templated":true}]}}