{"id":8821,"date":"2025-07-30T17:26:10","date_gmt":"2025-07-30T17:26:10","guid":{"rendered":"https:\/\/www.europesays.com\/pt\/8821\/"},"modified":"2025-07-30T17:26:10","modified_gmt":"2025-07-30T17:26:10","slug":"castelo-de-sao-jorge-volta-a-receber-por-do-sol-no-castelo-com-concertos-dj-sets-e-muita-animacao-gratis","status":"publish","type":"post","link":"https:\/\/www.europesays.com\/pt\/8821\/","title":{"rendered":"Castelo de S\u00e3o Jorge volta a receber P\u00f4r do Sol no Castelo, com concertos, DJ sets e muita anima\u00e7\u00e3o gr\u00e1tis"},"content":{"rendered":"<p>\t\t\t\t\t\t\t\t\t\t\t\t\t\t\t\t\t\t\t\t\t\t<img loading=\"lazy\" decoding=\"async\" src=\"https:\/\/www.europesays.com\/pt\/wp-content\/uploads\/2025\/07\/concertos-ao-por-do-sol-no-castelo-de-sao-jorge-@castelodesjorge-1024x683.jpg\" class=\"img-fluid\" alt=\"concertos ao po\u0302r do sol no castelo de sa\u0303o jorge\" width=\"1024\" height=\"683\"\/><br \/>\n\t\t\t\t\t\t\t\t\t\t\t\t\t\t\t\t\t\t\t\t\t\tFotos por @castelodesjorge<\/p>\n<p><strong>Quando falamos em <a href=\"https:\/\/lisboasecreta.co\/melhores-sitios-para-ver-por-do-sol-em-lisboa\/\" rel=\"noopener noreferrer nofollow\" target=\"_self\" class=\"shortcode-outbound-link\" data-has-ga=\"true\" data-ga-type=\"click\" data-label=\"https:\/\/lisboasecreta.co\/melhores-sitios-para-ver-por-do-sol-em-lisboa\/\" data-action=\"text_cta_0\" data-category=\"click_internal\">pores do sol em Lisboa,<\/a><\/strong> poucos se atrever\u00e3o a dizer que <strong>o do <a href=\"https:\/\/lisboasecreta.co\/7-curiosidades-sobre-o-castelo-de-sao-jorge\/\" rel=\"noopener noreferrer nofollow\" target=\"_self\" class=\"shortcode-outbound-link\" data-has-ga=\"true\" data-ga-type=\"click\" data-label=\"https:\/\/lisboasecreta.co\/7-curiosidades-sobre-o-castelo-de-sao-jorge\/\" data-action=\"text_cta_1\" data-category=\"click_internal\">Castelo de S\u00e3o Jorge<\/a> n\u00e3o \u00e9 um dos melhores da cidade<\/strong>. Agora imagina o que \u00e9 poderes assistir a <strong>concertos e DJ sets ao p\u00f4r do sol num dos mais <a href=\"https:\/\/lisboasecreta.co\/monumentos-de-lisboa-para-visitar-uma-vez-na-vida\/\" rel=\"noopener noreferrer nofollow\" target=\"_self\" class=\"shortcode-outbound-link\" data-has-ga=\"true\" data-ga-type=\"click\" data-label=\"https:\/\/lisboasecreta.co\/monumentos-de-lisboa-para-visitar-uma-vez-na-vida\/\" data-action=\"text_cta_2\" data-category=\"click_internal\">incr\u00edveis monumentos<\/a> lisboetas!<\/strong><\/p>\n<p>Se n\u00e3o consegues imaginar, <strong>n\u00f3s garantimos j\u00e1 que s\u00e3o um espet\u00e1culo! <\/strong>Mesmo que n\u00e3o conhe\u00e7as nenhum dos artistas que por l\u00e1 v\u00e3o passar \u2013 este ano ser\u00e3o cinco \u2013 temos a certeza que <strong>vais adorar todo o ambiente musical a esta hora do dia.<\/strong><\/p>\n<p><img fetchpriority=\"high\" decoding=\"async\" class=\"size-full wp-image-59160\" src=\"https:\/\/www.europesays.com\/pt\/wp-content\/uploads\/2025\/07\/concertos-ao-por-do-sol-no-castelo-de-sao-jorge-@castelodesjorge-_4.jpg\" alt=\"concertos ao po\u0302r do sol no castelo de sa\u0303o jorge\" width=\"1200\" height=\"779\"  \/><\/p>\n<p> Um evento memor\u00e1vel <\/p>\n<p>A edi\u00e7\u00e3o de 2025 do \u201cP\u00f4r do Sol no Castelo\u201d volta a trazer <strong>at\u00e9 uma das <a href=\"https:\/\/lisboasecreta.co\/edificios-melhores-vistas-do-mundo\/\" rel=\"noopener noreferrer nofollow\" target=\"_self\" class=\"shortcode-outbound-link\" data-has-ga=\"true\" data-ga-type=\"click\" data-label=\"https:\/\/lisboasecreta.co\/edificios-melhores-vistas-do-mundo\/\" data-action=\"text_cta_3\" data-category=\"click_internal\">melhores vistas do mundo<\/a><\/strong> um evento verdadeiramente incr\u00edvel e que <strong>nunca mais vais esquecer.<\/strong><\/p>\n<p><strong>O monumento mais visitado do pa\u00eds, <\/strong>que faz parte da espetacular<strong> lista dos nossos <a href=\"https:\/\/lisboasecreta.co\/19-miradouros-de-lisboa\/\" rel=\"noopener noreferrer nofollow\" target=\"_self\" class=\"shortcode-outbound-link\" data-has-ga=\"true\" data-ga-type=\"click\" data-label=\"https:\/\/lisboasecreta.co\/19-miradouros-de-lisboa\/\" data-action=\"text_cta_4\" data-category=\"click_internal\">miradouros preferidos,<\/a> <\/strong>regressa com alguns dos nomes mais recentes da m\u00fasica portuguesa, e ainda por cima <strong>a entrada \u00e9 gratuita <\/strong>(sujeita \u00e0 lota\u00e7\u00e3o do espa\u00e7o).<\/p>\n<p> <img loading=\"lazy\" decoding=\"async\" class=\"size-full wp-image-94305\" src=\"https:\/\/www.europesays.com\/pt\/wp-content\/uploads\/2025\/07\/por-do-sol-no-castelo-de-sao-jorge-\u00a9Jose-Frade.jpg\" alt=\"po\u0302r do sol no castelo de sa\u0303o jorge\" width=\"1200\" height=\"800\"  \/>\u00a9Jose\u0301 Frade Programa musical <\/p>\n<p>A edi\u00e7\u00e3o de 2025 vai trazer at\u00e9 ao Castelo de S\u00e3o Jorge <strong>uma grande variedade de sonoridades, a saber:<\/strong><\/p>\n<ul>\n<li><strong>YNES:<\/strong> 2 de agosto<\/li>\n<li><strong>AGNES:<\/strong> 9 de agosto<\/li>\n<li><strong>DJ Fellaz:<\/strong> 16 de agosto<\/li>\n<li><strong>DJ RMA AKA Rui Miguel Abreu:<\/strong> 30 de agosto<\/li>\n<\/ul>\n<p><img loading=\"lazy\" decoding=\"async\" class=\"size-full wp-image-59159\" src=\"https:\/\/www.europesays.com\/pt\/wp-content\/uploads\/2025\/07\/concertos-ao-por-do-sol-no-castelo-de-sao-jorge-@castelodesjorge-_3.jpg\" alt=\"concertos ao po\u0302r do sol no castelo de sa\u0303o jorge\" width=\"1200\" height=\"666\"  \/><\/p>\n<p> Quando vai acontecer? <\/p>\n<p>Os concertos do \u201cP\u00f4r do Sol no Castelo\u201d v\u00e3o acontecer <strong>todos os s\u00e1bados durante o m\u00eas de agosto, <\/strong>sempre a partir das <strong>19 horas da tarde.<\/strong><\/p>\n<p>Tendo em conta o que pudemos assistir nas edi\u00e7\u00f5es anteriores, <strong>esperam-te alguns dos melhores sunsets da cidade, uma vista do outro mundo <\/strong>e uma programa\u00e7\u00e3o musical diversificada, <strong>em cinco fins de tarde verdadeiramente memor\u00e1veis.<\/strong><\/p>\n<p><strong>Morada: <\/strong>Rua de Santa Cruz do Castelo (Castelo de S\u00e3o Jorge)<br \/><strong>Hor\u00e1rios:<\/strong> 2, 9, 16, 23 e 30 de agosto (s\u00e1bados) a partir das 19h<br \/><strong>Bilhetes: <\/strong>gr\u00e1tis (no dia do concerto e no m\u00e1ximo dois bilhetes por pessoa, a partir das 18h)<\/p>\n<p> Se n\u00e3o conseguires bilhetes, podes sempre optar pela anima\u00e7\u00e3o de um destes <a href=\"https:\/\/lisboasecreta.co\/os-melhores-rooftops\/\" rel=\"noopener noreferrer nofollow\" target=\"_self\" class=\"shortcode-outbound-link\" data-has-ga=\"true\" data-ga-type=\"click\" data-label=\"https:\/\/lisboasecreta.co\/os-melhores-rooftops\/\" data-action=\"text_cta_5\" data-category=\"click_internal\">terra\u00e7os lisboetas,<\/a> com bonitas vistas para a cidade. <\/p>\n<p style=\"text-align:center;\"><strong>N\u00e3o fiques a ver navios! Segue-nos no <a class=\"c-link\" href=\"https:\/\/www.facebook.com\/LisboaSecreta\/\" rel=\"nofollow noopener noreferrer\" target=\"_blank\">Facebook,<\/a> no <a class=\"c-link\" href=\"https:\/\/www.instagram.com\/lisboasecreta\/\" rel=\"nofollow noopener noreferrer\" target=\"_blank\">Instagram<\/a> e agora tamb\u00e9m no <a class=\"c-link\" href=\"https:\/\/whatsapp.com\/channel\/0029VazjBFIGE56cK7wPv31v\" rel=\"nofollow noopener noreferrer\" target=\"_blank\">WhatsApp!<\/a><\/strong><\/p>\n<p>\t\t\t\t<script async src=\"\/\/www.instagram.com\/embed.js\"><\/script><\/p>\n","protected":false},"excerpt":{"rendered":"Fotos por @castelodesjorge Quando falamos em pores do sol em Lisboa, poucos se atrever\u00e3o a dizer que o&hellip;\n","protected":false},"author":2,"featured_media":8822,"comment_status":"","ping_status":"","sticky":false,"template":"","format":"standard","meta":{"footnotes":""},"categories":[85],"tags":[4132,114,115,4133,4134,32,33],"class_list":{"0":"post-8821","1":"post","2":"type-post","3":"status-publish","4":"format-standard","5":"has-post-thumbnail","7":"category-entretenimento","8":"tag-bilhetes-para-atracoes","9":"tag-entertainment","10":"tag-entretenimento","11":"tag-festa-tematica","12":"tag-pequeno-concerto","13":"tag-portugal","14":"tag-pt"},"share_on_mastodon":{"url":"","error":""},"_links":{"self":[{"href":"https:\/\/www.europesays.com\/pt\/wp-json\/wp\/v2\/posts\/8821","targetHints":{"allow":["GET"]}}],"collection":[{"href":"https:\/\/www.europesays.com\/pt\/wp-json\/wp\/v2\/posts"}],"about":[{"href":"https:\/\/www.europesays.com\/pt\/wp-json\/wp\/v2\/types\/post"}],"author":[{"embeddable":true,"href":"https:\/\/www.europesays.com\/pt\/wp-json\/wp\/v2\/users\/2"}],"replies":[{"embeddable":true,"href":"https:\/\/www.europesays.com\/pt\/wp-json\/wp\/v2\/comments?post=8821"}],"version-history":[{"count":0,"href":"https:\/\/www.europesays.com\/pt\/wp-json\/wp\/v2\/posts\/8821\/revisions"}],"wp:featuredmedia":[{"embeddable":true,"href":"https:\/\/www.europesays.com\/pt\/wp-json\/wp\/v2\/media\/8822"}],"wp:attachment":[{"href":"https:\/\/www.europesays.com\/pt\/wp-json\/wp\/v2\/media?parent=8821"}],"wp:term":[{"taxonomy":"category","embeddable":true,"href":"https:\/\/www.europesays.com\/pt\/wp-json\/wp\/v2\/categories?post=8821"},{"taxonomy":"post_tag","embeddable":true,"href":"https:\/\/www.europesays.com\/pt\/wp-json\/wp\/v2\/tags?post=8821"}],"curies":[{"name":"wp","href":"https:\/\/api.w.org\/{rel}","templated":true}]}}