{"id":88216,"date":"2025-09-26T22:47:14","date_gmt":"2025-09-26T22:47:14","guid":{"rendered":"https:\/\/www.europesays.com\/pt\/88216\/"},"modified":"2025-09-26T22:47:14","modified_gmt":"2025-09-26T22:47:14","slug":"helena-isabel-nao-poupa-criticas-a-bruna-gomes-nas-galas-do-secret-story-9","status":"publish","type":"post","link":"https:\/\/www.europesays.com\/pt\/88216\/","title":{"rendered":"Helena Isabel n\u00e3o poupa cr\u00edticas a Bruna Gomes nas galas do Secret Story 9"},"content":{"rendered":"<p>Helena Isabel n\u00e3o poupa cr\u00edticas a Bruna Gomes nas galas do <a href=\"https:\/\/tvi.iol.pt\/secretstory\" rel=\"nofollow noopener\" target=\"_blank\">Secret Story 9<\/a>, como comentadora das galas.<\/p>\n<p>Helena Isabel marcou presen\u00e7a esta sexta-feira, 26 de setembro, no programa <strong>\u2018Manh\u00e3 CM\u2019<\/strong>, da CMTV, ao lado de Joana Madeira e L\u00e9o Caeiro. Na rubrica <strong>\u2018Not\u00edcias dos Famosos\u2019<\/strong>, a jurista comentou alguns dos temas da atualidade televisiva e acabou por deixar cr\u00edticas a Bruna Gomes.<\/p>\n<p>Debate sobre Maria Botelho Moniz e Cristina Ferreira<\/p>\n<p>Durante a conversa, os comentadores refletiram sobre a escolha de <strong>Maria Botelho Moniz<\/strong> para conduzir o novo reality show da TVI, que estreia em janeiro de 2025. O assunto levou a compara\u00e7\u00f5es com Cristina Ferreira na apresenta\u00e7\u00e3o deste tipo de formatos.<\/p>\n<p>Foi neste contexto que Helena Isabel decidiu fazer um desabafo: <strong>\u201cSe \u00e9 a Cristina que escolhe, eu acho que\u2026 Voc\u00eas j\u00e1 falaram aqui de um tema, eu n\u00e3o estava c\u00e1 mas tenho que dizer uma coisa, desculpem\u201d<\/strong>, afirmou.<\/p>\n<p>Cr\u00edticas a Bruna Gomes<\/p>\n<p>De seguida, a comentadora partilhou a sua opini\u00e3o sobre o papel de <strong>Bruna Gomes<\/strong> como comentadora nas galas do <strong>Secret Story 9<\/strong>: <strong>\u201cVoc\u00eas sabem que eu tenho uma grande liga\u00e7\u00e3o com o Fl\u00e1vio Furtado, trabalhei muito tempo com ele, tive um programa que fiz com ele que amei, mas colocarem a Bruna como comentadora\u2026 N\u00e3o diz \u2018p\u00e3o\u2019 nas galas\u2026 Horr\u00edvel\u201d<\/strong>, disse de forma direta.<\/p>\n<p>Leia tamb\u00e9m: <a href=\"https:\/\/infocul.pt\/secret-story-quinaz-critica-fabio-acho-um-miudo-tonto\/\" rel=\"nofollow noopener\" target=\"_blank\">Secret Story: Quinaz critica F\u00e1bio, \u201cacho um mi\u00fado tonto\u201d<\/a><\/p>\n<p><a href=\"https:\/\/news.google.com\/publications\/CAAqBwgKMKfIoAswtNK4Aw\" target=\"_blank\" rel=\"noopener noreferrer nofollow\"><img loading=\"lazy\" data-lazyloaded=\"1\" width=\"481\" height=\"161\" decoding=\"async\" src=\"\/wp-content\/uploads\/2024\/02\/GN_siganos.png\" alt=\"Siga-nos no Google News\" style=\"margin-top:20px;\"\/><\/a><\/p>\n","protected":false},"excerpt":{"rendered":"Helena Isabel n\u00e3o poupa cr\u00edticas a Bruna Gomes nas galas do Secret Story 9, como comentadora das galas.&hellip;\n","protected":false},"author":2,"featured_media":88217,"comment_status":"","ping_status":"","sticky":false,"template":"","format":"standard","meta":{"footnotes":""},"categories":[85],"tags":[800,2632,9402,114,115,1051,32,33],"class_list":{"0":"post-88216","1":"post","2":"type-post","3":"status-publish","4":"format-standard","5":"has-post-thumbnail","7":"category-entretenimento","8":"tag-bruna-gomes","9":"tag-casa-dos-segredos","10":"tag-cmtv","11":"tag-entertainment","12":"tag-entretenimento","13":"tag-helena-isabel","14":"tag-portugal","15":"tag-pt"},"share_on_mastodon":{"url":"","error":""},"_links":{"self":[{"href":"https:\/\/www.europesays.com\/pt\/wp-json\/wp\/v2\/posts\/88216","targetHints":{"allow":["GET"]}}],"collection":[{"href":"https:\/\/www.europesays.com\/pt\/wp-json\/wp\/v2\/posts"}],"about":[{"href":"https:\/\/www.europesays.com\/pt\/wp-json\/wp\/v2\/types\/post"}],"author":[{"embeddable":true,"href":"https:\/\/www.europesays.com\/pt\/wp-json\/wp\/v2\/users\/2"}],"replies":[{"embeddable":true,"href":"https:\/\/www.europesays.com\/pt\/wp-json\/wp\/v2\/comments?post=88216"}],"version-history":[{"count":0,"href":"https:\/\/www.europesays.com\/pt\/wp-json\/wp\/v2\/posts\/88216\/revisions"}],"wp:featuredmedia":[{"embeddable":true,"href":"https:\/\/www.europesays.com\/pt\/wp-json\/wp\/v2\/media\/88217"}],"wp:attachment":[{"href":"https:\/\/www.europesays.com\/pt\/wp-json\/wp\/v2\/media?parent=88216"}],"wp:term":[{"taxonomy":"category","embeddable":true,"href":"https:\/\/www.europesays.com\/pt\/wp-json\/wp\/v2\/categories?post=88216"},{"taxonomy":"post_tag","embeddable":true,"href":"https:\/\/www.europesays.com\/pt\/wp-json\/wp\/v2\/tags?post=88216"}],"curies":[{"name":"wp","href":"https:\/\/api.w.org\/{rel}","templated":true}]}}