{"id":88220,"date":"2025-09-26T22:52:20","date_gmt":"2025-09-26T22:52:20","guid":{"rendered":"https:\/\/www.europesays.com\/pt\/88220\/"},"modified":"2025-09-26T22:52:20","modified_gmt":"2025-09-26T22:52:20","slug":"quem-atacou-quem-no-debate-do-porto-na-radio-observador","status":"publish","type":"post","link":"https:\/\/www.europesays.com\/pt\/88220\/","title":{"rendered":"Quem atacou quem no debate do Porto na r\u00e1dio? \u2013 Observador"},"content":{"rendered":"<p>O Observador recebeu seis candidatos \u00e0 C\u00e2mara Municipal do Porto para um debate rumo \u00e0s aut\u00e1rquicas, mas o conflito girou sempre em torno de tr\u00eas: Manuel Pizarro, Pedro Duarte e Filipe Ara\u00fajo t\u00eam contas a ajustar e isso transpareceu durante o tempo todo. \u00c0 falta de um incumbente na sala \u2014 os candidatos lutam pela hip\u00f3tese de sucederem a Rui Moreira, que acaba agora o seu terceiro e \u00faltimo mandato \u2013, coube a Ara\u00fajo, seu vice, apresentar-se como o herdeiro do moreirismo, contra PS e (sobretudo) PSD, que atacou com especial vigor.<\/p>\n<p>Depois de <a href=\"https:\/\/observador.pt\/especiais\/candidatos-do-ps-assinaram-candidatura-independente-de-filipe-araujo-ao-porto\/\" rel=\"nofollow noopener\" target=\"_blank\">o Observador ter noticiado<\/a> que alguns candidatos das listas do PS foram proponentes da candidatura de Ara\u00fajo, a tens\u00e3o invadiu a sala e acabou com Pedro Duarte e Filipe Ara\u00fajo a contradizerem-se sobre se o atual vice de Rui Moreira chegou, afinal, a ser convidado ou n\u00e3o para ser o n\u00ba2 de Duarte e desistir da sua candidatura \u2014 at\u00e9 porque no PS e no PSD existe a consci\u00eancia de que os votos de Ara\u00fajo poderiam funcionar como um \u201cjoker\u201d que serviria para resolver a curta margem que os separa nas sondagens.<\/p>\n<p>As negocia\u00e7\u00f5es de bastidores n\u00e3o s\u00e3o, ao que parece, \u00e1guas passadas, dado que o clima azedou na sala e o candidato do Bloco de Esquerda acabou por se ver obrigado a pedir aos candidatos que \u201cevitem este tipo de conversas, que desmotivam as pessoas\u201d.<\/p>\n<p>Levando diferentes vis\u00f5es para a cidade \u2014 Pedro Duarte diz querer um Porto com mais qualidade de vida para quem j\u00e1 l\u00e1 est\u00e1, Pizarro diz que essa \u00e9 a vis\u00e3o de um Porto \u201cpequeno e paroquial\u201d; Pizarro quer construir mais casas, os advers\u00e1rios chamam-lhe despesista \u2014 os candidatos mostraram o que os separa e fizeram pontaria aos alvos que mais querem atingir. Ara\u00fajo acabou por ser o candidato que mais se lan\u00e7ou ao ataque \u2014 e Duarte o mais atacado.<\/p>\n<p>Os candidatos do BE e CDU focaram-se em apontar defeitos ao moreirismo \u2014 pre\u00e7os das casas e excesso de turismo \u00e0 cabe\u00e7a \u2014 e ao Governo central, a que Pedro Duarte foi recorrentemente colado. E Miguel Corte-Real, do Chega, distribuiu cr\u00edticas mas tamb\u00e9m quis fazer pontes \u2014 o seu maior inimigo talvez tenha sido a pol\u00e9mica obra do Metrobus, sobre a qual acabaria por rematar, com um desabafo: \u201cTanta coisa para no fim ser um autocarro\u201d.<\/p>\n<p>Ataques a Pedro Duarte: 4<\/p>\n<p>A estrat\u00e9gia de ataque de Manuel Pizarro dificilmente poderia ter mostrado maior foco: o homem que aparece a uma curta dist\u00e2ncia de si nas sondagens, Pedro Duarte, foi o seu alvo \u00fanico, n\u00e3o tendo gastado energias em cr\u00edticas espec\u00edficas a nenhuma outra candidatura. Pizarro guardou, no entanto, cr\u00edticas duras a um outro protagonista que n\u00e3o estava na sala \u2014 o Governo, que tem interven\u00e7\u00e3o em quest\u00f5es como a do pol\u00e9mico Metrobus \u2013, aproveitando sempre que poss\u00edvel para colar a equipa de Montenegro a Pedro Duarte, seu ex-ministro dos Assuntos Parlamentares.<\/p>\n<p>Numa altura em que o PSD acusa abertamente o PS de estar a patrocinar a candidatura de Filipe Ara\u00fajo, uma vez que v\u00e1rios candidatos socialistas foram proponentes do independente, Pizarro n\u00e3o hostilizou Ara\u00fajo \u2014 nem mesmo quando este o criticou \u2014 e focou-se no objetivo. Assim, foi a Duarte que apontou baterias e que descreveu como um \u201cdelegado do Governo no Porto\u201d ou at\u00e9 como algu\u00e9m que est\u00e1 \u201cdesconfort\u00e1vel\u201d na pele de candidato. Quanto ao programa do rival, voltou a us\u00e1-lo para vincar diferen\u00e7as: Duarte (que quer apostar na reabilita\u00e7\u00e3o e n\u00e3o na constru\u00e7\u00e3o de novas casas) quer um Porto \u201cpequenino e paroquial\u201d, Pizarro quer uma cidade em crescimento e virada para o turismo (tamb\u00e9m para financiar a tal constru\u00e7\u00e3o, que tantos advers\u00e1rios rotulam como um projeto despesista).<\/p>\n<p>Depois de no primeiro debate televisivo ter ouvido Pedro Duarte a criticar a administra\u00e7\u00e3o \u201csocialista\u201d do Metro do Porto e o facto de o seu diretor de comunica\u00e7\u00e3o, Jorge Morgado, ser tamb\u00e9m o respons\u00e1vel pela comunica\u00e7\u00e3o de Pizarro, o candidato socialista mudou de estrat\u00e9gia e adiantou-se, deslocando desde logo do Metro e criticando quem o \u201ctutela\u201d \u2014 ou seja, o Governo \u2014 para garantir que, se fosse presidente da c\u00e2mara, n\u00e3o permitiria que o Executivo desse ordem para uma obra (neste caso o pol\u00e9mico Metrobus) avan\u00e7ar na cidade, nesta segunda fase. Um exerc\u00edcio de afastamento em rela\u00e7\u00e3o \u00e0 empresa que muito divertiria Pedro Duarte (para quem o Metrobus se deveria chamar \u201cPSBus\u201d).<\/p>\n","protected":false},"excerpt":{"rendered":"O Observador recebeu seis candidatos \u00e0 C\u00e2mara Municipal do Porto para um debate rumo \u00e0s aut\u00e1rquicas, mas o&hellip;\n","protected":false},"author":2,"featured_media":88221,"comment_status":"","ping_status":"","sticky":false,"template":"","format":"standard","meta":{"footnotes":""},"categories":[8],"tags":[2163,27,28,1077,15,16,14,25,26,21,22,12,13,19,20,302,32,23,24,33,17,18,29,30,31],"class_list":{"0":"post-88220","1":"post","2":"type-post","3":"status-publish","4":"format-standard","5":"has-post-thumbnail","7":"category-principais-noticias","8":"tag-autu00e1rquicas-2025","9":"tag-breaking-news","10":"tag-breakingnews","11":"tag-eleiu00e7u00f5es","12":"tag-featured-news","13":"tag-featurednews","14":"tag-headlines","15":"tag-latest-news","16":"tag-latestnews","17":"tag-main-news","18":"tag-mainnews","19":"tag-news","20":"tag-noticias","21":"tag-noticias-principais","22":"tag-noticiasprincipais","23":"tag-polu00edtica","24":"tag-portugal","25":"tag-principais-noticias","26":"tag-principaisnoticias","27":"tag-pt","28":"tag-top-stories","29":"tag-topstories","30":"tag-ultimas","31":"tag-ultimas-noticias","32":"tag-ultimasnoticias"},"share_on_mastodon":{"url":"","error":""},"_links":{"self":[{"href":"https:\/\/www.europesays.com\/pt\/wp-json\/wp\/v2\/posts\/88220","targetHints":{"allow":["GET"]}}],"collection":[{"href":"https:\/\/www.europesays.com\/pt\/wp-json\/wp\/v2\/posts"}],"about":[{"href":"https:\/\/www.europesays.com\/pt\/wp-json\/wp\/v2\/types\/post"}],"author":[{"embeddable":true,"href":"https:\/\/www.europesays.com\/pt\/wp-json\/wp\/v2\/users\/2"}],"replies":[{"embeddable":true,"href":"https:\/\/www.europesays.com\/pt\/wp-json\/wp\/v2\/comments?post=88220"}],"version-history":[{"count":0,"href":"https:\/\/www.europesays.com\/pt\/wp-json\/wp\/v2\/posts\/88220\/revisions"}],"wp:featuredmedia":[{"embeddable":true,"href":"https:\/\/www.europesays.com\/pt\/wp-json\/wp\/v2\/media\/88221"}],"wp:attachment":[{"href":"https:\/\/www.europesays.com\/pt\/wp-json\/wp\/v2\/media?parent=88220"}],"wp:term":[{"taxonomy":"category","embeddable":true,"href":"https:\/\/www.europesays.com\/pt\/wp-json\/wp\/v2\/categories?post=88220"},{"taxonomy":"post_tag","embeddable":true,"href":"https:\/\/www.europesays.com\/pt\/wp-json\/wp\/v2\/tags?post=88220"}],"curies":[{"name":"wp","href":"https:\/\/api.w.org\/{rel}","templated":true}]}}