{"id":88242,"date":"2025-09-26T23:10:08","date_gmt":"2025-09-26T23:10:08","guid":{"rendered":"https:\/\/www.europesays.com\/pt\/88242\/"},"modified":"2025-09-26T23:10:08","modified_gmt":"2025-09-26T23:10:08","slug":"humorista-de-a-praca-e-nossa-e-condenado-por-abuso-sexual-contra-filha","status":"publish","type":"post","link":"https:\/\/www.europesays.com\/pt\/88242\/","title":{"rendered":"Humorista de &#8216;A Pra\u00e7a \u00e9 Nossa&#8217; \u00e9 condenado por abuso sexual contra filha"},"content":{"rendered":"\n<p>O humorista Cristiano Pereira, que interpreta os personagens Jorge da Borracharia e Gaud\u00eancio em \u201cA Pra\u00e7a \u00e9 Nossa\u201d, foi condenado a 18 anos de pris\u00e3o pelo crime de abuso sexual contra a pr\u00f3pria filha, de 7 anos de idade. Segundo publica\u00e7\u00e3o exclusiva no Portal Leo Dias, nesta sexta-feira, 26, a den\u00fancia partiu da m\u00e3e da crian\u00e7a, com quem o artista mantinha uma rela\u00e7\u00e3o de amizade.<\/p>\n<p>De acordo com o portal, a m\u00e3e teria percebido \u201csinais de abuso\u201d ap\u00f3s a crian\u00e7a retornar de uma visita com o pai, dando in\u00edcio a um processo contra o humorista.<\/p>\n<p>Cristiano Pereira n\u00e3o vai cumprir de imediato a senten\u00e7a de 18 anos. Ele segue em liberdade e deve recorrer da condena\u00e7\u00e3o. A pena foi aplicada com base nos artigos 216A (abuso sexual) e 227 (um agravante).<\/p>\n<p>O artista nega a acusa\u00e7\u00e3o e se defende acusando a m\u00e3e da menina de praticar aliena\u00e7\u00e3o parental.<\/p>\n<p>Cris Pereira tem mais de 30 anos de carreira e \u00e9 ativo nas redes sociais, onde publica frequentemente fotos ao lado da fam\u00edlia.<\/p>\n","protected":false},"excerpt":{"rendered":"O humorista Cristiano Pereira, que interpreta os personagens Jorge da Borracharia e Gaud\u00eancio em \u201cA Pra\u00e7a \u00e9 Nossa\u201d,&hellip;\n","protected":false},"author":2,"featured_media":88243,"comment_status":"","ping_status":"","sticky":false,"template":"","format":"standard","meta":{"footnotes":""},"categories":[142],"tags":[22225,20177,8161,22223,22229,22227,114,115,1127,6250,22226,13459,8204,22224,32,694,33,22228,151],"class_list":{"0":"post-88242","1":"post","2":"type-post","3":"status-publish","4":"format-standard","5":"has-post-thumbnail","7":"category-tv","8":"tag-a-praca-e-nossa","9":"tag-abuso-sexual","10":"tag-carreira","11":"tag-condenado","12":"tag-cris-pereira","13":"tag-cristiano-pereira","14":"tag-entertainment","15":"tag-entretenimento","16":"tag-filha","17":"tag-humorista","18":"tag-jorge-da-borracharia","19":"tag-liberdade","20":"tag-mae","21":"tag-pena","22":"tag-portugal","23":"tag-prisao","24":"tag-pt","25":"tag-sinais-de-abuso","26":"tag-tv"},"share_on_mastodon":{"url":"","error":""},"_links":{"self":[{"href":"https:\/\/www.europesays.com\/pt\/wp-json\/wp\/v2\/posts\/88242","targetHints":{"allow":["GET"]}}],"collection":[{"href":"https:\/\/www.europesays.com\/pt\/wp-json\/wp\/v2\/posts"}],"about":[{"href":"https:\/\/www.europesays.com\/pt\/wp-json\/wp\/v2\/types\/post"}],"author":[{"embeddable":true,"href":"https:\/\/www.europesays.com\/pt\/wp-json\/wp\/v2\/users\/2"}],"replies":[{"embeddable":true,"href":"https:\/\/www.europesays.com\/pt\/wp-json\/wp\/v2\/comments?post=88242"}],"version-history":[{"count":0,"href":"https:\/\/www.europesays.com\/pt\/wp-json\/wp\/v2\/posts\/88242\/revisions"}],"wp:featuredmedia":[{"embeddable":true,"href":"https:\/\/www.europesays.com\/pt\/wp-json\/wp\/v2\/media\/88243"}],"wp:attachment":[{"href":"https:\/\/www.europesays.com\/pt\/wp-json\/wp\/v2\/media?parent=88242"}],"wp:term":[{"taxonomy":"category","embeddable":true,"href":"https:\/\/www.europesays.com\/pt\/wp-json\/wp\/v2\/categories?post=88242"},{"taxonomy":"post_tag","embeddable":true,"href":"https:\/\/www.europesays.com\/pt\/wp-json\/wp\/v2\/tags?post=88242"}],"curies":[{"name":"wp","href":"https:\/\/api.w.org\/{rel}","templated":true}]}}