{"id":88251,"date":"2025-09-26T23:15:18","date_gmt":"2025-09-26T23:15:18","guid":{"rendered":"https:\/\/www.europesays.com\/pt\/88251\/"},"modified":"2025-09-26T23:15:18","modified_gmt":"2025-09-26T23:15:18","slug":"secret-story-a-ferver-o-forte-confronto-que-levou-cristina-ferreira-a-interromper-programa-em-direto-secret-story","status":"publish","type":"post","link":"https:\/\/www.europesays.com\/pt\/88251\/","title":{"rendered":"Secret Story a ferver: O forte confronto que levou Cristina Ferreira a interromper programa em direto &#8211; Secret Story"},"content":{"rendered":"<p>A casa do Secret Story est\u00e1 ao rubro, de tal forma que Cristina Ferreira se viu obrigada a interromper o programa que <a href=\"https:\/\/tvi.iol.pt\/doisas10\/video\/cristina-ferreira-interrompe-programa-devido-a-forte-discussao-no-secret-story-9\/68d668610cf29d28d828bdb6\" rel=\"nofollow noopener\" target=\"_blank\">apresentava em direto &#8211; o Dois \u00e0s 10 <\/a>&#8211; para emitir uma discuss\u00e3o acesa entre Liliana e Leandro.<\/p>\n<p>O forte confronto aconteceu na manh\u00e3 desta sexta-feira, 26 de setembro, quando os dois concorrentes se envolveram num bate-boca, que depressa escalou para uma discuss\u00e3o acesa.\u00a0<\/p>\n<p>Na cozinha, Leandro e Liliana debateram quest\u00f5es que aconteceram ao longo deste tempo na casa mais vigiada do Pa\u00eds e mostraram que est\u00e3o em desacordo em muitas delas.\u00a0<\/p>\n<p>Veja os v\u00eddeos da discuss\u00e3o e continue a acompanhar tudo no site do Secret Story e na app do TVI Reality.\u00a0<\/p>\n<p>\u00a0<\/p>\n","protected":false},"excerpt":{"rendered":"A casa do Secret Story est\u00e1 ao rubro, de tal forma que Cristina Ferreira se viu obrigada a&hellip;\n","protected":false},"author":2,"featured_media":88252,"comment_status":"","ping_status":"","sticky":false,"template":"","format":"standard","meta":{"footnotes":""},"categories":[85],"tags":[19374,166,19373,114,115,12397,19016,19375,32,33],"class_list":{"0":"post-88251","1":"post","2":"type-post","3":"status-publish","4":"format-standard","5":"has-post-thumbnail","7":"category-entretenimento","8":"tag-confrontos-concorrentes","9":"tag-cristina-ferreira","10":"tag-discussoes-secret-story","11":"tag-entertainment","12":"tag-entretenimento","13":"tag-leandro","14":"tag-liliana","15":"tag-polemicas","16":"tag-portugal","17":"tag-pt"},"share_on_mastodon":{"url":"","error":""},"_links":{"self":[{"href":"https:\/\/www.europesays.com\/pt\/wp-json\/wp\/v2\/posts\/88251","targetHints":{"allow":["GET"]}}],"collection":[{"href":"https:\/\/www.europesays.com\/pt\/wp-json\/wp\/v2\/posts"}],"about":[{"href":"https:\/\/www.europesays.com\/pt\/wp-json\/wp\/v2\/types\/post"}],"author":[{"embeddable":true,"href":"https:\/\/www.europesays.com\/pt\/wp-json\/wp\/v2\/users\/2"}],"replies":[{"embeddable":true,"href":"https:\/\/www.europesays.com\/pt\/wp-json\/wp\/v2\/comments?post=88251"}],"version-history":[{"count":0,"href":"https:\/\/www.europesays.com\/pt\/wp-json\/wp\/v2\/posts\/88251\/revisions"}],"wp:featuredmedia":[{"embeddable":true,"href":"https:\/\/www.europesays.com\/pt\/wp-json\/wp\/v2\/media\/88252"}],"wp:attachment":[{"href":"https:\/\/www.europesays.com\/pt\/wp-json\/wp\/v2\/media?parent=88251"}],"wp:term":[{"taxonomy":"category","embeddable":true,"href":"https:\/\/www.europesays.com\/pt\/wp-json\/wp\/v2\/categories?post=88251"},{"taxonomy":"post_tag","embeddable":true,"href":"https:\/\/www.europesays.com\/pt\/wp-json\/wp\/v2\/tags?post=88251"}],"curies":[{"name":"wp","href":"https:\/\/api.w.org\/{rel}","templated":true}]}}