{"id":88333,"date":"2025-09-27T00:29:11","date_gmt":"2025-09-27T00:29:11","guid":{"rendered":"https:\/\/www.europesays.com\/pt\/88333\/"},"modified":"2025-09-27T00:29:11","modified_gmt":"2025-09-27T00:29:11","slug":"nao-tenho-medo-ex-diretor-fbi-acusado-de-obstrucao-a-justica-e-perjurio-apos-pressao-de-trump","status":"publish","type":"post","link":"https:\/\/www.europesays.com\/pt\/88333\/","title":{"rendered":"&#8220;N\u00e3o tenho medo&#8221;. Ex-diretor FBI acusado de obstru\u00e7\u00e3o \u00e0 justi\u00e7a e perj\u00fario ap\u00f3s press\u00e3o de Trump"},"content":{"rendered":"<p>Comey foi identificado pelo Presidente numa publica\u00e7\u00e3o nas redes sociais no passado fim-de-semana, na qual Trump se queixava diretamente a Bondi por esta ainda n\u00e3o ter apresentado acusa\u00e7\u00f5es contra o ex-respons\u00e1vel do FBI.<\/p>\n<p>Trump lamentou, numa publica\u00e7\u00e3o no Truth Social dirigida \u00e0 procuradora-geral, que as investiga\u00e7\u00f5es do departamento n\u00e3o tivessem resultado em processos judiciais e afirmou que nomearia Lindsey Halligan, conselheira da Casa Branca, para exercer as fun\u00e7\u00f5es de procuradora dos para o Distrito Leste da Virg\u00ednia.\u00a0<\/p>\n<p>Esta foi uma das advogadas pessoais de Trump e n\u00e3o tem experi\u00eancia como procuradora federal.<\/p>\n<p>&#8220;N\u00e3o podemos adiar mais, isto est\u00e1 a acabar com a nossa reputa\u00e7\u00e3o e credibilidade&#8221;, escreveu Trump, referindo-se ao facto de ele pr\u00f3prio ter sido acusado e submetido a processos de destitui\u00e7\u00e3o v\u00e1rias vezes.\u00a0<\/p>\n<p>&#8220;A JUSTI\u00c7A TEM DE SER FEITA, AGORA!!!, publicou o Presidente norte-americano.\u00a0<\/p>\n<p>Halligan apressou-se a apresentar o caso a um grande j\u00fari esta semana.\u00a0<\/p>\n<p>O gabinete que abriu o processo contra Comey, no Distrito Leste da Virg\u00ednia, entrou em crise na semana passada ap\u00f3s a demiss\u00e3o do procurador-chefe Erik Siebert, sob press\u00e3o para apresentar acusa\u00e7\u00f5es contra outro alvo de Trump, a procuradora-geral de Nova Iorque, Letitia James, numa investiga\u00e7\u00e3o de fraude hipotec\u00e1ria.<\/p>\n<p>H\u00e1 anos que Trump se manifesta contra a conclus\u00e3o das ag\u00eancias de informa\u00e7\u00f5es norte-americanas de que a R\u00fassia o preferiu \u00e0 democrata Hillary Clinton nas elei\u00e7\u00f5es de 2016 e contra a investiga\u00e7\u00e3o criminal que tentou determinar se a sua campanha tinha conspirado com Moscovo para influenciar o resultado dessa disputa.\u00a0<\/p>\n<p>Os procuradores, liderados por Robert Mueller, n\u00e3o provaram que Trump ou os seus parceiros conspiraram criminalmente com a R\u00fassia, mas conclu\u00edram que a campanha de Trump acolheu favoravelmente a ajuda de Moscovo.<\/p>\n","protected":false},"excerpt":{"rendered":"Comey foi identificado pelo Presidente numa publica\u00e7\u00e3o nas redes sociais no passado fim-de-semana, na qual Trump se queixava&hellip;\n","protected":false},"author":2,"featured_media":88334,"comment_status":"","ping_status":"","sticky":false,"template":"","format":"standard","meta":{"footnotes":""},"categories":[50],"tags":[27,28,413,7442,15,16,14,603,25,26,21,22,62,12,13,19,20,23,24,17,18,29,30,31,63,64,65],"class_list":{"0":"post-88333","1":"post","2":"type-post","3":"status-publish","4":"format-standard","5":"has-post-thumbnail","7":"category-mundo","8":"tag-breaking-news","9":"tag-breakingnews","10":"tag-eua","11":"tag-fbi","12":"tag-featured-news","13":"tag-featurednews","14":"tag-headlines","15":"tag-justica","16":"tag-latest-news","17":"tag-latestnews","18":"tag-main-news","19":"tag-mainnews","20":"tag-mundo","21":"tag-news","22":"tag-noticias","23":"tag-noticias-principais","24":"tag-noticiasprincipais","25":"tag-principais-noticias","26":"tag-principaisnoticias","27":"tag-top-stories","28":"tag-topstories","29":"tag-ultimas","30":"tag-ultimas-noticias","31":"tag-ultimasnoticias","32":"tag-world","33":"tag-world-news","34":"tag-worldnews"},"share_on_mastodon":{"url":"","error":""},"_links":{"self":[{"href":"https:\/\/www.europesays.com\/pt\/wp-json\/wp\/v2\/posts\/88333","targetHints":{"allow":["GET"]}}],"collection":[{"href":"https:\/\/www.europesays.com\/pt\/wp-json\/wp\/v2\/posts"}],"about":[{"href":"https:\/\/www.europesays.com\/pt\/wp-json\/wp\/v2\/types\/post"}],"author":[{"embeddable":true,"href":"https:\/\/www.europesays.com\/pt\/wp-json\/wp\/v2\/users\/2"}],"replies":[{"embeddable":true,"href":"https:\/\/www.europesays.com\/pt\/wp-json\/wp\/v2\/comments?post=88333"}],"version-history":[{"count":0,"href":"https:\/\/www.europesays.com\/pt\/wp-json\/wp\/v2\/posts\/88333\/revisions"}],"wp:featuredmedia":[{"embeddable":true,"href":"https:\/\/www.europesays.com\/pt\/wp-json\/wp\/v2\/media\/88334"}],"wp:attachment":[{"href":"https:\/\/www.europesays.com\/pt\/wp-json\/wp\/v2\/media?parent=88333"}],"wp:term":[{"taxonomy":"category","embeddable":true,"href":"https:\/\/www.europesays.com\/pt\/wp-json\/wp\/v2\/categories?post=88333"},{"taxonomy":"post_tag","embeddable":true,"href":"https:\/\/www.europesays.com\/pt\/wp-json\/wp\/v2\/tags?post=88333"}],"curies":[{"name":"wp","href":"https:\/\/api.w.org\/{rel}","templated":true}]}}