{"id":88383,"date":"2025-09-27T01:25:08","date_gmt":"2025-09-27T01:25:08","guid":{"rendered":"https:\/\/www.europesays.com\/pt\/88383\/"},"modified":"2025-09-27T01:25:08","modified_gmt":"2025-09-27T01:25:08","slug":"mais-de-30-paises-coordenam-plano-para-acabar-com-impunidade-de-israel","status":"publish","type":"post","link":"https:\/\/www.europesays.com\/pt\/88383\/","title":{"rendered":"Mais de 30 pa\u00edses coordenam plano para acabar com &#8220;impunidade&#8221; de Israel"},"content":{"rendered":"<p>Este evento de car\u00e1ter ministerial realizou-se em Nova Iorque \u00e0 margem da Assembleia Geral das Na\u00e7\u00f5es Unidas &#8211; onde, ao mesmo tempo, intervinha o primeiro-ministro israelita, Benjamin Netanyahu &#8211; e reuniu representantes da Turquia, Espanha, Catar, Brasil, Chile, Indon\u00e9sia, Jord\u00e2nia, Irlanda, M\u00e9xico, Noruega ou Ar\u00e1bia Saudita, entre outros.<\/p>\n<blockquote data-type=\"articles\" data-id=\"related-article-17958165\"><p>\n              <strong>Leia tamb\u00e9m <\/strong><br \/>\n              <a href=\"https:\/\/www.jn.pt\/mundo\/artigo\/netanyahu-ordena-transmissao-para-gaza-do-discurso-na-onu\/17958165\" rel=\"nofollow noopener\" target=\"_blank\">Assembleia esvaziada: Netanyahu defende na ONU &#8220;terminar o trabalho&#8221; em Gaza<\/a>\n            <\/p><\/blockquote>\n<p>No total, 34 pa\u00edses apresentaram <strong>medidas legais, diplom\u00e1ticas e econ\u00f3micas <\/strong>para consolidar &#8220;a resposta global aos crimes constantes de Israel, estabelecendo um modelo para que todos os Estados cumpram imediatamente com as suas obriga\u00e7\u00f5es e criando mecanismos s\u00f3lidos de responsabiliza\u00e7\u00e3o&#8221;, segundo o Grupo de Haia em comunicado.<\/p>\n<p data-remotead-prev-elm=\"true\" data-remotead-elm-id=\"centro1\">Entre estas propostas, destacaram a proibi\u00e7\u00e3o de exporta\u00e7\u00f5es e importa\u00e7\u00f5es de uso militar para Israel; rejeitar que envios de armamento provenientes de terceiros pa\u00edses fa\u00e7am escala nos seus portos; rever contratos p\u00fablicos para evitar financiar institui\u00e7\u00f5es que apoiem a &#8220;ocupa\u00e7\u00e3o&#8221;; exigir o fim da &#8220;impunidade&#8221; perante o Tribunal Internacional de Justi\u00e7a; ou impor um embargo energ\u00e9tico a Israel.<\/p>\n<p>&#8220;A escolha que cada governo tem diante de si \u00e9 clara: cumplicidade ou cumprimento [do direito internacional]. <strong>A hist\u00f3ria nos julgar\u00e1 n\u00e3o pelos discursos que proferimos, mas pelas a\u00e7\u00f5es que tomamos<\/strong>&#8220;, afirmaram a Col\u00f4mbia e a \u00c1frica do Sul num comunicado conjunto, como l\u00edderes daquela iniciativa.<\/p>\n<p data-remotead-prev-elm=\"true\" data-remotead-elm-id=\"centro2\">O Grupo de Haia real\u00e7ou tamb\u00e9m que estas propostas n\u00e3o devem ser &#8220;opcionais&#8221;, mas sim &#8220;vinculativas nos termos da Conven\u00e7\u00e3o sobre o Genoc\u00eddio, dos pareceres consultivos do Tribunal Penal Internacional e das resolu\u00e7\u00f5es das Na\u00e7\u00f5es Unidas&#8221;.<\/p>\n<p>O embaixador da Palestina junto das Na\u00e7\u00f5es Unidas, Riyad Mansour, esteve presente na reuni\u00e3o e indicou que esta pode representar <strong>um &#8220;ponto de viragem&#8221; <\/strong>para que ocorra a &#8220;accountability&#8221; de Israel como &#8220;passo pr\u00e9vio e fundamental para fazer justi\u00e7a&#8221; ao povo palestiniano.<\/p>\n<p data-remotead-prev-elm=\"true\" data-remotead-elm-id=\"centro3\">Esta cimeira realizou-se depois de, esta semana, ter expirado o prazo de 12 meses estabelecido pela Assembleia Geral das Na\u00e7\u00f5es Unidas para que Israel cumprisse medidas provis\u00f3rias do Tribunal Internacional de Justi\u00e7a e ap\u00f3s o recente an\u00fancio da Comiss\u00e3o Internacional Independente de Investiga\u00e7\u00e3o das Na\u00e7\u00f5es Unidas, que concluiu que Israel est\u00e1 a perpetrar um genoc\u00eddio em Gaza.<\/p>\n","protected":false},"excerpt":{"rendered":"Este evento de car\u00e1ter ministerial realizou-se em Nova Iorque \u00e0 margem da Assembleia Geral das Na\u00e7\u00f5es Unidas &#8211;&hellip;\n","protected":false},"author":2,"featured_media":88384,"comment_status":"","ping_status":"","sticky":false,"template":"","format":"standard","meta":{"footnotes":""},"categories":[50],"tags":[27,28,311,15,16,913,3388,14,25,26,21,22,62,12,13,19,20,910,23,24,17,18,29,30,31,63,64,65],"class_list":{"0":"post-88383","1":"post","2":"type-post","3":"status-publish","4":"format-standard","5":"has-post-thumbnail","7":"category-mundo","8":"tag-breaking-news","9":"tag-breakingnews","10":"tag-conflito-israelo-palestiniano","11":"tag-featured-news","12":"tag-featurednews","13":"tag-fome","14":"tag-genocidio","15":"tag-headlines","16":"tag-latest-news","17":"tag-latestnews","18":"tag-main-news","19":"tag-mainnews","20":"tag-mundo","21":"tag-news","22":"tag-noticias","23":"tag-noticias-principais","24":"tag-noticiasprincipais","25":"tag-onu","26":"tag-principais-noticias","27":"tag-principaisnoticias","28":"tag-top-stories","29":"tag-topstories","30":"tag-ultimas","31":"tag-ultimas-noticias","32":"tag-ultimasnoticias","33":"tag-world","34":"tag-world-news","35":"tag-worldnews"},"share_on_mastodon":{"url":"","error":""},"_links":{"self":[{"href":"https:\/\/www.europesays.com\/pt\/wp-json\/wp\/v2\/posts\/88383","targetHints":{"allow":["GET"]}}],"collection":[{"href":"https:\/\/www.europesays.com\/pt\/wp-json\/wp\/v2\/posts"}],"about":[{"href":"https:\/\/www.europesays.com\/pt\/wp-json\/wp\/v2\/types\/post"}],"author":[{"embeddable":true,"href":"https:\/\/www.europesays.com\/pt\/wp-json\/wp\/v2\/users\/2"}],"replies":[{"embeddable":true,"href":"https:\/\/www.europesays.com\/pt\/wp-json\/wp\/v2\/comments?post=88383"}],"version-history":[{"count":0,"href":"https:\/\/www.europesays.com\/pt\/wp-json\/wp\/v2\/posts\/88383\/revisions"}],"wp:featuredmedia":[{"embeddable":true,"href":"https:\/\/www.europesays.com\/pt\/wp-json\/wp\/v2\/media\/88384"}],"wp:attachment":[{"href":"https:\/\/www.europesays.com\/pt\/wp-json\/wp\/v2\/media?parent=88383"}],"wp:term":[{"taxonomy":"category","embeddable":true,"href":"https:\/\/www.europesays.com\/pt\/wp-json\/wp\/v2\/categories?post=88383"},{"taxonomy":"post_tag","embeddable":true,"href":"https:\/\/www.europesays.com\/pt\/wp-json\/wp\/v2\/tags?post=88383"}],"curies":[{"name":"wp","href":"https:\/\/api.w.org\/{rel}","templated":true}]}}