{"id":88387,"date":"2025-09-27T01:27:17","date_gmt":"2025-09-27T01:27:17","guid":{"rendered":"https:\/\/www.europesays.com\/pt\/88387\/"},"modified":"2025-09-27T01:27:17","modified_gmt":"2025-09-27T01:27:17","slug":"drones-russos-podem-atingir-todas-as-capitais-da-ue-exceto-lisboa","status":"publish","type":"post","link":"https:\/\/www.europesays.com\/pt\/88387\/","title":{"rendered":"Drones russos podem atingir todas as capitais da UE, exceto Lisboa"},"content":{"rendered":"<p>          <img decoding=\"async\" class=\"c-ad__placeholder__logo\" src=\"https:\/\/static.euronews.com\/website\/images\/logos\/logo-euronews-stacked-outlined-72x72-grey-9.svg\" width=\"72\" height=\"72\" alt=\"\" loading=\"lazy\"\/><br \/>\n          PUBLICIDADE<\/p>\n<p>Com um alcance superior e uma capacidade de transportar uma maior carga explosiva, os novos drones Shahed russos, de fabrico iraniano, colocam quase toda a Europa ao alcance dos ataques do Kremlin. <strong>A \u00fanica exce\u00e7\u00e3o, por enquanto, \u00e9 Lisboa<\/strong>, de acordo com a <a href=\"https:\/\/defence-ua.com\/army_and_war\/na_skilki_daleko_rf_mozhe_biti_po_jevropi_shahedami_i_chomu_gotovim_treba_bude_navit_ispaniji-20306.html\" target=\"_blank\" rel=\"noreferrer nofollow noopener\"><strong>publica\u00e7\u00e3o Defence Express.<\/strong><\/a><\/p>\n<p>De acordo com os servi\u00e7os de informa\u00e7\u00f5es militares ucranianos, o <strong>alcance de voo destes drones \u00e9 de 1800 a 2500 quil\u00f3metros<\/strong>. Quanto \u00e0s \u00e1reas de lan\u00e7amento, parte da infraestrutura de lan\u00e7amento russa para ataques na Ucr\u00e2nia pode ser usada para o lan\u00e7amento efetivo de drones sobre os pa\u00edses pertencentes \u00e0 NATO.<\/p>\n<p>A publica\u00e7\u00e3o analisou os locais de lan\u00e7amento de drones mais favor\u00e1veis para a R\u00fassia em caso de ataque ao Ocidente e destaca tr\u00eas localiza\u00e7\u00f5es: o Cabo de Chauda, na Crimeia, uma base de lan\u00e7amento em Bryansk, e uma terceira localizada nos arredores de S\u00e3o Petersburgo.\u00a0<\/p>\n<p>A partir destas tr\u00eas localiza\u00e7\u00f5es, os Shahed russos que t\u00eam um alcance de voo at\u00e9 1.800 quil\u00f3metros s\u00e3o suficientes para atingir qualquer alvo em todo o <strong>territ\u00f3rio da Escandin\u00e1via, dos B\u00e1lticos, quase toda a Alemanha, \u00c1ustria e at\u00e9 uma parte do sul de It\u00e1lia.<\/strong> <\/p>\n<p>A situa\u00e7\u00e3o muda de figura, contudo, com os drones com capacidade aumentada para atingir alvos a 2500 quil\u00f3metros de dist\u00e2ncia. Este aumento coloca tamb\u00e9m <strong>It\u00e1lia, Reino Unido, Irlanda, Su\u00ed\u00e7a e quase toda a Fran\u00e7a<\/strong> como alvos f\u00e1ceis.<\/p>\n<p>Os analistas da Defence Express admitem contudo outro cen\u00e1rio. Em caso de conflito com o resto da Europa, a R\u00fassia poderia montar em poucos meses novos centros de lan\u00e7amento no interior da Bielorr\u00fassia ou at\u00e9 mesmo na regi\u00e3o de Kaliningrado. Este cen\u00e1rio poderia aproximar os drones 700 quil\u00f3metros, o que colocaria <strong>Madrid e todo o norte de Espanha \u00e0 merc\u00ea dos ataques do Kremlin<\/strong>.<\/p>\n<p>Isso faz de <strong>Lisboa a \u00fanica capital europeia fora do alcance dos drones russos<\/strong> em caso de um poss\u00edvel ataque, embora a r\u00e1pida evolu\u00e7\u00e3o tecnol\u00f3gica e a capacidade da R\u00fassia de estabelecer novos locais de lan\u00e7amento em meses sugira que esta vantagem pode ser tempor\u00e1ria para Portugal.<\/p>\n<p>O artigo da Defence Express surge ap\u00f3s uma s\u00e9rie de <a href=\"https:\/\/pt.euronews.com\/2025\/09\/25\/dinamarca-em-alerta-apos-atividade-nao-autorizada-de-drones-sobre-quatro-aeroportos\" rel=\"nofollow noopener\" target=\"_blank\"><strong>incidentes com drones no norte da Europa<\/strong><\/a>: pelo menos quatro aeroportos na Dinamarca foram afetados no que parece ter sido um ataque coordenado de drones que invadiram o espa\u00e7o a\u00e9reo. A mesma situa\u00e7\u00e3o verificou-se em Oslo. J\u00e1 no in\u00edcio de setembro, registaram-se v\u00e1rias incurs\u00f5es de drones na Pol\u00f3nia, durante ataques em grande escala da R\u00fassia na Ucr\u00e2nia.<\/p>\n<p>Al\u00e9m disso, aponta para a import\u00e2ncia de investir em defesas antia\u00e9reas modernas e coloca a nu as vulnerabilidades da NATO e a necessidade de refor\u00e7ar o seu flanco leste. <\/p>\n","protected":false},"excerpt":{"rendered":"PUBLICIDADE Com um alcance superior e uma capacidade de transportar uma maior carga explosiva, os novos drones Shahed&hellip;\n","protected":false},"author":2,"featured_media":88388,"comment_status":"","ping_status":"","sticky":false,"template":"","format":"standard","meta":{"footnotes":""},"categories":[8],"tags":[27,28,837,445,15,16,14,25,26,797,21,22,12,13,19,20,32,23,24,33,839,17,18,29,30,31],"class_list":{"0":"post-88387","1":"post","2":"type-post","3":"status-publish","4":"format-standard","5":"has-post-thumbnail","7":"category-principais-noticias","8":"tag-breaking-news","9":"tag-breakingnews","10":"tag-drones","11":"tag-europa","12":"tag-featured-news","13":"tag-featurednews","14":"tag-headlines","15":"tag-latest-news","16":"tag-latestnews","17":"tag-lisboa","18":"tag-main-news","19":"tag-mainnews","20":"tag-news","21":"tag-noticias","22":"tag-noticias-principais","23":"tag-noticiasprincipais","24":"tag-portugal","25":"tag-principais-noticias","26":"tag-principaisnoticias","27":"tag-pt","28":"tag-russia","29":"tag-top-stories","30":"tag-topstories","31":"tag-ultimas","32":"tag-ultimas-noticias","33":"tag-ultimasnoticias"},"share_on_mastodon":{"url":"","error":""},"_links":{"self":[{"href":"https:\/\/www.europesays.com\/pt\/wp-json\/wp\/v2\/posts\/88387","targetHints":{"allow":["GET"]}}],"collection":[{"href":"https:\/\/www.europesays.com\/pt\/wp-json\/wp\/v2\/posts"}],"about":[{"href":"https:\/\/www.europesays.com\/pt\/wp-json\/wp\/v2\/types\/post"}],"author":[{"embeddable":true,"href":"https:\/\/www.europesays.com\/pt\/wp-json\/wp\/v2\/users\/2"}],"replies":[{"embeddable":true,"href":"https:\/\/www.europesays.com\/pt\/wp-json\/wp\/v2\/comments?post=88387"}],"version-history":[{"count":0,"href":"https:\/\/www.europesays.com\/pt\/wp-json\/wp\/v2\/posts\/88387\/revisions"}],"wp:featuredmedia":[{"embeddable":true,"href":"https:\/\/www.europesays.com\/pt\/wp-json\/wp\/v2\/media\/88388"}],"wp:attachment":[{"href":"https:\/\/www.europesays.com\/pt\/wp-json\/wp\/v2\/media?parent=88387"}],"wp:term":[{"taxonomy":"category","embeddable":true,"href":"https:\/\/www.europesays.com\/pt\/wp-json\/wp\/v2\/categories?post=88387"},{"taxonomy":"post_tag","embeddable":true,"href":"https:\/\/www.europesays.com\/pt\/wp-json\/wp\/v2\/tags?post=88387"}],"curies":[{"name":"wp","href":"https:\/\/api.w.org\/{rel}","templated":true}]}}