{"id":88423,"date":"2025-09-27T02:24:18","date_gmt":"2025-09-27T02:24:18","guid":{"rendered":"https:\/\/www.europesays.com\/pt\/88423\/"},"modified":"2025-09-27T02:24:18","modified_gmt":"2025-09-27T02:24:18","slug":"confeiteira-famosa-que-fez-bolos-para-xuxa-morre-aos-84-anos","status":"publish","type":"post","link":"https:\/\/www.europesays.com\/pt\/88423\/","title":{"rendered":"Confeiteira famosa que fez bolos para Xuxa morre aos 84 anos"},"content":{"rendered":"<p class=\"texto\">A confeiteira Rosely Picorelli Gon\u00e7alves Bonfante morreu aos 84 anos na quarta-feira (24\/9).\u00a0Nascida em Juiz de Fora (MG), ela j\u00e1\u00a0fez diversos bolos para a apresentadora <a href=\"https:\/\/www.correiobraziliense.com.br\/tags\/xuxa\/\" target=\"_blank\" rel=\"nofollow noopener\">Xuxa Meneghel<\/a> e a fam\u00edlia, inclusive para os anivers\u00e1rios de Sasha Meneghel e tamb\u00e9m para as comemora\u00e7\u00f5es televisionadas do anivers\u00e1rio de Xuxa. A causa da morte de Rosely n\u00e3o foi divulgada pela fam\u00edlia.<\/p>\n<p class=\"texto\">A confeiteira\u00a0morou boa parte da vida entre Ju\u00edz de Fora e o Rio de Janeiro. Por\u00e9m, desde a pandemia, ela foi morar com o marido, Ricardo Bonfante, em <a href=\"https:\/\/www.correiobraziliense.com.br\/brasil\/2025\/08\/7232468-ponte-na-br-364-em-porto-velho-passa-por-obras-e-sera-alargada.html\" target=\"_blank\" rel=\"nofollow noopener\">Porto Velho (RO)<\/a>, para ficar perto dos filhos e netos. Ela deixa marido, 9 netos e um bisneto.<\/p>\n<p class=\"texto\">O m\u00fasico e professor\u00a0Gustavo Bonfante, neto de Rosely, disse ao <strong>Correio<\/strong> que a av\u00f3 atuava\u00a0desde a d\u00e9cada de 1980 na confeitaria. Em 1992, depois de participar de um curso em Londres, ela desenvolveu a pr\u00f3pria receita de \u201cfondant\u201d, tamb\u00e9m conhecido popularmente como \u201cpasta americana\u201d.\u00a0A inven\u00e7\u00e3o, que foi pensada levando em considera\u00e7\u00e3o o clima e contexto brasileiros, logo foi largamente incorporada \u00e0\u00a0 confeitaria do pa\u00eds.<\/p>\n<p class=\"texto\">\t&#13;<br \/>\n  \t<img decoding=\"async\" src=\"https:\/\/www.europesays.com\/pt\/wp-content\/uploads\/2025\/09\/luto-59283217.jpg\" alt=\"A confeiteira Rosely Picorelli Gon\u00e7alves Bonfante morreu aos 84 anos na quarta-feira (24\/9)\" title=\"A confeiteira Rosely Picorelli Gon\u00e7alves Bonfante morreu aos 84 anos na quarta-feira (24\/9)\" class=\"lazy\" width=\"\" height=\"\"\/>&#13;<br \/>\n  \t &#13;<br \/>\n\t\tA confeiteira Rosely Picorelli Gon\u00e7alves Bonfante morreu aos 84 anos na quarta-feira (24\/9)&#13;<br \/>\n\t\t(foto: Divulga\u00e7\u00e3o)&#13;<br \/>\n\t&#13;\n<\/p>\n<p class=\"texto\">&#8220;A confeitaria para Rosely Bonfante n\u00e3o era apenas uma forma de ter independ\u00eancia financeira: era tamb\u00e9m uma forma de expressar seu amor e carinho pelas pessoas. N\u00e3o apenas no visual impec\u00e1vel de seus bolos, mas tamb\u00e9m no sabor, era ineg\u00e1vel a aten\u00e7\u00e3o ao detalhe e o artesanato, muitas vezes feito a m\u00e3o, que Rosely colocava em seu trabalho&#8221;, destacou Gustavo.<\/p>\n<p class=\"texto\">Rosely atuou na parte de comida cenogr\u00e1fica\u00a0em novelas\u00a0da TV Globo, como <a href=\"https:\/\/www.correiobraziliense.com.br\/diversao-e-arte\/2025\/09\/7239378-como-estao-as-criancas-da-novela-terra-nostra-atualmente-veja-o-antes-e-depois.html\" target=\"_blank\" rel=\"nofollow noopener\">Terra Nostra<\/a>, O Clone\u00a0e\u00a0P\u00e1ginas da Vida. Ela tamb\u00e9m participou do\u00a0anivers\u00e1rio de 50 anos do Est\u00e1dio Maracan\u00e3 (RJ), em 2000, al\u00e9m de diversos eventos para a alta sociedade carioca e paulista.<\/p>\n<p class=\"texto\">&#8220;Ela\u00a0deixa um legado imenso de amor, dedica\u00e7\u00e3o, trabalho e inova\u00e7\u00e3o. Al\u00e9m de uma grande artista e uma grande mulher, minha av\u00f3 foi um ser humano incr\u00edvel. Ela \u00e9 uma grande inspira\u00e7\u00e3o pra todos que vem depois dela: filhos, netos, bisnetos e afins; al\u00e9m de profissionais da confeitaria pelo Brasil e mundo&#8221;, frisou Gustavo.<\/p>\n<p class=\"texto\"><strong><a href=\"https:\/\/whatsapp.com\/channel\/0029VaB1U9a002T64ex1Sy2w\" rel=\"nofollow noopener\" target=\"_blank\">Siga o canal do Correio no WhatsApp e receba as principais not\u00edcias do dia no seu celular<\/a><\/strong><\/p>\n<p>                            <a href=\"https:\/\/www.correiobraziliense.com.br\/autor\/aline-gouveia\/page\/1\/\" style=\"height: 100%;\" rel=\"nofollow noopener\" target=\"_blank\"><img decoding=\"async\" class=\"hidden-print author-circle d-block h6 mt-0 mb-0 mr-6 text-center\" src=\"https:\/\/www.europesays.com\/pt\/wp-content\/uploads\/2025\/09\/aline_gouveia-29856318.png\" alt=\"\" width=\"40\" height=\"40\" loading=\"lazy\" style=\"object-fit:cover; width: 40px; height: 40px; margin-right:10px;\"\/><\/a><a href=\"https:\/\/www.correiobraziliense.com.br\/autor\/aline-gouveia\/page\/1\/\" rel=\"nofollow noopener\" target=\"_blank\"><img decoding=\"async\" class=\"hidden-print author-circle d-block h6 mt-0 mb-0 mr-6 text-center\" src=\"https:\/\/www.europesays.com\/pt\/wp-content\/uploads\/2025\/09\/aline_gouveia-29856318.png\" alt=\"\" width=\"40\" height=\"40\" loading=\"lazy\" style=\"object-fit:cover; width: 40px; height: 40px; margin-right:10px;\"\/><\/a>Aline Gouveia  <strong class=\"entryStrongAuthor\">Rep\u00f3rter<\/strong><\/p>\n<p class=\"entryDescricaoAuthor\">Jornalista formada pelo Centro Universit\u00e1rio IESB. Apaixonada por boas hist\u00f3rias e interessada em pautas sobre sa\u00fade mental e direitos humanos.<\/p>\n","protected":false},"excerpt":{"rendered":"A confeiteira Rosely Picorelli Gon\u00e7alves Bonfante morreu aos 84 anos na quarta-feira (24\/9).\u00a0Nascida em Juiz de Fora (MG),&hellip;\n","protected":false},"author":2,"featured_media":88424,"comment_status":"","ping_status":"","sticky":false,"template":"","format":"standard","meta":{"footnotes":""},"categories":[145],"tags":[211,210,22265,114,115,22266,1339,1535,32,33,2326,218,2750],"class_list":{"0":"post-88423","1":"post","2":"type-post","3":"status-publish","4":"format-standard","5":"has-post-thumbnail","7":"category-celebridades","8":"tag-celebridades","9":"tag-celebrities","10":"tag-confeiteira","11":"tag-entertainment","12":"tag-entretenimento","13":"tag-global-goal-globoplay","14":"tag-luto","15":"tag-obituario","16":"tag-portugal","17":"tag-pt","18":"tag-rio-de-janeiro","19":"tag-televisao","20":"tag-xuxa"},"share_on_mastodon":{"url":"","error":""},"_links":{"self":[{"href":"https:\/\/www.europesays.com\/pt\/wp-json\/wp\/v2\/posts\/88423","targetHints":{"allow":["GET"]}}],"collection":[{"href":"https:\/\/www.europesays.com\/pt\/wp-json\/wp\/v2\/posts"}],"about":[{"href":"https:\/\/www.europesays.com\/pt\/wp-json\/wp\/v2\/types\/post"}],"author":[{"embeddable":true,"href":"https:\/\/www.europesays.com\/pt\/wp-json\/wp\/v2\/users\/2"}],"replies":[{"embeddable":true,"href":"https:\/\/www.europesays.com\/pt\/wp-json\/wp\/v2\/comments?post=88423"}],"version-history":[{"count":0,"href":"https:\/\/www.europesays.com\/pt\/wp-json\/wp\/v2\/posts\/88423\/revisions"}],"wp:featuredmedia":[{"embeddable":true,"href":"https:\/\/www.europesays.com\/pt\/wp-json\/wp\/v2\/media\/88424"}],"wp:attachment":[{"href":"https:\/\/www.europesays.com\/pt\/wp-json\/wp\/v2\/media?parent=88423"}],"wp:term":[{"taxonomy":"category","embeddable":true,"href":"https:\/\/www.europesays.com\/pt\/wp-json\/wp\/v2\/categories?post=88423"},{"taxonomy":"post_tag","embeddable":true,"href":"https:\/\/www.europesays.com\/pt\/wp-json\/wp\/v2\/tags?post=88423"}],"curies":[{"name":"wp","href":"https:\/\/api.w.org\/{rel}","templated":true}]}}