{"id":88492,"date":"2025-09-27T04:59:08","date_gmt":"2025-09-27T04:59:08","guid":{"rendered":"https:\/\/www.europesays.com\/pt\/88492\/"},"modified":"2025-09-27T04:59:08","modified_gmt":"2025-09-27T04:59:08","slug":"barbara-evans-se-derrete-ao-mostrar-novo-visual-da-filha-primeiro-corte-para-valer","status":"publish","type":"post","link":"https:\/\/www.europesays.com\/pt\/88492\/","title":{"rendered":"B\u00e1rbara Evans se derrete ao mostrar novo visual da filha: &#8216;Primeiro corte para valer&#8217;"},"content":{"rendered":"<p><a href=\"https:\/\/caras.com.br\/tags\/barbara-evans_1\" rel=\"nofollow noopener\" target=\"_blank\"><strong>B\u00e1rbara Evans<\/strong><\/a> surpreendeu os seguidores das redes sociais na noite desta sexta-feira, 26, ao mostrar o \u201cprimeiro corte para valer\u201d da filha mais velha, <strong>Ayla<\/strong>, de tr\u00eas anos, fruto de seu relacionamento com\u00a0<strong>Gustavo Theodoro<\/strong>.<\/p>\n<p>No v\u00eddeo postado no feed, a modelo e influenciadora digital compartilha o momento em que a profissional passa a tesoura nos fios da menina, e tamb\u00e9m mostra como ficou o corte de cabelo da primog\u00eanita. \u201cPrimeiro corte para valer\u201d, contou a famosa no in\u00edcio do texto.<\/p>\n<p>\u201cHoje foi dia de dar tchauzinho pros cachinhos compridos! Minha menina, voc\u00ea \u00e9 pura luz, cheia de carisma e amor. Cada fio que caiu levou um pedacinho da minha emo\u00e7\u00e3o, e cada cachinho que ficou ganhou ainda mais beijinhos da mam\u00e3e. Ayla, voc\u00ea \u00e9 beleza que brilha de dentro pra fora e alegria que contagia. Que esse novo corte venha cheio de novas aventuras e sorrisos!\u201d, completou B\u00e1rbara, que tamb\u00e9m \u00e9 m\u00e3e dos g\u00eameos \u00c1lvaro e Ant\u00f4nio, de um aninho.<\/p>\n<p>O novo visual de Ayla foi elogiado pelos internautas.\u00a0\u201cNossa ela \u00e9 linda demais!!! Amei\u201d, disse a vov\u00f3\u00a0<strong>Monique Evans<\/strong>.\u00a0\u201cFicou ainda mais princesa\u201d, escreveu uma seguidora. \u201cUm dia desses estava acompanhado a B\u00e1rbara fazendo o tratamento e agora Ayla no sal\u00e3o de beleza o tempo voa\u201d, relembrou outra.\u00a0\u201cPerfeita\u201d, falou uma f\u00e3.<\/p>\n<p>Vale lembrar que recentemente a filha de B\u00e1rbara Evans sofreu uma queda em casa e <a href=\"https:\/\/caras.com.br\/atualidades\/barbara-evans-exibe-momento-da-queda-da-filha-que-foi-socorrida-pressas.phtml\" rel=\"nofollow noopener\" target=\"_blank\">a influencer falou sobre o ocorrido<\/a>.\u00a0\u201cEla n\u00e3o se jogou no ch\u00e3o e nem estava fazendo birra. Simplesmente estava correndo, animada que estava indo para a escola. Normal de crian\u00e7a. Depois do tombo ela ficou calma, foi muito forte! N\u00e3o chorou para levar anestesia e correu tudo bem. Agora cuidar para fechar logo esse dod\u00f3i. Quem acaba sofrendo somos n\u00f3s\u201d, disse na ocasi\u00e3o.<\/p>\n<p><strong>Confira:\u00a0<\/strong><\/p>\n<p> <img loading=\"lazy\" decoding=\"async\" class=\"size-full wp-image-1010159 img-fluid lazy\" alt=\"Filha de B\u00e1rbara Evans corta o cabelo - Foto: Instagram\" width=\"600\" height=\"500\" src=\"https:\/\/www.europesays.com\/pt\/wp-content\/uploads\/2025\/09\/barbara-evans-corte-de-cabelo-da-filha-ayla.jpg\"  \/>Filha de B\u00e1rbara Evans corta o cabelo \u2013 Foto: Instagram <img loading=\"lazy\" decoding=\"async\" class=\"size-full wp-image-1010160 img-fluid lazy\" alt=\"\" width=\"600\" height=\"500\" src=\"https:\/\/www.europesays.com\/pt\/wp-content\/uploads\/2025\/09\/barbara-evans-corte-de-cabelo-da-filha-ayla1.jpg\"  \/>Filha de B\u00e1rbara Evans corta o cabelo \u2013 Foto: Instagram  <\/p>\n<p>B\u00e1rbara Evans decidiu falar sobre<a href=\"https:\/\/caras.com.br\/atualidades\/barbara-evans-explica-rotina-das-babas-em-sua-casa-sao-varias.phtml\" rel=\"nofollow noopener\" target=\"_blank\"> a quantidade de bab\u00e1s que trabalham em sua casa<\/a>. Ela tocou no assunto ap\u00f3s ser questionada nas caixinhas de pergunta.\u00a0\u201cVoc\u00ea tem tido dificuldades para manter bab\u00e1s? Por qu\u00ea? Percebo uma grande rotatividade\u201d, quis saber a pessoa. \u201cN\u00e3o \u00e9 quest\u00e3o de manter. O que deve perceber \u00e9 que tem umas que faz 24 horas, algumas fazem um dia sim e um dia n\u00e3o e tem outras que fazem de noite, ent\u00e3o um dia \u00e9 uma, no outro dia \u00e9 outra e tem umas que faz 24 horas. Tem umas que s\u00f3 fazem durante o dia, e umas que s\u00f3 fazem durante a noite. A gente tem um grupo grande (\u2026)\u201d, explicou.<\/p>\n<p><strong>Leia tamb\u00e9m:<\/strong> <a href=\"https:\/\/caras.com.br\/kids\/filhos-de-barbara-evans-roubam-cena-em-fotos-ineditas-quem-aguenta.phtml\" rel=\"nofollow noopener\" target=\"_blank\">Filhos de B\u00e1rbara Evans roubam a cena em fotos in\u00e9ditas: \u2018Quem aguenta?\u2019<\/a><\/p>\n<p>        <a href=\"https:\/\/caras.com.br\/autor\/daniela-santos\" rel=\"nofollow noopener\" target=\"_blank\">&#13;<br \/>\n          <img loading=\"lazy\" decoding=\"async\" alt=\"Daniela Santos\" src=\"https:\/\/www.europesays.com\/pt\/wp-content\/uploads\/2025\/09\/1758949148_187_daniela-santos_sqmd.jpg\" class=\"avatar avatar-115 photo rounded-circle\" height=\"115\" width=\"115\"\/>        <\/a><\/p>\n<p><b>Daniela Santos<\/b> \u00e9 rep\u00f3rter do site CARAS. Formada em jornalismo pela FIAM FAAM, atua na \u00e1rea de celebridades e TV desde 2018<\/p>\n","protected":false},"excerpt":{"rendered":"B\u00e1rbara Evans surpreendeu os seguidores das redes sociais na noite desta sexta-feira, 26, ao mostrar o \u201cprimeiro corte&hellip;\n","protected":false},"author":2,"featured_media":88493,"comment_status":"","ping_status":"","sticky":false,"template":"","format":"standard","meta":{"footnotes":""},"categories":[145],"tags":[7436,211,210,22279,114,115,1127,32,33],"class_list":{"0":"post-88492","1":"post","2":"type-post","3":"status-publish","4":"format-standard","5":"has-post-thumbnail","7":"category-celebridades","8":"tag-barbara-evans","9":"tag-celebridades","10":"tag-celebrities","11":"tag-corte-de-cabelo","12":"tag-entertainment","13":"tag-entretenimento","14":"tag-filha","15":"tag-portugal","16":"tag-pt"},"share_on_mastodon":{"url":"","error":""},"_links":{"self":[{"href":"https:\/\/www.europesays.com\/pt\/wp-json\/wp\/v2\/posts\/88492","targetHints":{"allow":["GET"]}}],"collection":[{"href":"https:\/\/www.europesays.com\/pt\/wp-json\/wp\/v2\/posts"}],"about":[{"href":"https:\/\/www.europesays.com\/pt\/wp-json\/wp\/v2\/types\/post"}],"author":[{"embeddable":true,"href":"https:\/\/www.europesays.com\/pt\/wp-json\/wp\/v2\/users\/2"}],"replies":[{"embeddable":true,"href":"https:\/\/www.europesays.com\/pt\/wp-json\/wp\/v2\/comments?post=88492"}],"version-history":[{"count":0,"href":"https:\/\/www.europesays.com\/pt\/wp-json\/wp\/v2\/posts\/88492\/revisions"}],"wp:featuredmedia":[{"embeddable":true,"href":"https:\/\/www.europesays.com\/pt\/wp-json\/wp\/v2\/media\/88493"}],"wp:attachment":[{"href":"https:\/\/www.europesays.com\/pt\/wp-json\/wp\/v2\/media?parent=88492"}],"wp:term":[{"taxonomy":"category","embeddable":true,"href":"https:\/\/www.europesays.com\/pt\/wp-json\/wp\/v2\/categories?post=88492"},{"taxonomy":"post_tag","embeddable":true,"href":"https:\/\/www.europesays.com\/pt\/wp-json\/wp\/v2\/tags?post=88492"}],"curies":[{"name":"wp","href":"https:\/\/api.w.org\/{rel}","templated":true}]}}