{"id":88521,"date":"2025-09-27T05:55:13","date_gmt":"2025-09-27T05:55:13","guid":{"rendered":"https:\/\/www.europesays.com\/pt\/88521\/"},"modified":"2025-09-27T05:55:13","modified_gmt":"2025-09-27T05:55:13","slug":"4-filmes-na-netflix-para-desistir-de-sair-do-sofa","status":"publish","type":"post","link":"https:\/\/www.europesays.com\/pt\/88521\/","title":{"rendered":"4 filmes na Netflix para desistir de sair do sof\u00e1"},"content":{"rendered":"<p><img width=\"610\" height=\"350\" src=\"https:\/\/www.europesays.com\/pt\/wp-content\/uploads\/2025\/09\/IMG_4653-610x350.jpeg\" class=\"attachment-post-thumbnail size-post-thumbnail wp-post-image\" alt=\"4 filmes na Netflix para desistir de sair nessa sexta-feira\" title=\"4 filmes na Netflix para desistir de sair nessa sexta-feira\" data-no-lazy=\"1\" decoding=\"async\" fetchpriority=\"high\"\/><br \/>\n<strong>Divulga\u00e7\u00e3o \/ New Line Cinema<\/strong><\/p>\n<p>Se voc\u00ea est\u00e1 em busca de um bom motivo para cancelar os compromissos de sexta-feira \u00e0 noite e simplesmente ficar tranquilo em casa, descansando e vendo um filminho, luzes baixas, na seguran\u00e7a do lar, temos quatro op\u00e7\u00f5es perfeitas. Escolhemos na <a href=\"https:\/\/www.revistabula.com\/113206-6-filmes-na-netflix-terrivelmente-subestimados\/\" target=\"_blank\" rel=\"noreferrer noopener nofollow\">Netflix<\/a> filmes que re\u00fanem g\u00eaneros distintos e ecoam de lendas ancestrais a dramas familiares, romances improv\u00e1veis e fic\u00e7\u00f5es que flertam com o desconhecido. A diversidade n\u00e3o \u00e9 casual: cada t\u00edtulo carrega consigo um olhar particular sobre as for\u00e7as que moldam o ser humano: a f\u00e9, o medo, a ambi\u00e7\u00e3o ou a simples necessidade de conex\u00e3o.<\/p>\n<p>Nesses filmes voc\u00ea vai encontrar hist\u00f3rias que d\u00e3o arrepios e comovem com amores improv\u00e1veis. S\u00e3o obras que entret\u00eam e instigam, desafiam as expectativas e oferecem conversas posteriores que v\u00e3o al\u00e9m da tela. Se sexta-feira pede intensidade sem sair de casa, essa sele\u00e7\u00e3o promete ocupar seu sof\u00e1 com emo\u00e7\u00e3o, medo, paix\u00e3o e mist\u00e9rio em igual medida.<\/p>\n<p><strong>Rute e Boaz (2025), Allana Brown<\/strong><\/p>\n<p><img loading=\"lazy\" decoding=\"async\" width=\"610\" height=\"407\" class=\"alignnone size-full\" src=\"https:\/\/www.europesays.com\/pt\/wp-content\/uploads\/2025\/09\/IMG_4640-610x407.jpeg\" alt=\"\"\/><strong class=\"attribution\">Divulga\u00e7\u00e3o \/ Netflix<\/strong><\/p>\n<p class=\"callout-body\">Uma jovem cantora decide abandonar uma chance promissora no mundo da m\u00fasica ap\u00f3s uma trag\u00e9dia ligada ao namorado. Em busca de um recome\u00e7o, ela acompanha a sogra para uma pequena cidade no interior, onde precisa reconstruir a pr\u00f3pria vida. O trabalho duro em uma vin\u00edcola a aproxima do dono do local, que v\u00ea nela n\u00e3o apenas dedica\u00e7\u00e3o, mas tamb\u00e9m a possibilidade de um novo amor. Apesar da f\u00e9 que a sustenta, o passado amea\u00e7a retornar de forma sombria, trazendo lembran\u00e7as e perigos que colocam \u00e0 prova sua coragem. O romance que surge entre os dois se torna tanto um ref\u00fagio quanto um risco, j\u00e1 que cada passo adiante exige a supera\u00e7\u00e3o de perdas que ainda ecoam.<\/p>\n<p><strong>O Poderoso Chef\u00e3o: A Morte de Michael Corleone (2020), Francis Ford Coppola<\/strong><\/p>\n<p><img loading=\"lazy\" decoding=\"async\" width=\"610\" height=\"407\" class=\"alignnone size-full\" src=\"https:\/\/www.europesays.com\/pt\/wp-content\/uploads\/2025\/09\/IMG_4652-610x407.jpeg\" alt=\"\"\/><strong class=\"attribution\">Divulga\u00e7\u00e3o \/ Paramount Pictures<\/strong><\/p>\n<p class=\"callout-body\">Com a sa\u00fade debilitada e a sombra da morte rondando cada vez mais pr\u00f3xima, o patriarca de uma poderosa fam\u00edlia mafiosa precisa enfrentar sua sucess\u00e3o em meio a um imp\u00e9rio amea\u00e7ado por trai\u00e7\u00f5es internas e inimigos externos. O legado constru\u00eddo a sangue e sil\u00eancio agora depende de decis\u00f5es que podem comprometer a lealdade da fam\u00edlia e o futuro do cl\u00e3. O dilema central gira em torno da luta entre manter a tradi\u00e7\u00e3o ou abrir caminho para uma nova ordem, marcada por ambi\u00e7\u00e3o e conflitos de gera\u00e7\u00f5es. A morte iminente n\u00e3o encerra apenas uma vida, mas redefine toda a estrutura de poder, obrigando cada personagem a escolher entre a honra e a sobreviv\u00eancia.<\/p>\n<p><strong>A Maldi\u00e7\u00e3o da Chorona (2019), Michael Chaves<\/strong><\/p>\n<p><img loading=\"lazy\" decoding=\"async\" width=\"610\" height=\"407\" class=\"alignnone size-full\" src=\"https:\/\/www.europesays.com\/pt\/wp-content\/uploads\/2025\/09\/IMG_4655-610x407.jpeg\" alt=\"\"\/><strong class=\"attribution\">Divulga\u00e7\u00e3o \/ New Line Cinema<\/strong><\/p>\n<p class=\"callout-body\">Uma assistente social se v\u00ea diante de um caso que parece extrapolar os limites da realidade. Ao investigar o comportamento estranho de uma m\u00e3e que mant\u00e9m os filhos em condi\u00e7\u00f5es suspeitas, descobre que h\u00e1 algo al\u00e9m da neglig\u00eancia: uma entidade ancestral que persegue crian\u00e7as para aprision\u00e1-las em sua dor eterna. A princ\u00edpio c\u00e9tica, ela se v\u00ea obrigada a lutar pela vida dos pr\u00f3prios filhos, mergulhando em um confronto que mistura supersti\u00e7\u00e3o, lenda popular e terror psicol\u00f3gico. O desespero a conduz a alian\u00e7as improv\u00e1veis e a enfrentar for\u00e7as invis\u00edveis que a levam a questionar at\u00e9 que ponto o mal \u00e9 fruto da cren\u00e7a coletiva ou uma presen\u00e7a concreta imposs\u00edvel de deter.<\/p>\n<p><strong>Sinais (2002), M. Night Shyamalan<\/strong><\/p>\n<p><img loading=\"lazy\" decoding=\"async\" width=\"610\" height=\"407\" class=\"alignnone size-full\" src=\"https:\/\/www.europesays.com\/pt\/wp-content\/uploads\/2025\/09\/IMG_4624-610x407.webp.webp\" alt=\"\"\/><strong class=\"attribution\">Divulga\u00e7\u00e3o \/ Touchstone Pictures<\/strong><\/p>\n<p class=\"callout-body\">Um ex-pastor vive com os dois filhos e o irm\u00e3o em uma fazenda isolada, tentando lidar com a crise de f\u00e9 que surgiu ap\u00f3s a morte da esposa. A rotina pacata \u00e9 interrompida quando misteriosos c\u00edrculos aparecem nas planta\u00e7\u00f5es, despertando suspeitas de que for\u00e7as externas observam cada movimento. Enquanto a comunidade ao redor entra em p\u00e2nico diante da possibilidade de uma invas\u00e3o, a fam\u00edlia precisa decidir entre fugir ou resistir dentro de casa. A tens\u00e3o cresce quando os sinais revelam significados ocultos e cada detalhe aparentemente banal se transforma em pe\u00e7a-chave para a sobreviv\u00eancia. No limite entre o sobrenatural e a f\u00e9, a hist\u00f3ria explora at\u00e9 onde o medo pode cegar e a esperan\u00e7a pode salvar.<\/p>\n<p><img loading=\"lazy\" decoding=\"async\" src=\"https:\/\/www.europesays.com\/pt\/wp-content\/uploads\/2025\/09\/fer-kalaoun-1.jpg\" width=\"300\" height=\"300\" alt=\"Fer Kalaoun\" class=\"avatar avatar-300 wp-user-avatar wp-user-avatar-300 alignnone photo\"\/><br \/>\nFer Kalaoun<\/p>\n<p>Fer Kalaoun \u00e9 editora na Revista Bula e rep\u00f3rter especializada em jornalismo cultural, audiovisual e pol\u00edtico desde 2014. Estudante de Hist\u00f3ria no Instituto Federal de Goi\u00e1s (IFG), traz uma perspectiva cr\u00edtica e contextualizada aos seus textos. J\u00e1 passou por grandes ve\u00edculos de comunica\u00e7\u00e3o de Goi\u00e1s, incluindo R\u00e1dio CBN, Jornal O Popular, Jornal Op\u00e7\u00e3o e R\u00e1dio Sagres, onde apresentou o quadro Cinemateca\u00a0Sagres.<\/p>\n","protected":false},"excerpt":{"rendered":"Divulga\u00e7\u00e3o \/ New Line Cinema Se voc\u00ea est\u00e1 em busca de um bom motivo para cancelar os compromissos&hellip;\n","protected":false},"author":2,"featured_media":88522,"comment_status":"","ping_status":"","sticky":false,"template":"","format":"standard","meta":{"footnotes":""},"categories":[140],"tags":[114,115,147,148,146,716,32,33],"class_list":{"0":"post-88521","1":"post","2":"type-post","3":"status-publish","4":"format-standard","5":"has-post-thumbnail","7":"category-filmes","8":"tag-entertainment","9":"tag-entretenimento","10":"tag-film","11":"tag-filmes","12":"tag-movies","13":"tag-netflix","14":"tag-portugal","15":"tag-pt"},"share_on_mastodon":{"url":"","error":""},"_links":{"self":[{"href":"https:\/\/www.europesays.com\/pt\/wp-json\/wp\/v2\/posts\/88521","targetHints":{"allow":["GET"]}}],"collection":[{"href":"https:\/\/www.europesays.com\/pt\/wp-json\/wp\/v2\/posts"}],"about":[{"href":"https:\/\/www.europesays.com\/pt\/wp-json\/wp\/v2\/types\/post"}],"author":[{"embeddable":true,"href":"https:\/\/www.europesays.com\/pt\/wp-json\/wp\/v2\/users\/2"}],"replies":[{"embeddable":true,"href":"https:\/\/www.europesays.com\/pt\/wp-json\/wp\/v2\/comments?post=88521"}],"version-history":[{"count":0,"href":"https:\/\/www.europesays.com\/pt\/wp-json\/wp\/v2\/posts\/88521\/revisions"}],"wp:featuredmedia":[{"embeddable":true,"href":"https:\/\/www.europesays.com\/pt\/wp-json\/wp\/v2\/media\/88522"}],"wp:attachment":[{"href":"https:\/\/www.europesays.com\/pt\/wp-json\/wp\/v2\/media?parent=88521"}],"wp:term":[{"taxonomy":"category","embeddable":true,"href":"https:\/\/www.europesays.com\/pt\/wp-json\/wp\/v2\/categories?post=88521"},{"taxonomy":"post_tag","embeddable":true,"href":"https:\/\/www.europesays.com\/pt\/wp-json\/wp\/v2\/tags?post=88521"}],"curies":[{"name":"wp","href":"https:\/\/api.w.org\/{rel}","templated":true}]}}