{"id":88531,"date":"2025-09-27T06:05:13","date_gmt":"2025-09-27T06:05:13","guid":{"rendered":"https:\/\/www.europesays.com\/pt\/88531\/"},"modified":"2025-09-27T06:05:13","modified_gmt":"2025-09-27T06:05:13","slug":"edificio-residencial-foners-gon-architects","status":"publish","type":"post","link":"https:\/\/www.europesays.com\/pt\/88531\/","title":{"rendered":"Edif\u00edcio Residencial Foners \/ gon architects"},"content":{"rendered":"<p><a class=\"js-image-size__link \" href=\"https:\/\/www.archdaily.com.br\/br\/1034395\/edificio-residencial-foners-gon-architects\/68d1cb6a0469df0001df2979-edificio-residencial-foners-gon-architects-foto\" rel=\"attachment nofollow noopener\" style=\"width: 100%; height: 100%;\" target=\"_blank\"><img decoding=\"async\" alt=\"Edif\u00edcio Residencial Foners \/ gon architects - Fotografia de Exterior, Balc\u00e3o\" data-nr-picture-id=\"68d1cb6a0469df0001df2979\" fetchpriority=\"high\" height=\"529\" itemprop=\"image\" loading=\"eager\" longdesc=\"https:\/\/www.archdaily.com.br\/br\/1034395\/edificio-residencial-foners-gon-architects\/68d1cb6a0469df0001df2979-edificio-residencial-foners-gon-architects-foto\" src=\"https:\/\/www.europesays.com\/pt\/wp-content\/uploads\/2025\/09\/Foners_1.jpg\" style=\"min-height: var(--featured-height, auto); aspect-ratio: auto 640 \/ 529\" width=\"640\"\/><\/a>\u00a9 Imagen Subliminal (Miguel de Guzm\u00e1n + Roc\u00edo Romero)<\/p>\n<p class=\"thumbs afd-desktop-e clearfix\"><a class=\"thumbs__link\" data-nr-picture-id=\"68d1cb6c0469df0001df297f\" href=\"https:\/\/www.archdaily.com.br\/br\/1034395\/edificio-residencial-foners-gon-architects\/68d1cb6c0469df0001df297f-edificio-residencial-foners-gon-architects-foto\" rel=\"attachment nofollow noopener\" target=\"_blank\"><img loading=\"lazy\" decoding=\"async\" alt=\"Edif\u00edcio Residencial Foners \/ gon architects - Fotografia de Interiores, Escada, Corrim\u00e3o\" class=\"thumbs__img b-lazy\" data-nr-picture-id=\"68d1cb6c0469df0001df297f\" data-pin-nopin=\"true\" src=\"https:\/\/www.europesays.com\/pt\/wp-content\/uploads\/2025\/09\/Foners_5.jpg\" height=\"125\" longdesc=\"https:\/\/www.archdaily.com.br\/br\/1034395\/edificio-residencial-foners-gon-architects\/68d1cb6c0469df0001df297f-edificio-residencial-foners-gon-architects-foto\" title=\"\u00a9 Imagen Subliminal (Miguel de Guzm\u00e1n + Roc\u00edo Romero)\" width=\"125\"\/><\/a><a class=\"thumbs__link\" data-nr-picture-id=\"68d1cb6f0469df0001df298a\" href=\"https:\/\/www.archdaily.com.br\/br\/1034395\/edificio-residencial-foners-gon-architects\/68d1cb6f0469df0001df298a-edificio-residencial-foners-gon-architects-foto\" rel=\"attachment nofollow noopener\" target=\"_blank\"><img loading=\"lazy\" decoding=\"async\" alt=\"Edif\u00edcio Residencial Foners \/ gon architects - Fotografia de Interiores, Madeira, Porta, Vidro, Cadeira\" class=\"thumbs__img b-lazy\" data-nr-picture-id=\"68d1cb6f0469df0001df298a\" data-pin-nopin=\"true\" src=\"https:\/\/www.europesays.com\/pt\/wp-content\/uploads\/2025\/09\/Foners_17.jpg\" height=\"125\" longdesc=\"https:\/\/www.archdaily.com.br\/br\/1034395\/edificio-residencial-foners-gon-architects\/68d1cb6f0469df0001df298a-edificio-residencial-foners-gon-architects-foto\" title=\"\u00a9 Imagen Subliminal (Miguel de Guzm\u00e1n + Roc\u00edo Romero)\" width=\"125\"\/><\/a><a class=\"thumbs__link\" data-nr-picture-id=\"68d1cb6f0469df0001df298d\" href=\"https:\/\/www.archdaily.com.br\/br\/1034395\/edificio-residencial-foners-gon-architects\/68d1cb6f0469df0001df298d-edificio-residencial-foners-gon-architects-foto\" rel=\"attachment nofollow noopener\" target=\"_blank\"><img loading=\"lazy\" decoding=\"async\" alt=\"Edif\u00edcio Residencial Foners \/ gon architects - Fotografia de Exterior, Balc\u00e3o\" class=\"thumbs__img b-lazy\" data-nr-picture-id=\"68d1cb6f0469df0001df298d\" data-pin-nopin=\"true\" src=\"https:\/\/www.europesays.com\/pt\/wp-content\/uploads\/2025\/09\/Foners_21.jpg\" height=\"125\" longdesc=\"https:\/\/www.archdaily.com.br\/br\/1034395\/edificio-residencial-foners-gon-architects\/68d1cb6f0469df0001df298d-edificio-residencial-foners-gon-architects-foto\" title=\"\u00a9 Imagen Subliminal (Miguel de Guzm\u00e1n + Roc\u00edo Romero)\" width=\"125\"\/><\/a><a class=\"thumbs__link\" data-nr-picture-id=\"68d1cb6a0469df0001df297b\" href=\"https:\/\/www.archdaily.com.br\/br\/1034395\/edificio-residencial-foners-gon-architects\/68d1cb6a0469df0001df297b-edificio-residencial-foners-gon-architects-foto\" rel=\"attachment nofollow noopener\" target=\"_blank\"><img loading=\"lazy\" decoding=\"async\" alt=\"Edif\u00edcio Residencial Foners \/ gon architects - Fotografia de Interiores, Cozinha, Bancada, Pia\" class=\"thumbs__img b-lazy\" data-nr-picture-id=\"68d1cb6a0469df0001df297b\" data-pin-nopin=\"true\" src=\"https:\/\/www.europesays.com\/pt\/wp-content\/uploads\/2025\/09\/Foners_15.jpg\" height=\"125\" longdesc=\"https:\/\/www.archdaily.com.br\/br\/1034395\/edificio-residencial-foners-gon-architects\/68d1cb6a0469df0001df297b-edificio-residencial-foners-gon-architects-foto\" title=\"\u00a9 Imagen Subliminal (Miguel de Guzm\u00e1n + Roc\u00edo Romero)\" width=\"125\"\/><\/a><a class=\"gallery-link afd-desktop-e\" href=\"https:\/\/www.archdaily.com.br\/br\/1034395\/edificio-residencial-foners-gon-architects\/68d1cb6a0469df0001df2979-edificio-residencial-foners-gon-architects-foto\" rel=\"nofollow noopener\" target=\"_blank\"><img decoding=\"async\" alt=\"Edif\u00edcio Residencial Foners \/ gon architects - Mais Imagens\" class=\"thumbs__img b-lazy\" src=\"https:\/\/www.europesays.com\/pt\/wp-content\/uploads\/2025\/09\/Foners_1.jpg\" itemprop=\"image\" bad-src=\"data:image\/gif;base64,R0lGODlhAQABAIAAAAUEBAAAACwAAAAAAQABAAACAkQBADs=\"\/>+ 30<\/a><\/p>\n<p>    Compartilhar<\/p>\n<p>Compartilhar<\/p>\n<ul class=\"afd-share__networks clearfix\">\n<li class=\"afd-share__social\"><a aria-label=\"Facebook\" class=\"afd-share__button\" data-insights-category=\"share\" data-insights-label=\"facebook_sharing_options\" data-insights-value=\"1034395\" data-social=\"facebook\" href=\"https:\/\/www.facebook.com\/sharer\/sharer.php?u=https:\/\/www.archdaily.com.br\/br\/1034395\/edificio-residencial-foners-gon-architects\" rel=\"nofollow noopener\" target=\"_blank\"><\/a>\n<p>Facebook<\/p>\n<\/li>\n<li class=\"afd-share__social\"><a aria-label=\"Twitter\" class=\"afd-share__button\" data-insights-category=\"share\" data-insights-label=\"twitter_sharing_options\" data-insights-value=\"1034395\" data-social=\"twitter\" href=\"https:\/\/twitter.com\/intent\/tweet?text=Edif%C3%ADcio%20Residencial%20Foners%20%2F%20gon%20architects&amp;url=https:\/\/www.archdaily.com.br\/br\/1034395\/edificio-residencial-foners-gon-architects&amp;via=archdailybr\" rel=\"nofollow noopener\" target=\"_blank\"><\/a>\n<p>Twitter<\/p>\n<\/li>\n<li class=\"afd-share__social\"><a class=\"afd-share__button\" data-insights-category=\"share\" data-insights-label=\"email_sharing_options\" data-insights-value=\"1034395\" data-social=\"email\" href=\"mailto:?subject=Edif\u00edcio Residencial Foners \/ gon architects&amp;body=https:\/\/www.archdaily.com.br\/br\/1034395\/edificio-residencial-foners-gon-architects\"><\/a>\n<p>Mail<\/p>\n<\/li>\n<li class=\"afd-share__social\"><a aria-label=\"Pinterest\" class=\"afd-share__button\" data-insights-category=\"share\" data-insights-label=\"pinterest_sharing_options\" data-insights-value=\"1034395\" data-social=\"pinterest\" href=\"https:\/\/pinterest.com\/pin\/create\/button\/?url=https%3A%2F%2Fwww.archdaily.com.br%2Fbr%2F1034395%2Fedificio-residencial-foners-gon-architects&amp;media=https%3A%2F%2Fimages.adsttc.com%2Fmedia%2Fimages%2F68d1%2Fcb6a%2F0469%2Fdf00%2F01df%2F2979%2Flarge_jpg%2FFoners_1.jpg%3F1758579583&amp;description=Edif%C3%ADcio%20Residencial%20Foners%20%2F%20gon%20architects\" rel=\"nofollow noopener\" target=\"_blank\"><\/a>\n<p>Pinterest<\/p>\n<\/li>\n<li class=\"afd-share__social\"><a aria-label=\"Whatsapp\" class=\"afd-share__button\" data-action=\"share\/whatsapp\/share\" data-insights-category=\"share\" data-insights-label=\"whatsapp_sharing_options\" data-insights-value=\"1034395\" data-social=\"whatsapp\" href=\"whatsapp:\/\/send?text=Edif%C3%ADcio+Residencial+Foners+%2F+gon+architects+%7C+https%3A%2F%2Fwww.archdaily.com.br%2Fbr%2F1034395%2Fedificio-residencial-foners-gon-architects%3Futm_source%3DWhatsapp%26utm_medium%3DIM%26utm_campaign%3Dshare-button\" rel=\"nofollow\"><\/a>\n<p>Whatsapp<\/p>\n<\/li>\n<\/ul>\n<p>Ou<\/p>\n<p>https:\/\/www.archdaily.com.br\/br\/1034395\/edificio-residencial-foners-gon-architects<br \/>\n<a class=\"js-image-size__link lazy-anchor\" href=\"https:\/\/www.archdaily.com.br\/br\/1034395\/edificio-residencial-foners-gon-architects\/68d1cb6f0469df0001df2989-edificio-residencial-foners-gon-architects-foto\" rel=\"nofollow noopener\" target=\"_blank\"><img decoding=\"async\" alt=\"Edif\u00edcio Residencial Foners \/ gon architects - Fotografia de Exterior, Balc\u00e3o\" data-nr-picture-id=\"68d1cb6f0469df0001df2989\" height=\"427\" itemprop=\"image\" loading=\"lazy\" longdesc=\"https:\/\/www.archdaily.com.br\/br\/1034395\/edificio-residencial-foners-gon-architects\/68d1cb6f0469df0001df2989-edificio-residencial-foners-gon-architects-foto\" src=\"https:\/\/www.europesays.com\/pt\/wp-content\/uploads\/2025\/09\/Foners_16.jpg\" width=\"640\"\/>\u00a9 Imagen Subliminal (Miguel de Guzm\u00e1n + Roc\u00edo Romero)<\/a><\/p>\n<p>Descri\u00e7\u00e3o enviada pela equipe de projeto. Situado junto ao centro hist\u00f3rico de <a href=\"https:\/\/www.archdaily.com.br\/br\/tag\/palma\" rel=\"nofollow noopener\" target=\"_blank\">Palma<\/a>, na ilha de Mallorca, o bairro de Foners est\u00e1 atualmente passando por um processo de transforma\u00e7\u00e3o urbana ap\u00f3s anos de degrada\u00e7\u00e3o social e arquitet\u00f4nica. Nesse contexto, um novo edif\u00edcio residencial se ergue como uma pe\u00e7a chave na renova\u00e7\u00e3o do tecido urbano.<\/p>\n<p><a class=\"js-image-size__link lazy-anchor\" href=\"https:\/\/www.archdaily.com.br\/br\/1034395\/edificio-residencial-foners-gon-architects\/68d1cb6b0469df0001df297e-edificio-residencial-foners-gon-architects-foto\" rel=\"nofollow noopener\" target=\"_blank\"><img decoding=\"async\" alt=\"Edif\u00edcio Residencial Foners \/ gon architects - Fotografia de Exterior, Balc\u00e3o\" data-nr-picture-id=\"68d1cb6b0469df0001df297e\" height=\"427\" itemprop=\"image\" loading=\"lazy\" longdesc=\"https:\/\/www.archdaily.com.br\/br\/1034395\/edificio-residencial-foners-gon-architects\/68d1cb6b0469df0001df297e-edificio-residencial-foners-gon-architects-foto\" src=\"https:\/\/www.europesays.com\/pt\/wp-content\/uploads\/2025\/09\/Foners_4.jpg\" width=\"640\"\/>\u00a9 Imagen Subliminal (Miguel de Guzm\u00e1n + Roc\u00edo Romero)<\/a><\/p>\n<p>O edif\u00edcio, localizado em um terreno de geometria complexa e dimens\u00f5es reduzidas (201 m2), se levanta em um chanfro bem marcado dentro de uma quadra densa e irregular. Ele consiste em um andar t\u00e9rreo mais quatro andares e abriga dez apartamentos, duas \u00e1reas de estacionamento (uma no t\u00e9rreo e outra subterr\u00e2nea) e um espa\u00e7o comercial ainda a ser desenvolvido.<\/p>\n<p><a class=\"js-image-size__link lazy-anchor\" href=\"https:\/\/www.archdaily.com.br\/br\/1034395\/edificio-residencial-foners-gon-architects\/68d1cb6f0469df0001df2991-edificio-residencial-foners-gon-architects-elevacao\" rel=\"nofollow noopener\" target=\"_blank\"><img decoding=\"async\" alt=\"Edif\u00edcio Residencial Foners \/ gon architects - Imagem 31 de 35\" data-nr-picture-id=\"68d1cb6f0469df0001df2991\" height=\"427\" itemprop=\"image\" loading=\"lazy\" longdesc=\"https:\/\/www.archdaily.com.br\/br\/1034395\/edificio-residencial-foners-gon-architects\/68d1cb6f0469df0001df2991-edificio-residencial-foners-gon-architects-elevacao\" src=\"https:\/\/www.europesays.com\/pt\/wp-content\/uploads\/2025\/09\/elevation.jpg\" width=\"640\"\/>Eleva\u00e7\u00e3o<\/a><a class=\"js-image-size__link lazy-anchor\" href=\"https:\/\/www.archdaily.com.br\/br\/1034395\/edificio-residencial-foners-gon-architects\/68d1cb6f0469df0001df299c-edificio-residencial-foners-gon-architects-matriz-3-apartamentos\" rel=\"nofollow noopener\" target=\"_blank\"><img decoding=\"async\" alt=\"Edif\u00edcio Residencial Foners \/ gon architects - Imagem 33 de 35\" data-nr-picture-id=\"68d1cb6f0469df0001df299c\" height=\"427\" itemprop=\"image\" loading=\"lazy\" longdesc=\"https:\/\/www.archdaily.com.br\/br\/1034395\/edificio-residencial-foners-gon-architects\/68d1cb6f0469df0001df299c-edificio-residencial-foners-gon-architects-matriz-3-apartamentos\" src=\"https:\/\/www.europesays.com\/pt\/wp-content\/uploads\/2025\/09\/three_apartments_matrix.jpg\" width=\"640\"\/>Matriz &#8211; 3 Apartamentos<\/a><a class=\"js-image-size__link lazy-anchor\" href=\"https:\/\/www.archdaily.com.br\/br\/1034395\/edificio-residencial-foners-gon-architects\/68d1cb6f0469df0001df298f-edificio-residencial-foners-gon-architects-axonometrica\" rel=\"nofollow noopener\" target=\"_blank\"><img decoding=\"async\" alt=\"Edif\u00edcio Residencial Foners \/ gon architects - Imagem 32 de 35\" data-nr-picture-id=\"68d1cb6f0469df0001df298f\" height=\"427\" itemprop=\"image\" loading=\"lazy\" longdesc=\"https:\/\/www.archdaily.com.br\/br\/1034395\/edificio-residencial-foners-gon-architects\/68d1cb6f0469df0001df298f-edificio-residencial-foners-gon-architects-axonometrica\" src=\"https:\/\/www.europesays.com\/pt\/wp-content\/uploads\/2025\/09\/axonometric.jpg\" width=\"640\"\/>Axonom\u00e9trica<\/a><\/p>\n<p>O projeto se desenvolveu ao longo de seis anos, em um cen\u00e1rio condicionado pela pandemia de 2020 e pela posterior crise de materiais. Apesar dessas dificuldades, conseguiu-se completar a obra com um custo baixo, inferior a 1.200 \u20ac\/m2 constru\u00eddo, sem comprometer a qualidade arquitet\u00f4nica.<\/p>\n<p><a class=\"js-image-size__link lazy-anchor\" href=\"https:\/\/www.archdaily.com.br\/br\/1034395\/edificio-residencial-foners-gon-architects\/68d1cb6f0469df0001df2988-edificio-residencial-foners-gon-architects-foto\" rel=\"nofollow noopener\" target=\"_blank\"><img decoding=\"async\" alt=\"Edif\u00edcio Residencial Foners \/ gon architects - Fotografia de Interiores, Balc\u00e3o\" data-nr-picture-id=\"68d1cb6f0469df0001df2988\" height=\"427\" itemprop=\"image\" loading=\"lazy\" longdesc=\"https:\/\/www.archdaily.com.br\/br\/1034395\/edificio-residencial-foners-gon-architects\/68d1cb6f0469df0001df2988-edificio-residencial-foners-gon-architects-foto\" src=\"https:\/\/www.europesays.com\/pt\/wp-content\/uploads\/2025\/09\/Foners_14.jpg\" width=\"640\"\/>\u00a9 Imagen Subliminal (Miguel de Guzm\u00e1n + Roc\u00edo Romero)<\/a><a class=\"js-image-size__link lazy-anchor\" href=\"https:\/\/www.archdaily.com.br\/br\/1034395\/edificio-residencial-foners-gon-architects\/68d1cb6a0469df0001df297b-edificio-residencial-foners-gon-architects-foto\" rel=\"nofollow noopener\" target=\"_blank\"><img decoding=\"async\" alt=\"Edif\u00edcio Residencial Foners \/ gon architects - Fotografia de Interiores, Cozinha, Bancada, Pia\" data-nr-picture-id=\"68d1cb6a0469df0001df297b\" height=\"427\" itemprop=\"image\" loading=\"lazy\" longdesc=\"https:\/\/www.archdaily.com.br\/br\/1034395\/edificio-residencial-foners-gon-architects\/68d1cb6a0469df0001df297b-edificio-residencial-foners-gon-architects-foto\" src=\"https:\/\/www.europesays.com\/pt\/wp-content\/uploads\/2025\/09\/1758953111_601_Foners_15.jpg\" width=\"640\"\/>\u00a9 Imagen Subliminal (Miguel de Guzm\u00e1n + Roc\u00edo Romero)<\/a><a class=\"js-image-size__link lazy-anchor\" href=\"https:\/\/www.archdaily.com.br\/br\/1034395\/edificio-residencial-foners-gon-architects\/68d1cb6e0469df0001df2982-edificio-residencial-foners-gon-architects-foto\" rel=\"nofollow noopener\" target=\"_blank\"><img decoding=\"async\" alt=\"Edif\u00edcio Residencial Foners \/ gon architects - Fotografia de Interiores, Balc\u00e3o\" data-nr-picture-id=\"68d1cb6e0469df0001df2982\" height=\"427\" itemprop=\"image\" loading=\"lazy\" longdesc=\"https:\/\/www.archdaily.com.br\/br\/1034395\/edificio-residencial-foners-gon-architects\/68d1cb6e0469df0001df2982-edificio-residencial-foners-gon-architects-foto\" src=\"https:\/\/www.europesays.com\/pt\/wp-content\/uploads\/2025\/09\/Foners_8.jpg\" width=\"640\"\/>\u00a9 Imagen Subliminal (Miguel de Guzm\u00e1n + Roc\u00edo Romero)<\/a><\/p>\n<p>A estrat\u00e9gia do projeto parte de uma ideia clara: construir cidade a partir da conten\u00e7\u00e3o. Para isso, o edif\u00edcio se fragmenta volumetricamente, reduzindo sua escala e gerando uma rela\u00e7\u00e3o mais pr\u00f3xima e dom\u00e9stica com o entorno. O sistema de organiza\u00e7\u00e3o interior se baseia em uma l\u00f3gica compacta, articulada por meio de paredes paralelas \u00e0s fachadas, com dist\u00e2ncias vari\u00e1veis conforme a orienta\u00e7\u00e3o e o uso. As \u00e1reas de servi\u00e7o se concentram em faixas centrais, configurando o cora\u00e7\u00e3o t\u00e9cnico de cada andar.<\/p>\n<p><a class=\"js-image-size__link lazy-anchor\" href=\"https:\/\/www.archdaily.com.br\/br\/1034395\/edificio-residencial-foners-gon-architects\/68d1cb6c0469df0001df297f-edificio-residencial-foners-gon-architects-foto\" rel=\"nofollow noopener\" target=\"_blank\"><img decoding=\"async\" alt=\"Edif\u00edcio Residencial Foners \/ gon architects - Fotografia de Interiores, Escada, Corrim\u00e3o\" data-nr-picture-id=\"68d1cb6c0469df0001df297f\" height=\"427\" itemprop=\"image\" loading=\"lazy\" longdesc=\"https:\/\/www.archdaily.com.br\/br\/1034395\/edificio-residencial-foners-gon-architects\/68d1cb6c0469df0001df297f-edificio-residencial-foners-gon-architects-foto\" src=\"https:\/\/www.europesays.com\/pt\/wp-content\/uploads\/2025\/09\/1758953112_273_Foners_5.jpg\" width=\"640\"\/>\u00a9 Imagen Subliminal (Miguel de Guzm\u00e1n + Roc\u00edo Romero)<\/a><a class=\"js-image-size__link lazy-anchor\" href=\"https:\/\/www.archdaily.com.br\/br\/1034395\/edificio-residencial-foners-gon-architects\/68d1cb6d0469df0001df2981-edificio-residencial-foners-gon-architects-foto\" rel=\"nofollow noopener\" target=\"_blank\"><img decoding=\"async\" alt=\"Edif\u00edcio Residencial Foners \/ gon architects - Fotografia de Interiores, Escada, Corrim\u00e3o\" data-nr-picture-id=\"68d1cb6d0469df0001df2981\" height=\"427\" itemprop=\"image\" loading=\"lazy\" longdesc=\"https:\/\/www.archdaily.com.br\/br\/1034395\/edificio-residencial-foners-gon-architects\/68d1cb6d0469df0001df2981-edificio-residencial-foners-gon-architects-foto\" src=\"https:\/\/www.europesays.com\/pt\/wp-content\/uploads\/2025\/09\/Foners_7.jpg\" width=\"640\"\/>\u00a9 Imagen Subliminal (Miguel de Guzm\u00e1n + Roc\u00edo Romero)<\/a><\/p>\n<p>As dez resid\u00eancias resultantes s\u00e3o diferentes entre si, mas compartilham crit\u00e9rios comuns: superf\u00edcies entre 45 e 110 m2, espa\u00e7os externos integrados e uma distribui\u00e7\u00e3o que prioriza a qualidade espacial. A fachada, porosa e din\u00e2mica, reflete essa diversidade interna por meio de leves recuos e deslocamentos, gerando um volume mut\u00e1vel conforme a perspectiva e a incid\u00eancia da luz.<\/p>\n<p><a class=\"js-image-size__link lazy-anchor\" href=\"https:\/\/www.archdaily.com.br\/br\/1034395\/edificio-residencial-foners-gon-architects\/68d1cb6e0469df0001df2983-edificio-residencial-foners-gon-architects-foto\" rel=\"nofollow noopener\" target=\"_blank\"><img decoding=\"async\" alt=\"Edif\u00edcio Residencial Foners \/ gon architects - Fotografia de Interiores, Balc\u00e3o\" data-nr-picture-id=\"68d1cb6e0469df0001df2983\" height=\"427\" itemprop=\"image\" loading=\"lazy\" longdesc=\"https:\/\/www.archdaily.com.br\/br\/1034395\/edificio-residencial-foners-gon-architects\/68d1cb6e0469df0001df2983-edificio-residencial-foners-gon-architects-foto\" src=\"https:\/\/www.europesays.com\/pt\/wp-content\/uploads\/2025\/09\/Foners_9.jpg\" width=\"640\"\/>\u00a9 Imagen Subliminal (Miguel de Guzm\u00e1n + Roc\u00edo Romero)<\/a><\/p>\n<p data-start=\"92\" data-end=\"444\">O projeto prop\u00f5e novas maneiras de habitar, repensando a casa como organismo vivo e mut\u00e1vel. A cozinha surge como n\u00facleo vital de conviv\u00eancia; a flexibilidade, como estrat\u00e9gia projetual essencial; o banheiro, fragmentado em m\u00f3dulos independentes; e o \u201cquarto sem nome\u201d \u2014 espa\u00e7o aberto a usos futuros \u2014 amplia e desafia a no\u00e7\u00e3o tradicional de moradia.<\/p>\n<p><a class=\"js-image-size__link lazy-anchor\" href=\"https:\/\/www.archdaily.com.br\/br\/1034395\/edificio-residencial-foners-gon-architects\/68d1cb6b0469df0001df297d-edificio-residencial-foners-gon-architects-foto\" rel=\"nofollow noopener\" target=\"_blank\"><img decoding=\"async\" alt=\"Edif\u00edcio Residencial Foners \/ gon architects - Fotografia de Interiores, Escada, Balc\u00e3o\" data-nr-picture-id=\"68d1cb6b0469df0001df297d\" height=\"427\" itemprop=\"image\" loading=\"lazy\" longdesc=\"https:\/\/www.archdaily.com.br\/br\/1034395\/edificio-residencial-foners-gon-architects\/68d1cb6b0469df0001df297d-edificio-residencial-foners-gon-architects-foto\" src=\"https:\/\/www.europesays.com\/pt\/wp-content\/uploads\/2025\/09\/Foners_3.jpg\" width=\"640\"\/>\u00a9 Imagen Subliminal (Miguel de Guzm\u00e1n + Roc\u00edo Romero)<\/a><\/p>\n<p>No cora\u00e7\u00e3o do edif\u00edcio, um p\u00e1tio vertical aberto conecta os cinco andares. Este vazio n\u00e3o apenas garante ventila\u00e7\u00e3o e regula\u00e7\u00e3o t\u00e9rmica passiva, mas funciona como um espa\u00e7o de encontro, evocando materiais e texturas locais que remetem \u00e0 Serra de Tramuntana ou aos campos de cultivo mallorquinos.<\/p>\n<p><a class=\"js-image-size__link lazy-anchor\" href=\"https:\/\/www.archdaily.com.br\/br\/1034395\/edificio-residencial-foners-gon-architects\/68d1cb6f0469df0001df298d-edificio-residencial-foners-gon-architects-foto\" rel=\"nofollow noopener\" target=\"_blank\"><img decoding=\"async\" alt=\"Edif\u00edcio Residencial Foners \/ gon architects - Fotografia de Exterior, Balc\u00e3o\" data-nr-picture-id=\"68d1cb6f0469df0001df298d\" height=\"427\" itemprop=\"image\" loading=\"lazy\" longdesc=\"https:\/\/www.archdaily.com.br\/br\/1034395\/edificio-residencial-foners-gon-architects\/68d1cb6f0469df0001df298d-edificio-residencial-foners-gon-architects-foto\" src=\"https:\/\/www.europesays.com\/pt\/wp-content\/uploads\/2025\/09\/1758953113_937_Foners_21.jpg\" width=\"640\"\/>\u00a9 Imagen Subliminal (Miguel de Guzm\u00e1n + Roc\u00edo Romero)<\/a><\/p>\n<p>Vis\u00edvel e estrategicamente localizado, este edif\u00edcio se torna um referencial urbano dentro de Foners: uma interven\u00e7\u00e3o precisa e sens\u00edvel que busca, atrav\u00e9s da arquitetura, acompanhar o processo de transforma\u00e7\u00e3o de um bairro.<\/p>\n<p><a class=\"js-image-size__link lazy-anchor\" href=\"https:\/\/www.archdaily.com.br\/br\/1034395\/edificio-residencial-foners-gon-architects\/68d1cb6b0469df0001df297c-edificio-residencial-foners-gon-architects-foto\" rel=\"nofollow noopener\" target=\"_blank\"><img decoding=\"async\" alt=\"Edif\u00edcio Residencial Foners \/ gon architects - Fotografia de Exterior, Balc\u00e3o\" data-nr-picture-id=\"68d1cb6b0469df0001df297c\" height=\"427\" itemprop=\"image\" loading=\"lazy\" longdesc=\"https:\/\/www.archdaily.com.br\/br\/1034395\/edificio-residencial-foners-gon-architects\/68d1cb6b0469df0001df297c-edificio-residencial-foners-gon-architects-foto\" src=\"https:\/\/www.europesays.com\/pt\/wp-content\/uploads\/2025\/09\/Foners_2.jpg\" width=\"640\"\/>\u00a9 Imagen Subliminal (Miguel de Guzm\u00e1n + Roc\u00edo Romero)<\/a><script async src=\"https:\/\/platform.twitter.com\/widgets.js\" charset=\"utf-8\"><\/script><\/p>\n","protected":false},"excerpt":{"rendered":"\u00a9 Imagen Subliminal (Miguel de Guzm\u00e1n + Roc\u00edo Romero) + 30 Compartilhar Compartilhar Facebook Twitter Mail Pinterest Whatsapp&hellip;\n","protected":false},"author":2,"featured_media":88532,"comment_status":"","ping_status":"","sticky":false,"template":"","format":"standard","meta":{"footnotes":""},"categories":[144],"tags":[650,304,361,207,205,206,203,201,202,204,114,115,649,22289,32,33],"class_list":{"0":"post-88531","1":"post","2":"type-post","3":"status-publish","4":"format-standard","5":"has-post-thumbnail","7":"category-arte-e-design","8":"tag-apartamentos","9":"tag-arquitetura","10":"tag-arquitetura-residencial","11":"tag-arte","12":"tag-arte-e-design","13":"tag-artedesign","14":"tag-arts","15":"tag-arts-and-design","16":"tag-artsanddesign","17":"tag-design","18":"tag-entertainment","19":"tag-entretenimento","20":"tag-habitacao-coletiva","21":"tag-palma","22":"tag-portugal","23":"tag-pt"},"share_on_mastodon":{"url":"","error":""},"_links":{"self":[{"href":"https:\/\/www.europesays.com\/pt\/wp-json\/wp\/v2\/posts\/88531","targetHints":{"allow":["GET"]}}],"collection":[{"href":"https:\/\/www.europesays.com\/pt\/wp-json\/wp\/v2\/posts"}],"about":[{"href":"https:\/\/www.europesays.com\/pt\/wp-json\/wp\/v2\/types\/post"}],"author":[{"embeddable":true,"href":"https:\/\/www.europesays.com\/pt\/wp-json\/wp\/v2\/users\/2"}],"replies":[{"embeddable":true,"href":"https:\/\/www.europesays.com\/pt\/wp-json\/wp\/v2\/comments?post=88531"}],"version-history":[{"count":0,"href":"https:\/\/www.europesays.com\/pt\/wp-json\/wp\/v2\/posts\/88531\/revisions"}],"wp:featuredmedia":[{"embeddable":true,"href":"https:\/\/www.europesays.com\/pt\/wp-json\/wp\/v2\/media\/88532"}],"wp:attachment":[{"href":"https:\/\/www.europesays.com\/pt\/wp-json\/wp\/v2\/media?parent=88531"}],"wp:term":[{"taxonomy":"category","embeddable":true,"href":"https:\/\/www.europesays.com\/pt\/wp-json\/wp\/v2\/categories?post=88531"},{"taxonomy":"post_tag","embeddable":true,"href":"https:\/\/www.europesays.com\/pt\/wp-json\/wp\/v2\/tags?post=88531"}],"curies":[{"name":"wp","href":"https:\/\/api.w.org\/{rel}","templated":true}]}}