{"id":88553,"date":"2025-09-27T06:34:26","date_gmt":"2025-09-27T06:34:26","guid":{"rendered":"https:\/\/www.europesays.com\/pt\/88553\/"},"modified":"2025-09-27T06:34:26","modified_gmt":"2025-09-27T06:34:26","slug":"azul-do-ceu-e-mar-entram-neste-ape-em-ipanema-pelas-grandes-janelas-l","status":"publish","type":"post","link":"https:\/\/www.europesays.com\/pt\/88553\/","title":{"rendered":"Azul do c\u00e9u e mar entram neste ap\u00ea em Ipanema pelas grandes janelas L"},"content":{"rendered":"<p>As cores da praia de Ipanema, poucos metros \u00e0 frente, d\u00e3o o tom deste apartamento decorado pela arquiteta <a href=\"https:\/\/www.instagram.com\/andreachicharo\/\" target=\"_blank\" rel=\"noopener nofollow\">Andrea Chicharo.<\/a> O im\u00f3vel \u00e9 um velho conhecido. Afinal, ela j\u00e1 havia sido respons\u00e1vel por sua reforma 15 anos atr\u00e1s. Mas, as moradoras \u2013 m\u00e3e e duas filhas \u2013 resolveram que era hora de atualizar o design de interiores.<\/p>\n<p>    <img loading=\"lazy\" decoding=\"async\" alt=\"Azul do c\u00e9u e mar entram neste ap\u00ea em Ipanema pelas grandes janelas L. Projeto de Andrea Chicharo.\" class=\"alignnone size-large wp-image-511935\" src=\"https:\/\/www.europesays.com\/pt\/wp-content\/uploads\/2025\/09\/azul-do-ceu-e-mar-entram-neste-ape-em-ipanema-pelas-grandes-janelas-l-andrea-chicharo-01.jpg\" border=\"0\" title=\"azul-do-ceu-e-mar-entram-neste-ape-em-ipanema-pelas-grandes-janelas-l-andrea-chicharo-01\" width=\"1024\" height=\"683\" data-restrict=\"false\" data-portal-copyright=\"Barbara Loureiro\" data-image-caption=\"\" data-image-title=\"\" data-image-source=\"Divulga\u00e7\u00e3o\"\/><br \/>\n     \u2013 (Barbara Loureiro\/Divulga\u00e7\u00e3o)<\/p>\n<p>O layout da <strong>sala ampla<\/strong>, com <strong>grandes janelas em L<\/strong>, foi aproveitado pela arquiteta que criou neste grande living <strong>dois ambientes de estar centrais<\/strong> que deixam as laterais como <strong>\u00e1reas de circula\u00e7\u00e3o<\/strong>, uma forma de trazer fluidez ao design. <strong>M\u00f3veis org\u00e2nicos e um pouco mais baixos<\/strong> privilegiam a vista para o mar, presente em toda a \u00e1rea social que tem ainda sala de jantar e home-theater.<\/p>\n<p>    <img loading=\"lazy\" decoding=\"async\" alt=\"Azul do c\u00e9u e mar entram neste ap\u00ea em Ipanema pelas grandes janelas L. Projeto de Andrea Chicharo.\" class=\"alignnone size-large wp-image-511939\" src=\"https:\/\/www.europesays.com\/pt\/wp-content\/uploads\/2025\/09\/azul-do-ceu-e-mar-entram-neste-ape-em-ipanema-pelas-grandes-janelas-l-andrea-chicharo-05.jpg\" border=\"0\" title=\"azul-do-ceu-e-mar-entram-neste-ape-em-ipanema-pelas-grandes-janelas-l-andrea-chicharo-05\" width=\"1024\" height=\"683\" data-restrict=\"false\" data-portal-copyright=\"Barbara Loureiro\" data-image-caption=\"\" data-image-title=\"\" data-image-source=\"Divulga\u00e7\u00e3o\"\/><br \/>\n     \u2013 (Barbara Loureiro\/Divulga\u00e7\u00e3o)<\/p>\n<p>\u201cComo o apartamento tem esta quina toda em vidro, a vista vai at\u00e9 o Arpoador e traz esta sensa\u00e7\u00e3o de que o mar praticamente invade o interior do im\u00f3vel. Por isso, trouxemos as cores da praia para a decora\u00e7\u00e3o, com tons de off white que ajudam a aquecer o ambiente\u201d conta Andrea.<\/p>\n<p>    Continua ap\u00f3s a publicidade<\/p>\n<p>    <img loading=\"lazy\" decoding=\"async\" alt=\"Azul do c\u00e9u e mar entram neste ap\u00ea em Ipanema pelas grandes janelas L. Projeto de Andrea Chicharo.\" class=\"alignnone size-large wp-image-511938\" src=\"https:\/\/www.europesays.com\/pt\/wp-content\/uploads\/2025\/09\/azul-do-ceu-e-mar-entram-neste-ape-em-ipanema-pelas-grandes-janelas-l-andrea-chicharo-04.jpg\" border=\"0\" title=\"azul-do-ceu-e-mar-entram-neste-ape-em-ipanema-pelas-grandes-janelas-l-andrea-chicharo-04\" width=\"1024\" height=\"683\" data-restrict=\"false\" data-portal-copyright=\"Barbara Loureiro\" data-image-caption=\"\" data-image-title=\"\" data-image-source=\"Divulga\u00e7\u00e3o\"\/><br \/>\n     \u2013 (Barbara Loureiro\/Divulga\u00e7\u00e3o)<\/p>\n<p>O <a href=\"https:\/\/casa.abril.com.br\/tudo-sobre\/azul\" target=\"_blank\" rel=\"noopener nofollow\">azul<\/a> tamb\u00e9m \u00e9 presen\u00e7a constante. Seja em pequenos detalhes e m\u00f3veis, seja nas obras de arte \u2013 e h\u00e1 ali pe\u00e7as de grandes nomes como Carlos Vergara, Palatinik, Marcos Andr\u00e9, al\u00e9m de uma escultura em madeira de Frida Baranek.<\/p>\n<p>    <img loading=\"lazy\" decoding=\"async\" alt=\"Azul do c\u00e9u e mar entram neste ap\u00ea em Ipanema pelas grandes janelas L. Projeto de Andrea Chicharo.\" class=\"alignnone size-large wp-image-511940\" src=\"https:\/\/www.europesays.com\/pt\/wp-content\/uploads\/2025\/09\/azul-do-ceu-e-mar-entram-neste-ape-em-ipanema-pelas-grandes-janelas-l-andrea-chicharo-06.jpg\" border=\"0\" title=\"azul-do-ceu-e-mar-entram-neste-ape-em-ipanema-pelas-grandes-janelas-l-andrea-chicharo-06\" width=\"1024\" height=\"683\" data-restrict=\"false\" data-portal-copyright=\"Barbara Loureiro\" data-image-caption=\"\" data-image-title=\"\" data-image-source=\"Divulga\u00e7\u00e3o\"\/><br \/>\n     \u2013 (Barbara Loureiro\/Divulga\u00e7\u00e3o)<\/p>\n<p>    Continua ap\u00f3s a publicidade<\/p>\n<p>Materiais nobres como<strong> m\u00e1rmore e madeira<\/strong>, tapetes persas e m\u00f3veis de design assinado como a <a href=\"https:\/\/casa.abril.com.br\/moveis-acessorios\/estantes-13-modelos\" rel=\"nofollow noopener\" target=\"_blank\">estante<\/a> de Jader Almeida, no home-theater, e as poltronas Anel, de Ricardo Fasanello, ajudam a trazer ainda mais personalidade ao design de interiores que tem o estilo contempor\u00e2neo que \u00e9 a marca dos projetos de Andrea.<\/p>\n<p>    <img loading=\"lazy\" decoding=\"async\" alt=\"Azul do c\u00e9u e mar entram neste ap\u00ea em Ipanema pelas grandes janelas L. Projeto de Andrea Chicharo.\" class=\"alignnone size-large wp-image-511954\" src=\"https:\/\/www.europesays.com\/pt\/wp-content\/uploads\/2025\/09\/azul-do-ceu-e-mar-entram-neste-ape-em-ipanema-pelas-grandes-janelas-l-andrea-chicharo-19.jpg\" border=\"0\" title=\"azul-do-ceu-e-mar-entram-neste-ape-em-ipanema-pelas-grandes-janelas-l-andrea-chicharo-19\" width=\"1024\" height=\"683\" data-restrict=\"false\" data-portal-copyright=\"Barbara Loureiro\" data-image-caption=\"\" data-image-title=\"\" data-image-source=\"Divulga\u00e7\u00e3o\"\/><br \/>\n     \u2013 (Barbara Loureiro\/Divulga\u00e7\u00e3o)<\/p>\n<p>Um detalhe que chama aten\u00e7\u00e3o no jantar \u00e9 o m\u00f3vel desenhado pela arquiteta: um <strong>grande <a href=\"https:\/\/casa.abril.com.br\/moveis-acessorios\/aparadores-como-escolher-onde-colocar-e-como-decorar\/\" target=\"_blank\" rel=\"noopener nofollow\">aparador<\/a><\/strong>, com gavetas e muito espa\u00e7o para armazenamento, que foi embutido por duas paredes laterais de gesso acartonado que abra\u00e7am o m\u00f3vel, deixando seu design mais leve.<\/p>\n<p>    Continua ap\u00f3s a publicidade<\/p>\n<p>    <img loading=\"lazy\" decoding=\"async\" alt=\"Azul do c\u00e9u e mar entram neste ap\u00ea em Ipanema pelas grandes janelas L. Projeto de Andrea Chicharo.\" class=\"alignnone size-large wp-image-511943\" src=\"https:\/\/www.europesays.com\/pt\/wp-content\/uploads\/2025\/09\/azul-do-ceu-e-mar-entram-neste-ape-em-ipanema-pelas-grandes-janelas-l-andrea-chicharo-09.jpg\" border=\"0\" title=\"azul-do-ceu-e-mar-entram-neste-ape-em-ipanema-pelas-grandes-janelas-l-andrea-chicharo-09\" width=\"683\" height=\"1024\" data-restrict=\"false\" data-portal-copyright=\"Barbara Loureiro\" data-image-caption=\"\" data-image-title=\"\" data-image-source=\"Divulga\u00e7\u00e3o\"\/><br \/>\n     \u2013 (Barbara Loureiro\/Divulga\u00e7\u00e3o)<\/p>\n<p>J\u00e1 na \u00e1rea \u00edntima, a principal mudan\u00e7a foi feita nos quartos das filhas que ganharam<strong> m\u00f3veis em carvalho natural e laca off White de formas org\u00e2nicas<\/strong> que harmonizam com o d\u00e9cor de todo o apartamento.<\/p>\n<p>Newsletter<\/p>\n<p>\n                            Dicas, inspira\u00e7\u00f5es e not\u00edcias sobre decora\u00e7\u00e3o, arquitetura, jardinagem e organiza\u00e7\u00e3o para sua casa. Quem mora, precisa!<br \/>\n                                <strong><br \/>\n                                    Inscreva-se aqui<br \/>\n                                <\/strong>para receber a nossa newsletter<\/p>\n<p>                            Cadastro efetuado com sucesso!<\/p>\n<p>Voc\u00ea receber\u00e1 nossa newsletter em breve.<\/p>\n<p>\t\t\t\t\t\t\t\t\t\t\t\t\t\t\t\t\t\t\t\t\t\t\t\t\t\t\t\t\t\t\t\t\t\t\t\t\t\t\t\t\t\t\t\t\t\t\t\t\t\t\t\t\t\t\t\t\t\t\t\t\t\t\t\t\t\t\t\t\t\t\t\t\t\t\t\t\t\t\t\t\t\t\t\t\t\t\t\t\t\t\t\t\t\t\t\t\t\t\t\t\t\t\t\t\t\t\t\t\t\t\t\t\t\t\t\t\t\t\t\t\t\t\t\t\t\t\t\t\t\t\t\t\t\t\t\t\t\t\t\t\t\t\t\t\t\t\t\t\t<script async src=\"\/\/www.instagram.com\/embed.js\"><\/script><\/p>\n","protected":false},"excerpt":{"rendered":"As cores da praia de Ipanema, poucos metros \u00e0 frente, d\u00e3o o tom deste apartamento decorado pela arquiteta&hellip;\n","protected":false},"author":2,"featured_media":88554,"comment_status":"","ping_status":"","sticky":false,"template":"","format":"standard","meta":{"footnotes":""},"categories":[144],"tags":[207,205,206,203,201,202,204,114,115,32,33],"class_list":{"0":"post-88553","1":"post","2":"type-post","3":"status-publish","4":"format-standard","5":"has-post-thumbnail","7":"category-arte-e-design","8":"tag-arte","9":"tag-arte-e-design","10":"tag-artedesign","11":"tag-arts","12":"tag-arts-and-design","13":"tag-artsanddesign","14":"tag-design","15":"tag-entertainment","16":"tag-entretenimento","17":"tag-portugal","18":"tag-pt"},"share_on_mastodon":{"url":"","error":""},"_links":{"self":[{"href":"https:\/\/www.europesays.com\/pt\/wp-json\/wp\/v2\/posts\/88553","targetHints":{"allow":["GET"]}}],"collection":[{"href":"https:\/\/www.europesays.com\/pt\/wp-json\/wp\/v2\/posts"}],"about":[{"href":"https:\/\/www.europesays.com\/pt\/wp-json\/wp\/v2\/types\/post"}],"author":[{"embeddable":true,"href":"https:\/\/www.europesays.com\/pt\/wp-json\/wp\/v2\/users\/2"}],"replies":[{"embeddable":true,"href":"https:\/\/www.europesays.com\/pt\/wp-json\/wp\/v2\/comments?post=88553"}],"version-history":[{"count":0,"href":"https:\/\/www.europesays.com\/pt\/wp-json\/wp\/v2\/posts\/88553\/revisions"}],"wp:featuredmedia":[{"embeddable":true,"href":"https:\/\/www.europesays.com\/pt\/wp-json\/wp\/v2\/media\/88554"}],"wp:attachment":[{"href":"https:\/\/www.europesays.com\/pt\/wp-json\/wp\/v2\/media?parent=88553"}],"wp:term":[{"taxonomy":"category","embeddable":true,"href":"https:\/\/www.europesays.com\/pt\/wp-json\/wp\/v2\/categories?post=88553"},{"taxonomy":"post_tag","embeddable":true,"href":"https:\/\/www.europesays.com\/pt\/wp-json\/wp\/v2\/tags?post=88553"}],"curies":[{"name":"wp","href":"https:\/\/api.w.org\/{rel}","templated":true}]}}