{"id":88589,"date":"2025-09-27T07:34:09","date_gmt":"2025-09-27T07:34:09","guid":{"rendered":"https:\/\/www.europesays.com\/pt\/88589\/"},"modified":"2025-09-27T07:34:09","modified_gmt":"2025-09-27T07:34:09","slug":"maisa-chama-atencao-em-desfile-na-semana-de-moda-de-milao","status":"publish","type":"post","link":"https:\/\/www.europesays.com\/pt\/88589\/","title":{"rendered":"Maisa chama aten\u00e7\u00e3o em desfile na Semana de Moda de Mil\u00e3o"},"content":{"rendered":"<p>Na mais recente edi\u00e7\u00e3o da Semana de Moda de Mil\u00e3o, a atriz e apresentadora <a href=\"https:\/\/caras.com.br\/tags\/maisa-silva\" rel=\"nofollow noopener\" target=\"_blank\"><strong>Maisa Silva<\/strong><\/a> marcou presen\u00e7a no desfile da Boss, realizado nesta quinta-feira, 26, e se tornou um dos destaques brasileiros no evento. Realizado na Fonderia Macchi, o fashion show reuniu mais de 600 convidados e foi um dos momentos mais comentados da temporada de moda.<\/p>\n<p>A jovem artista apostou em um visual cl\u00e1ssico de alfaiataria que traduz bem a identidade da grife comandada por <strong>Marco Falcioni.<\/strong> Com blazer e cal\u00e7a em tom areia, gravata listrada marrom e camisa branca, Maisa completou o look com sand\u00e1lia preta e bolsa na mesma paleta. A proposta se alinhou \u00e0 atmosfera elegante do show.<\/p>\n<p> <img loading=\"lazy\" decoding=\"async\" class=\"wp-image-1010089 size-full img-fluid lazy\" alt=\"Maisa Silva - Foto: Getty Images\" width=\"1707\" height=\"2560\" src=\"https:\/\/www.europesays.com\/pt\/wp-content\/uploads\/2025\/09\/maisa-silva-1-GettyImages-2237314188-copy-scaled.jpg\"  \/>Maisa Silva \u2013 Foto: Getty Images <\/p>\n<p>O destaque n\u00e3o ficou apenas nas roupas. O cabelo volumoso, valorizando os cachos, foi combinado a um batom escuro com acabamento glossy, olhos levemente esfumados e \u00f3culos quadrados de lente transparente, completando o tom do look corporativo.<\/p>\n<p>A maquiagem assinada por <strong>Ian Silva<\/strong> teve como protagonistas produtos da MAC, Maybelline e Anastasia Beverly Hills, respons\u00e1veis por criar o efeito de boca marcante que ganhou protagonismo.<\/p>\n<blockquote class=\"instagram-media\" style=\"background: #FFF; border: 0; border-radius: 3px; box-shadow: 0 0 1px 0 rgba(0,0,0,0.5),0 1px 10px 0 rgba(0,0,0,0.15); margin: 1px; max-width: 540px; min-width: 326px; padding: 0; width: calc(100% - 2px);\" data-instgrm-captioned=\"\" data-instgrm-permalink=\"https:\/\/www.instagram.com\/p\/DPB8kDfjNnO\/?utm_source=ig_embed&amp;utm_campaign=loading\" data-instgrm-version=\"14\"><\/blockquote>\n<p>  Presen\u00e7a internacional <\/p>\n<p>Al\u00e9m de encantar com o visual, Maisa viveu momentos especiais fora da passarela. Durante a chegada ao evento, registrou seu encontro com <strong>Meghann Fahy,<\/strong> atriz de The Bold Type e The White Lotus. F\u00e3 assumida das produ\u00e7\u00f5es estreladas pela norte-americana, a brasileira celebrou a oportunidade de conhecer uma de suas artistas favoritas com uma foto no stories do instagram.<\/p>\n<p>O desfile da Boss tamb\u00e9m atraiu outros grandes nomes. <strong>David Beckham, Cleo<\/strong> e a irm\u00e3 <strong>Antt\u00f3nia<\/strong> marcaram presen\u00e7a, assim como <strong>Silvia<\/strong> e <strong>Maria Braz.<\/strong> Maisa, por sua vez, dividiu a fila com atores da nova gera\u00e7\u00e3o internacional, como <strong>Josh Heuston,<\/strong> de Heartbreak High, e <strong>Rudy Pankow,<\/strong> de Outer Banks, e foi vista em clima amistoso com os atores, mantendo a conversa durante o desfile.<\/p>\n<blockquote class=\"twitter-tweet\" data-media-max-width=\"560\">\n<p dir=\"ltr\" lang=\"pt\">Justin Kohl no maior papo com Maisa<\/p>\n<p>_Josh Heuston no desfile da Boss em Mil\u00e3o conversando com nossa Maisa \ud83d\ude0d <a href=\"https:\/\/t.co\/m5YYhrFHsO\" rel=\"nofollow\">pic.twitter.com\/m5YYhrFHsO<\/a><\/p>\n<p>\u2014 Off.Campus.Brasil (@offcampusbr44) <a href=\"https:\/\/twitter.com\/offcampusbr44\/status\/1971569509267112176?ref_src=twsrc%5Etfw\" rel=\"nofollow noopener\" target=\"_blank\">September 26, 2025<\/a><\/p>\n<\/blockquote>\n<p>Leia tamb\u00e9m: <a href=\"https:\/\/caras.com.br\/fashion\/maisa-compartilha-carrossel-de-fotos-com-look-futurista-minimalista.phtml\" rel=\"nofollow noopener\" target=\"_blank\">Maisa compartilha carrossel de fotos com look futurista minimalista<\/a><\/p>\n<p>        <a href=\"https:\/\/caras.com.br\/autor\/izabella-nicolau\" rel=\"nofollow noopener\" target=\"_blank\">&#13;<br \/>\n          <img loading=\"lazy\" decoding=\"async\" alt=\"Izabella Nicolau\" src=\"https:\/\/www.europesays.com\/pt\/wp-content\/uploads\/2025\/09\/whatsapp_image_2025-08-12_at_15.10.50_1_sqmd.jpeg\" class=\"avatar avatar-115 photo rounded-circle\" height=\"115\" width=\"115\"\/>        <\/a><\/p>\n<p><strong>Izabella Nicolau<\/strong> \u00e9 rep\u00f3rter de conte\u00fado do site CARAS. Formada em jornalismo, j\u00e1 passou por sites como Observat\u00f3rio do Cinema e Ultraverso. Escreve sobre cultura, entretenimento e celebridades.<\/p>\n<p>\t                                            <script async src=\"https:\/\/platform.twitter.com\/widgets.js\" charset=\"utf-8\"><\/script><script async src=\"\/\/www.instagram.com\/embed.js\"><\/script><\/p>\n","protected":false},"excerpt":{"rendered":"Na mais recente edi\u00e7\u00e3o da Semana de Moda de Mil\u00e3o, a atriz e apresentadora Maisa Silva marcou presen\u00e7a&hellip;\n","protected":false},"author":2,"featured_media":88590,"comment_status":"","ping_status":"","sticky":false,"template":"","format":"standard","meta":{"footnotes":""},"categories":[145],"tags":[211,210,114,115,21508,22309,3887,3886,7001,32,33],"class_list":{"0":"post-88589","1":"post","2":"type-post","3":"status-publish","4":"format-standard","5":"has-post-thumbnail","7":"category-celebridades","8":"tag-celebridades","9":"tag-celebrities","10":"tag-entertainment","11":"tag-entretenimento","12":"tag-fashion-week","13":"tag-fashion-week-milao","14":"tag-maisa","15":"tag-maisa-silva","16":"tag-milao","17":"tag-portugal","18":"tag-pt"},"share_on_mastodon":{"url":"","error":""},"_links":{"self":[{"href":"https:\/\/www.europesays.com\/pt\/wp-json\/wp\/v2\/posts\/88589","targetHints":{"allow":["GET"]}}],"collection":[{"href":"https:\/\/www.europesays.com\/pt\/wp-json\/wp\/v2\/posts"}],"about":[{"href":"https:\/\/www.europesays.com\/pt\/wp-json\/wp\/v2\/types\/post"}],"author":[{"embeddable":true,"href":"https:\/\/www.europesays.com\/pt\/wp-json\/wp\/v2\/users\/2"}],"replies":[{"embeddable":true,"href":"https:\/\/www.europesays.com\/pt\/wp-json\/wp\/v2\/comments?post=88589"}],"version-history":[{"count":0,"href":"https:\/\/www.europesays.com\/pt\/wp-json\/wp\/v2\/posts\/88589\/revisions"}],"wp:featuredmedia":[{"embeddable":true,"href":"https:\/\/www.europesays.com\/pt\/wp-json\/wp\/v2\/media\/88590"}],"wp:attachment":[{"href":"https:\/\/www.europesays.com\/pt\/wp-json\/wp\/v2\/media?parent=88589"}],"wp:term":[{"taxonomy":"category","embeddable":true,"href":"https:\/\/www.europesays.com\/pt\/wp-json\/wp\/v2\/categories?post=88589"},{"taxonomy":"post_tag","embeddable":true,"href":"https:\/\/www.europesays.com\/pt\/wp-json\/wp\/v2\/tags?post=88589"}],"curies":[{"name":"wp","href":"https:\/\/api.w.org\/{rel}","templated":true}]}}