{"id":88597,"date":"2025-09-27T07:48:27","date_gmt":"2025-09-27T07:48:27","guid":{"rendered":"https:\/\/www.europesays.com\/pt\/88597\/"},"modified":"2025-09-27T07:48:27","modified_gmt":"2025-09-27T07:48:27","slug":"nathalia-valente-se-derrete-ao-mostrar-o-rosto-do-filho-e-tao-lindo","status":"publish","type":"post","link":"https:\/\/www.europesays.com\/pt\/88597\/","title":{"rendered":"Nathalia Valente se derrete ao mostrar o rosto do filho: &#8216;\u00c9 t\u00e3o lindo&#8217;"},"content":{"rendered":"<p><a href=\"https:\/\/caras.com.br\/tags\/nathalia-valente\" rel=\"nofollow noopener\" target=\"_blank\"><strong>Nathalia Valente<\/strong><\/a> encheu as redes sociais de fofura nesta sexta-feira, 26, ao compartilhar as primeiras fotos exibindo o rostinho de\u00a0<strong>Thales<\/strong>, seu filho com\u00a0<a href=\"https:\/\/caras.com.br\/tags\/yuri-meirelles\" rel=\"nofollow noopener\" target=\"_blank\"><strong>Yuri Meirelles<\/strong><\/a>. O primeiro herdeiro do casal de influenciadores digitais e ex-participantes do reality A Fazenda nasceu no \u00faltimo dia 9.<\/p>\n<p>Em seu perfil oficial, a mam\u00e3e de primeira viagem compartilhou algumas imagens de um ensaio newborn que o beb\u00ea realizou. Na primeira foto, Thales aparece dormindo com um ursinho de pel\u00facia. J\u00e1 no segundo clique, o aparece em um sof\u00e1, usando uma blusa e cal\u00e7a preta, e um casaco bege. Al\u00e9m disso, ele est\u00e1 segurando um celular.<\/p>\n<p>Ao dividir os registros encantadores, Nathalia se derreteu:\u00a0\u201cO mini homenzinho Thales \u00e9 t\u00e3o lindo\u201d, disse a influencer na legenda da publica\u00e7\u00e3o. O post encantou os internautas.\u00a0\u201cPerfeito demais\u201d, escreveu a atriz <strong>Sophia Valverde<\/strong>.\u00a0\u201cQue lindo\u201d, comentou <strong>Raissa Barbosa<\/strong>.\u00a0\u201cQue coisinha mais fofa, lindo. Que Deus aben\u00e7oe voc\u00eas sempre\u201d, falou um a seguidora.\u00a0\u201cQue coisa mais linda, essa crian\u00e7a \u00e9 perfeita\u201d, afirmou uma f\u00e3.<\/p>\n<p>Vale lembrar que alguns dias ap\u00f3s o nascimento de Thales, a mulher de Yuri chegou a contar que <a href=\"https:\/\/caras.com.br\/bebe\/ex-fazenda-nathalia-valente-revela-porque-nao-mostra-o-rosto-do-filho-desnecessarios.phtml\" rel=\"nofollow noopener\" target=\"_blank\">n\u00e3o estava preparada para mostrar o rostinho do filho<\/a> na web. \u201cS\u00f3 vou mostrar o rostinho dele quando eu estiver preparada para lidar com os coment\u00e1rios desnecess\u00e1rios que v\u00e3o falar sobre a apar\u00eancia dele. \u201c<\/p>\n<p>\u201cPor mais que seja um rec\u00e9m-nascido, as pessoas n\u00e3o perdoam e sempre d\u00e3o a \u2018opini\u00e3o\u2019 indesejada delas! Estou em uma fase mais sens\u00edvel, com os horm\u00f4nios desregulados e n\u00e3o vou ter paci\u00eancia e nem sabedoria para lidar com isso agora. Ent\u00e3o mais para frente eu posto uma fotinho dele\u2026 J\u00e1 adianto, ele \u00e9 lindo demais, tem cara de homenzinho, o nariz foi desenhado \u00e0 m\u00e3o, e \u00e9 bochechudo. Pode ser o nen\u00e9m mais lindo do mundo que vai ter gente julgando e comentando sobre a apar\u00eancia\u201d, falou.<\/p>\n<p><strong>Confira:\u00a0<\/strong><\/p>\n<p> <img loading=\"lazy\" decoding=\"async\" class=\"size-full wp-image-1010109 img-fluid lazy\" alt=\"Nathalia Valente mostra o rosto do filho\" width=\"600\" height=\"600\" src=\"https:\/\/www.europesays.com\/pt\/wp-content\/uploads\/2025\/09\/nathalia-valente-fotos-do-filho.jpg\"  \/>Nathalia Valente mostra o rosto do filho \u2013 Foto: Instagram <img loading=\"lazy\" decoding=\"async\" class=\"size-full wp-image-1010110 img-fluid lazy\" alt=\"Nathalia Valente mostra o rosto do filho \" width=\"600\" height=\"600\" src=\"https:\/\/www.europesays.com\/pt\/wp-content\/uploads\/2025\/09\/nathalia-valente-fotos-do-filho1.jpg\"  \/>Nathalia Valente mostra o rosto do filho \u2013 Foto: Instagram <img loading=\"lazy\" decoding=\"async\" class=\"size-full wp-image-1010115 img-fluid lazy\" alt=\"Nathalia Valente mostra o rosto do filho \" width=\"600\" height=\"600\" src=\"https:\/\/www.europesays.com\/pt\/wp-content\/uploads\/2025\/09\/nathalia-valente-fotos-do-filho2.jpg\"  \/>Nathalia Valente mostra o rosto do filho \u2013 Foto: Instagram <img loading=\"lazy\" decoding=\"async\" class=\"size-full wp-image-1010116 img-fluid lazy\" alt=\"Nathalia Valente mostra o rosto do filho \" width=\"600\" height=\"750\" src=\"https:\/\/www.europesays.com\/pt\/wp-content\/uploads\/2025\/09\/nathalia-valente-fotos-do-filho3.jpg\"  \/>Nathalia Valente posta foto do filho \u2013 Foto: Instagram  <\/p>\n<p>Nathalia Valente dividiu com os seguidores os <a href=\"https:\/\/caras.com.br\/bebe\/gravida-nathalia-valente-encanta-ao-mostrar-os-detalhes-do-quarto-de-seu-filho.phtml\" rel=\"nofollow noopener\" target=\"_blank\">detalhes do quarto de seu filho, Thales<\/a>., fruto de sua rela\u00e7\u00e3o com Yuri Meirelles. O casal, que se conheceu durante o reality show A Fazenda 15, da Record TV, escolheram m\u00f3veis brancos e com detalhes em madeira para o c\u00f4modo do herdeiro. \u201cApresento a voc\u00eas, o quartinho do nosso filho\u201d, escreveu a influenciadora digital na legenda da publica\u00e7\u00e3o.<\/p>\n<p><strong>Leia tamb\u00e9m:<\/strong>\u00a0 <a href=\"https:\/\/caras.com.br\/atualidades\/espera-do-primeiro-filho-nathalia-valente-oficializa-uniao-com-yuri-meirelles.phtml\" rel=\"nofollow noopener\" target=\"_blank\">\u00c0 espera do primeiro filho, Nathalia Valente oficializa uni\u00e3o com Yuri Meirelles<\/a><\/p>\n<p>        <a href=\"https:\/\/caras.com.br\/autor\/daniela-santos\" rel=\"nofollow noopener\" target=\"_blank\">&#13;<br \/>\n          <img loading=\"lazy\" decoding=\"async\" alt=\"Daniela Santos\" src=\"https:\/\/www.europesays.com\/pt\/wp-content\/uploads\/2025\/09\/1758949148_187_daniela-santos_sqmd.jpg\" class=\"avatar avatar-115 photo rounded-circle\" height=\"115\" width=\"115\"\/>        <\/a><\/p>\n<p><b>Daniela Santos<\/b> \u00e9 rep\u00f3rter do site CARAS. Formada em jornalismo pela FIAM FAAM, atua na \u00e1rea de celebridades e TV desde 2018<\/p>\n","protected":false},"excerpt":{"rendered":"Nathalia Valente encheu as redes sociais de fofura nesta sexta-feira, 26, ao compartilhar as primeiras fotos exibindo o&hellip;\n","protected":false},"author":2,"featured_media":88598,"comment_status":"","ping_status":"","sticky":false,"template":"","format":"standard","meta":{"footnotes":""},"categories":[145],"tags":[211,210,22311,114,115,22312,32,33,22313,22314,22315],"class_list":{"0":"post-88597","1":"post","2":"type-post","3":"status-publish","4":"format-standard","5":"has-post-thumbnail","7":"category-celebridades","8":"tag-celebridades","9":"tag-celebrities","10":"tag-ensaio-fofografico","11":"tag-entertainment","12":"tag-entretenimento","13":"tag-nathalia-valente","14":"tag-portugal","15":"tag-pt","16":"tag-rosto","17":"tag-thales","18":"tag-yuri-meirelles"},"share_on_mastodon":{"url":"","error":""},"_links":{"self":[{"href":"https:\/\/www.europesays.com\/pt\/wp-json\/wp\/v2\/posts\/88597","targetHints":{"allow":["GET"]}}],"collection":[{"href":"https:\/\/www.europesays.com\/pt\/wp-json\/wp\/v2\/posts"}],"about":[{"href":"https:\/\/www.europesays.com\/pt\/wp-json\/wp\/v2\/types\/post"}],"author":[{"embeddable":true,"href":"https:\/\/www.europesays.com\/pt\/wp-json\/wp\/v2\/users\/2"}],"replies":[{"embeddable":true,"href":"https:\/\/www.europesays.com\/pt\/wp-json\/wp\/v2\/comments?post=88597"}],"version-history":[{"count":0,"href":"https:\/\/www.europesays.com\/pt\/wp-json\/wp\/v2\/posts\/88597\/revisions"}],"wp:featuredmedia":[{"embeddable":true,"href":"https:\/\/www.europesays.com\/pt\/wp-json\/wp\/v2\/media\/88598"}],"wp:attachment":[{"href":"https:\/\/www.europesays.com\/pt\/wp-json\/wp\/v2\/media?parent=88597"}],"wp:term":[{"taxonomy":"category","embeddable":true,"href":"https:\/\/www.europesays.com\/pt\/wp-json\/wp\/v2\/categories?post=88597"},{"taxonomy":"post_tag","embeddable":true,"href":"https:\/\/www.europesays.com\/pt\/wp-json\/wp\/v2\/tags?post=88597"}],"curies":[{"name":"wp","href":"https:\/\/api.w.org\/{rel}","templated":true}]}}