{"id":88605,"date":"2025-09-27T07:58:26","date_gmt":"2025-09-27T07:58:26","guid":{"rendered":"https:\/\/www.europesays.com\/pt\/88605\/"},"modified":"2025-09-27T07:58:26","modified_gmt":"2025-09-27T07:58:26","slug":"tanque-de-foguetao-chines-cai-do-ceu-na-argentina-e-reacende-alerta-sobre-lixo-espacial","status":"publish","type":"post","link":"https:\/\/www.europesays.com\/pt\/88605\/","title":{"rendered":"Tanque de foguet\u00e3o chin\u00eas cai do c\u00e9u na Argentina e reacende alerta sobre lixo espacial"},"content":{"rendered":"<p>Um enorme tanque de combust\u00edvel caiu do c\u00e9u na Argentina. E j\u00e1 existe um suspeito: um foguet\u00e3o chin\u00eas. A empresa privada China Rocket tinha lan\u00e7ado, um dia antes, a oitava miss\u00e3o do seu foguet\u00e3o Jielong-3.<\/p>\n<p><a target=\"_blank\" href=\"https:\/\/pplware.sapo.pt\/wp-content\/uploads\/2025\/09\/lixo_espacial_china00.webp\" rel=\"nofollow noopener\"><img fetchpriority=\"high\" decoding=\"async\" src=\"https:\/\/www.europesays.com\/pt\/wp-content\/uploads\/2025\/09\/lixo_espacial_china00-720x405.webp.webp\" alt=\"Imagem do lixo espacial que caiu do &quot;c\u00e9u&quot; Um tanque de foguet\u00e3o chin\u00eas\" width=\"720\" height=\"405\" class=\"aligncenter wp-image-1080726 size-medium\"  \/><\/a><\/p>\n<p>Um objeto resistente \u00e0 reentrada<\/p>\n<p>O objeto mede 1,70 metros de comprimento por 1,20 metros de di\u00e2metro. \u00c9 met\u00e1lico, tem forma cil\u00edndrica e est\u00e1 <strong>revestido de fibra de carbono ou de um material comp\u00f3sito semelhante<\/strong>, o que indica tratar-se de um tanque pressurizado de propelente, conhecido como <a target=\"_blank\" href=\"https:\/\/en.wikipedia.org\/wiki\/Composite_overwrapped_pressure_vessel\" rel=\"nofollow noopener\">Composite Overwrapped Pressure Vessel<\/a> (COPV).<\/p>\n<p>Quando sat\u00e9lites ou foguet\u00f5es reentram na atmosfera, grande parte do material incinera-se devido \u00e0 press\u00e3o.<\/p>\n<p>Estes recipientes, no entanto, s\u00e3o projetados para resistir a press\u00f5es extremas, o que explica a sua sobreviv\u00eancia, ainda que, pelas fotos, apresentem sinais de queimadura e desgaste.<\/p>\n<p><a target=\"_blank\" href=\"https:\/\/pplware.sapo.pt\/wp-content\/uploads\/2025\/09\/lixo_espacial_china03.webp\" rel=\"nofollow noopener\"><img loading=\"lazy\" decoding=\"async\" src=\"https:\/\/www.europesays.com\/pt\/wp-content\/uploads\/2025\/09\/lixo_espacial_china03-720x405.webp.webp\" alt=\"Imagem do foguet\u00e3o Jielong-3\" width=\"720\" height=\"405\" class=\"aligncenter wp-image-1080723 size-medium\"  \/><\/a><\/p>\n<p>A miss\u00e3o chinesa<\/p>\n<p>Na quarta-feira, a China Rocket lan\u00e7ou a oitava miss\u00e3o do seu foguet\u00e3o Jielong-3.<\/p>\n<p>A miss\u00e3o Y8 partiu de uma plataforma mar\u00edtima \u00e0s 07:56 UTC com o objetivo de colocar em \u00f3rbita 12 sat\u00e9lites da constela\u00e7\u00e3o Geely Future Mobility, dedicada a servi\u00e7os de posicionamento e comunica\u00e7\u00f5es do <strong>gigante autom\u00f3vel chin\u00eas Geely<\/strong>.<\/p>\n<dl class=\"gallery-item\">\n<dt class=\"gallery-icon landscape\">\n\t\t\t\t<a data-attachment-id=\"1080724\" href=\"https:\/\/pplware.sapo.pt\/wp-content\/uploads\/2025\/09\/lixo_espacial_china01.webp\" rel=\"nofollow noopener\" target=\"_blank\"><img loading=\"lazy\" decoding=\"async\" width=\"720\" height=\"405\" src=\"https:\/\/www.europesays.com\/pt\/wp-content\/uploads\/2025\/09\/lixo_espacial_china01-720x405.webp.webp\" class=\"attachment-medium size-medium\" alt=\"\"  \/><\/a>\n\t\t\t<\/dt>\n<\/dl>\n<dl class=\"gallery-item\">\n<dt class=\"gallery-icon landscape\">\n\t\t\t\t<a data-attachment-id=\"1080725\" href=\"https:\/\/pplware.sapo.pt\/wp-content\/uploads\/2025\/09\/lixo_espacial_china02.webp\" rel=\"nofollow noopener\" target=\"_blank\"><img loading=\"lazy\" decoding=\"async\" width=\"720\" height=\"405\" src=\"https:\/\/www.europesays.com\/pt\/wp-content\/uploads\/2025\/09\/lixo_espacial_china02-720x405.webp.webp\" class=\"attachment-medium size-medium\" alt=\"\"  \/><\/a>\n\t\t\t<\/dt>\n<\/dl>\n<p><br style=\"clear: both\"\/><\/p>\n<p>O problema da crescente \u201clixo espacial\u201d<\/p>\n<p>A China tem ganho notoriedade por deixar foguet\u00f5es em \u00f3rbita ap\u00f3s cumprirem a miss\u00e3o, como no caso do CZ-5B, cuja etapa central de mais de 20 toneladas regressa \u00e0 Terra de forma imprevis\u00edvel.<\/p>\n<p>Apesar de avan\u00e7os para equipar foguet\u00f5es com mecanismos ativos de desorbita\u00e7\u00e3o, a realidade \u00e9 que o lixo espacial continua a aumentar.\u00a0Atualmente, reentram na atmosfera, em m\u00e9dia, <a target=\"_blank\" href=\"https:\/\/pplware.sapo.pt\/ciencia\/seccao-do-motor-de-um-foguetao-da-spacex-caiu-no-quintal-de-um-agricultor-no-brasil\/\" rel=\"nofollow noopener\">tr\u00eas grandes fragmentos de destro\u00e7os por dia<\/a>, sem qualquer controlo.<\/p>\n<p>Casos recentes incluem uma palete de baterias da ISS que atravessou o telhado de uma casa em mar\u00e7o de 2024, fragmentos de um foguet\u00e3o da SpaceX que <a target=\"_blank\" href=\"https:\/\/pplware.sapo.pt\/ciencia\/restos-de-um-foguetao-da-spacex-cairam-num-quintal-polaco-apos-reentrada-descontrolada\/\" rel=\"nofollow noopener\">ca\u00edram na Pol\u00f3nia<\/a> e, em janeiro de 2025, um anel met\u00e1lico de <a target=\"_blank\" href=\"https:\/\/pplware.sapo.pt\/ciencia\/todos-os-dias-reentram-tres-pedacos-enormes-de-detritos-espaciais-na-atmosfera\/\" rel=\"nofollow noopener\">meia tonelada que surgiu no Qu\u00e9nia<\/a>.<\/p>\n<p>Ag\u00eancias espaciais como a ESA procuram agora impor regras mais r\u00edgidas e promover compromissos de \u201cres\u00edduos zero\u201d, mas o desafio s\u00f3 pode ser enfrentado com um consenso global.<\/p>\n","protected":false},"excerpt":{"rendered":"Um enorme tanque de combust\u00edvel caiu do c\u00e9u na Argentina. E j\u00e1 existe um suspeito: um foguet\u00e3o chin\u00eas.&hellip;\n","protected":false},"author":2,"featured_media":88606,"comment_status":"","ping_status":"","sticky":false,"template":"","format":"standard","meta":{"footnotes":""},"categories":[83],"tags":[88,358,22316,89,90,16174,22317,22318,32,33],"class_list":{"0":"post-88605","1":"post","2":"type-post","3":"status-publish","4":"format-standard","5":"has-post-thumbnail","7":"category-empresas","8":"tag-business","9":"tag-china","10":"tag-china-rocket","11":"tag-economy","12":"tag-empresas","13":"tag-geely","14":"tag-jielong-3","15":"tag-lixo-espacial","16":"tag-portugal","17":"tag-pt"},"share_on_mastodon":{"url":"","error":""},"_links":{"self":[{"href":"https:\/\/www.europesays.com\/pt\/wp-json\/wp\/v2\/posts\/88605","targetHints":{"allow":["GET"]}}],"collection":[{"href":"https:\/\/www.europesays.com\/pt\/wp-json\/wp\/v2\/posts"}],"about":[{"href":"https:\/\/www.europesays.com\/pt\/wp-json\/wp\/v2\/types\/post"}],"author":[{"embeddable":true,"href":"https:\/\/www.europesays.com\/pt\/wp-json\/wp\/v2\/users\/2"}],"replies":[{"embeddable":true,"href":"https:\/\/www.europesays.com\/pt\/wp-json\/wp\/v2\/comments?post=88605"}],"version-history":[{"count":0,"href":"https:\/\/www.europesays.com\/pt\/wp-json\/wp\/v2\/posts\/88605\/revisions"}],"wp:featuredmedia":[{"embeddable":true,"href":"https:\/\/www.europesays.com\/pt\/wp-json\/wp\/v2\/media\/88606"}],"wp:attachment":[{"href":"https:\/\/www.europesays.com\/pt\/wp-json\/wp\/v2\/media?parent=88605"}],"wp:term":[{"taxonomy":"category","embeddable":true,"href":"https:\/\/www.europesays.com\/pt\/wp-json\/wp\/v2\/categories?post=88605"},{"taxonomy":"post_tag","embeddable":true,"href":"https:\/\/www.europesays.com\/pt\/wp-json\/wp\/v2\/tags?post=88605"}],"curies":[{"name":"wp","href":"https:\/\/api.w.org\/{rel}","templated":true}]}}