{"id":88621,"date":"2025-09-27T08:24:10","date_gmt":"2025-09-27T08:24:10","guid":{"rendered":"https:\/\/www.europesays.com\/pt\/88621\/"},"modified":"2025-09-27T08:24:10","modified_gmt":"2025-09-27T08:24:10","slug":"alfena-apresenta-livro-sobre-a-historia-do-brinquedo-de-plastico-em-portugal","status":"publish","type":"post","link":"https:\/\/www.europesays.com\/pt\/88621\/","title":{"rendered":"Alfena apresenta livro sobre a hist\u00f3ria do brinquedo de pl\u00e1stico em Portugal &#8211;"},"content":{"rendered":"<p>&#13;<\/p>\n<p><img width=\"777\" height=\"437\" src=\"https:\/\/www.europesays.com\/pt\/wp-content\/uploads\/2025\/09\/Alfena-livro-brinquedo-plastico-777x437.jpg\" class=\"attachment-content-single size-content-single wp-post-image\" alt=\"\" decoding=\"async\" fetchpriority=\"high\"  \/><\/p>\n<p class=\"entry-meta\">\nEscrito por: <a class=\"fn\" href=\"https:\/\/www.jornalnovoregional.pt\/author\/joana-fitas\/\" rel=\"nofollow noopener\" target=\"_blank\">Joana Magalh\u00e3es<\/a><br \/>\nS\u00e1bado, 27 Setembro, 2025\n<\/p>\n<p>A Junta de Freguesia de Alfena promove, no pr\u00f3ximo <strong>domingo, 28 de setembro<\/strong>, \u00e0s <strong>15h30<\/strong>, no <strong>Parque Vale do Le\u00e7a<\/strong>, a apresenta\u00e7\u00e3o do livro \u201cA Arte de Fabricar Brinquedos em Portugal \u2013 O Brinquedo de Pl\u00e1stico\u201d.<\/p>\n<p>Resultado de <strong>quatro anos de investiga\u00e7\u00e3o<\/strong>, a obra d\u00e1 continuidade ao trabalho iniciado em 2021 com a publica\u00e7\u00e3o do livro \u201cA Arte de Fabricar Brinquedos em Portugal \u2013 O Contributo de Alfena e Ermesinde\u201d, que explorava a produ\u00e7\u00e3o nacional com base em materiais como madeira, folha de Flandres e papel gessado.<\/p>\n<p>Esta nova edi\u00e7\u00e3o centra-se no fabrico de brinquedos em <strong>mat\u00e9rias pl\u00e1sticas<\/strong>, analisando a atividade de v\u00e1rias empresas de norte a sul do pa\u00eds. A iniciativa refor\u00e7a a liga\u00e7\u00e3o hist\u00f3rica de <strong>Alfena<\/strong>, reconhecida como a \u201cTerra do Brinquedo\u201d, \u00e0 mem\u00f3ria e valoriza\u00e7\u00e3o desta ind\u00fastria que marcou gera\u00e7\u00f5es.<\/p>\n<p>\u2014<\/p>\n<p>Se tem sugest\u00f5es ou not\u00edcias para partilhar relativas \u00e0 regi\u00e3o do Grande Porto, envie para: <strong><a>noticias@jornalnovoregional.pt<\/a><\/strong><\/p>\n<p>\t\t\t\t\t<a href=\"https:\/\/www.facebook.com\/149375311908434\" target=\"_blank\" rel=\"nofollow noopener\"><br \/>\n\t\t\t\t\t\t<img decoding=\"async\" src=\"https:\/\/www.europesays.com\/pt\/wp-content\/uploads\/2025\/07\/Captura-de-ecra\u0303-2020-11-26-a\u0300s-18.31.13.png\" alt=\"Fb-Button\"\/><br \/>\n\t\t\t\t\t<\/a><\/p>\n<p>&#13;<br \/>\n\t\t\t\t Visualiza\u00e7\u00f5es do artigo:  37&#13;\n\t\t\t<\/p>\n<p>\t&#13;<\/p>\n","protected":false},"excerpt":{"rendered":"&#13; Escrito por: Joana Magalh\u00e3es S\u00e1bado, 27 Setembro, 2025 A Junta de Freguesia de Alfena promove, no pr\u00f3ximo&hellip;\n","protected":false},"author":2,"featured_media":88622,"comment_status":"","ping_status":"","sticky":false,"template":"","format":"standard","meta":{"footnotes":""},"categories":[143],"tags":[22319,22320,169,22321,114,115,170,32,33,22322],"class_list":{"0":"post-88621","1":"post","2":"type-post","3":"status-publish","4":"format-standard","5":"has-post-thumbnail","7":"category-livros","8":"tag-a-arte-de-fabricar-brinquedos-em-portugal","9":"tag-alfena","10":"tag-books","11":"tag-brinquedo","12":"tag-entertainment","13":"tag-entretenimento","14":"tag-livros","15":"tag-portugal","16":"tag-pt","17":"tag-valongo"},"share_on_mastodon":{"url":"","error":""},"_links":{"self":[{"href":"https:\/\/www.europesays.com\/pt\/wp-json\/wp\/v2\/posts\/88621","targetHints":{"allow":["GET"]}}],"collection":[{"href":"https:\/\/www.europesays.com\/pt\/wp-json\/wp\/v2\/posts"}],"about":[{"href":"https:\/\/www.europesays.com\/pt\/wp-json\/wp\/v2\/types\/post"}],"author":[{"embeddable":true,"href":"https:\/\/www.europesays.com\/pt\/wp-json\/wp\/v2\/users\/2"}],"replies":[{"embeddable":true,"href":"https:\/\/www.europesays.com\/pt\/wp-json\/wp\/v2\/comments?post=88621"}],"version-history":[{"count":0,"href":"https:\/\/www.europesays.com\/pt\/wp-json\/wp\/v2\/posts\/88621\/revisions"}],"wp:featuredmedia":[{"embeddable":true,"href":"https:\/\/www.europesays.com\/pt\/wp-json\/wp\/v2\/media\/88622"}],"wp:attachment":[{"href":"https:\/\/www.europesays.com\/pt\/wp-json\/wp\/v2\/media?parent=88621"}],"wp:term":[{"taxonomy":"category","embeddable":true,"href":"https:\/\/www.europesays.com\/pt\/wp-json\/wp\/v2\/categories?post=88621"},{"taxonomy":"post_tag","embeddable":true,"href":"https:\/\/www.europesays.com\/pt\/wp-json\/wp\/v2\/tags?post=88621"}],"curies":[{"name":"wp","href":"https:\/\/api.w.org\/{rel}","templated":true}]}}