{"id":88785,"date":"2025-09-27T11:59:04","date_gmt":"2025-09-27T11:59:04","guid":{"rendered":"https:\/\/www.europesays.com\/pt\/88785\/"},"modified":"2025-09-27T11:59:04","modified_gmt":"2025-09-27T11:59:04","slug":"o-dia-em-que-trump-decidiu-que-a-ucrania-pode-vencer-o-tigre-de-papel-mas-nao-com-a-america","status":"publish","type":"post","link":"https:\/\/www.europesays.com\/pt\/88785\/","title":{"rendered":"O dia em que Trump decidiu que a Ucr\u00e2nia pode vencer o &#8220;tigre de papel&#8221;, mas n\u00e3o com a Am\u00e9rica"},"content":{"rendered":"<p>Se d\u00favidas restavam, a\u00ed est\u00e1 Donald Trump para as dissipar. Eis uma das maiores conclus\u00f5es do seu <a href=\"https:\/\/cnnportugal.iol.pt\/donald-trump\/onu\/como-o-resto-do-mundo-viu-o-discurso-sinuoso-de-trump-na-onu\/20250924\/68d3bafad34ee0c2fed07622\" target=\"_blank\" rel=\"nofollow noopener\">ca\u00f3tico discurso desta semana na assembleia-geral da ONU<\/a>: o mundo mudou muito gra\u00e7as ao Presidente dos EUA no seu primeiro mandato e, cinco anos depois de se rirem dele, em plena segunda administra\u00e7\u00e3o Trumpiana, muitos pa\u00edses, sen\u00e3o todos, deixaram de o subestimar.<\/p>\n<p>No seu discurso \u00e0s outras 192 na\u00e7\u00f5es da organiza\u00e7\u00e3o, no ano em que esta completa oito d\u00e9cadas, Trump menosprezou a amea\u00e7a das altera\u00e7\u00f5es clim\u00e1ticas, alertou para a imigra\u00e7\u00e3o excessiva e autoelogiou-se enquanto pacificador global, por ter acabado com sete guerras em sete meses (<a href=\"https:\/\/www.theatlantic.com\/national-security\/archive\/2025\/09\/trump-united-nations-ukraine-russia\/684346\/\" target=\"_blank\" rel=\"nofollow noopener\">muitas delas inexistentes<\/a>). Da lista n\u00e3o constam nem a guerra da R\u00fassia na Ucr\u00e2nia, nem a guerra de Israel contra os palestinianos \u2013 que, indiferentes \u00e0s promessas do l\u00edder norte-americano, se intensificaram nos \u00faltimos meses.<\/p>\n<p>Acima de tudo, Trump usou o p\u00falpito na ONU para ridicularizar a pr\u00f3pria ONU, depois de ter ficado preso numas escadas rolantes a caminho do plen\u00e1rio, e para ridicularizar tamb\u00e9m as alian\u00e7as que a ONU tem potenciado ao longo dos \u00faltimos 80 anos. Se d\u00favidas restavam, Trump est\u00e1 a\u00ed para as dissipar: a prioridade global hoje, como delineada pelo pr\u00f3prio, \u00e9 a soberania individual de cada Estado-na\u00e7\u00e3o e igualmente o que cada uma delas tem a ganhar, em particular com os EUA de Trump.<\/p>\n<p>\n  Dentro do pa\u00eds, a hist\u00f3ria \u00e9 ligeiramente diferente. Depois do afastamento de Jimmy Kimmel do seu late night show, por causa de uma piada relacionada com o assass\u00ednio do influencer de extrema-direita Charlie Kirk, o comediante voltou esta semana \u00e0 televis\u00e3o americana \u2013 deixando a descoberto o qu\u00e3o fraturante foi todo este epis\u00f3dio, at\u00e9, ou sobretudo, entre os conservadores que tendem a apoiar o Presidente Trump.\n<\/p>\n<p>Dentro do pa\u00eds, a hist\u00f3ria \u00e9 ligeiramente diferente. Depois do afastamento de Jimmy Kimmel do seu late night show, por causa de uma piada sobre a &#8220;multid\u00e3o MAGA&#8221; no rescaldo do homic\u00eddio do influencer de extrema-direita Charlie Kirk, o comediante voltou \u00e0 televis\u00e3o americana \u2013 pondo a descoberto o qu\u00e3o fraturante foi o epis\u00f3dio, at\u00e9 (ou sobretudo) para os conservadores que apoiam Trump.<\/p>\n<p>A reintegra\u00e7\u00e3o de Jimmy Kimmel na grelha da ABC, <a href=\"https:\/\/www.brookings.edu\/articles\/beyond-kimmel-the-fcc-controversy-exposes-a-larger-struggle-over-free-speech\/\" target=\"_blank\" rel=\"nofollow noopener\">escreve Tom Wheeler, do Instituto Brookings<\/a>, um dos mais proeminentes think tanks conservadores da Am\u00e9rica, \u201cn\u00e3o atenua as preocupa\u00e7\u00f5es com a liberdade de express\u00e3o desencadeadas pela sua suspens\u00e3o\u201d. At\u00e9 porque, como deixou claro o presidente da Comiss\u00e3o Federal de Comunica\u00e7\u00f5es (FCC), Brendan Carr, \u201cainda n\u00e3o acab\u00e1mos\u201d \u2013 os americanos devem esperar \u201cuma mudan\u00e7a massiva na din\u00e2mica do ecossistema de media\u201d sob o que Carr classifica como \u201ca estrutura de permiss\u00e3o que a elei\u00e7\u00e3o do Presidente Trump proporcionou\u201d.<\/p>\n<p>Entre a barricada Trump foram <a href=\"https:\/\/www.latimes.com\/politics\/story\/2025-09-24\/kimmel-abc-trump-conservatives-free-speech-concerns\" target=\"_blank\" rel=\"nofollow noopener\">muitos os\u00a0que criticaram<\/a> o afastamento de Kimmel, incluindo Ben Shapiro, Joe Rogan, Tucker Carlson e at\u00e9 mesmo membros do Congresso, como o senador Ted Cruz, que veio falar em manobras \u201csemelhantes \u00e0s da m\u00e1fia\u201d que representam \u201cum caminho escorregadio\u201d que abre um precedente grave, porque &#8220;o pr\u00f3ximo presidente democrata que chegar \u00e0 Casa Branca far\u00e1 o mesmo e perseguir\u00e1 todos os que est\u00e3o \u00e0 direita do centro&#8221;.<\/p>\n<p>Face \u00e0s repetidas sugest\u00f5es de Trump de que a FCC deve revogar as licen\u00e7as de canais e afiliados locais que te\u00e7am cr\u00edticas \u00e0 sua administra\u00e7\u00e3o, \u201ca estrat\u00e9gia Trump-Carr parece estar a remodelar o panorama medi\u00e1tico\u201d rumo \u00e0 concentra\u00e7\u00e3o de poderes e influ\u00eancia favor\u00e1veis \u00e0 atual administra\u00e7\u00e3o, refor\u00e7a Wheeler.<\/p>\n<p>\u201cEm 2023, Carr escreveu nas redes sociais que \u2018a censura \u00e9 o sonho dos autorit\u00e1rios\u201d e, na \u00e9poca, muitos \u2013 incluido eu pr\u00f3prio, interpretaram isso como uma defesa da liberdade de express\u00e3o\u201d, adianta o investigador do Brookings. \u201c\u00c0 luz das a\u00e7\u00f5es recentes, parece mais ser um roteiro: usar a censura e o poder da FCC para expandir o controlo autorit\u00e1rio.\u201d<\/p>\n<p>E se mais provas eram precisas, de quinta para sexta-feira mais uma persegui\u00e7\u00e3o, <a href=\"https:\/\/cnnportugal.iol.pt\/james-comey\/estados-unidos\/acaba-de-acontecer-uma-coisa-que-demonstra-a-viragem-radical-de-trump-ate-para-os-seus-padroes\/20250926\/68d64912d34e58bc67963439\" target=\"_blank\" rel=\"nofollow noopener\">resumida assim<\/a> pela CNN internacional: &#8220;Depois de testar regularmente as barreiras da democracia americana no seu segundo mandato, o presidente dos Estados Unidos est\u00e1 agora a ultrapass\u00e1-las\u00a0\u2013 a um ritmo alucinante.&#8221; Falamos das <a href=\"https:\/\/cnnportugal.iol.pt\/james-comey\/donald-trump\/um-dos-piores-seres-humanos-a-que-este-pais-ja-foi-exposto-ex-diretor-fbi-acusado-de-obstrucao-a-justica-e-perjurio-apos-pressao-de-trump\/20250926\/68d6398ad34e58bc679633e2\" target=\"_blank\" rel=\"nofollow noopener\">acusa\u00e7\u00f5es formais a James Comey<\/a>, o antigo diretor do FBI que investigou as liga\u00e7\u00f5es de Trump \u00e0 R\u00fassia de Putin durante o seu primeiro mandato.<\/p>\n<p>&#8220;Agora est\u00e1 a funcionar. Trump est\u00e1 a tra\u00e7ar publicamente o roteiro da retribui\u00e7\u00e3o, e o Departamento de Justi\u00e7a est\u00e1 a segui-lo&#8221;, destaca a CNN. &#8220;Os impulsos que antes eram controlados est\u00e3o a ser postos em pr\u00e1tica, e Trump est\u00e1 a fazer publicidade disso.&#8221;<\/p>\n<p>No seu mon\u00f3logo de regresso ao late night, que <a href=\"https:\/\/www.nbcnews.com\/video\/shorts\/kimmel-draws-record-ratings-for-first-show-back-248303685664\" target=\"_blank\" rel=\"nofollow noopener\">bateu recordes de audi\u00eancia<\/a>, Jimmy Kimmel n\u00e3o se coibiu de lan\u00e7ar larachas ao presidente, descrevendo-o como um &#8220;bully de filmes dos anos 80&#8221; e acrescentando:\u00a0\u201cS\u00f3 Donald Trump tentaria provar que n\u00e3o est\u00e1 a amea\u00e7ar a ABC amea\u00e7ando a ABC.\u201d<\/p>\n<p>Se d\u00favidas restavam, e como o discurso da ONU e as acusa\u00e7\u00f5es a Comey ajudam a descortinar, a doutrina Trump est\u00e1 \u00e0 vista de todos. Atrevam-se a rir dele agora. \u2014 <a href=\"https:\/\/cnnportugal.iol.pt\/perfil\/joana-azevedo-viana\/656dc56bd34e371fc0ba8d92\" target=\"_blank\" rel=\"nofollow noopener\">Joana Azevedo Viana<\/a><\/p>\n","protected":false},"excerpt":{"rendered":"Se d\u00favidas restavam, a\u00ed est\u00e1 Donald Trump para as dissipar. Eis uma das maiores conclus\u00f5es do seu ca\u00f3tico&hellip;\n","protected":false},"author":2,"featured_media":88786,"comment_status":"","ping_status":"","sticky":false,"template":"","format":"standard","meta":{"footnotes":""},"categories":[50],"tags":[609,836,611,27,28,607,608,333,832,604,135,610,92,476,413,15,16,532,3388,301,830,14,259,603,25,26,570,21,22,831,833,62,834,12,13,19,20,835,602,431,52,32,23,24,839,17,18,840,29,30,31,63,64,65],"class_list":{"0":"post-88785","1":"post","2":"type-post","3":"status-publish","4":"format-standard","5":"has-post-thumbnail","7":"category-mundo","8":"tag-alerta","9":"tag-analise","10":"tag-ao-minuto","11":"tag-breaking-news","12":"tag-breakingnews","13":"tag-cnn","14":"tag-cnn-portugal","15":"tag-comentadores","16":"tag-costa","17":"tag-crime","18":"tag-desporto","19":"tag-direto","20":"tag-donald-trump","21":"tag-economia","22":"tag-eua","23":"tag-featured-news","24":"tag-featurednews","25":"tag-gaza","26":"tag-genocidio","27":"tag-governo","28":"tag-guerra","29":"tag-headlines","30":"tag-israel","31":"tag-justica","32":"tag-latest-news","33":"tag-latestnews","34":"tag-live","35":"tag-main-news","36":"tag-mainnews","37":"tag-mais-vistas","38":"tag-marcelo","39":"tag-mundo","40":"tag-negocios","41":"tag-news","42":"tag-noticias","43":"tag-noticias-principais","44":"tag-noticiasprincipais","45":"tag-opiniao","46":"tag-pais","47":"tag-palestina","48":"tag-politica","49":"tag-portugal","50":"tag-principais-noticias","51":"tag-principaisnoticias","52":"tag-russia","53":"tag-top-stories","54":"tag-topstories","55":"tag-ucrania","56":"tag-ultimas","57":"tag-ultimas-noticias","58":"tag-ultimasnoticias","59":"tag-world","60":"tag-world-news","61":"tag-worldnews"},"share_on_mastodon":{"url":"","error":""},"_links":{"self":[{"href":"https:\/\/www.europesays.com\/pt\/wp-json\/wp\/v2\/posts\/88785","targetHints":{"allow":["GET"]}}],"collection":[{"href":"https:\/\/www.europesays.com\/pt\/wp-json\/wp\/v2\/posts"}],"about":[{"href":"https:\/\/www.europesays.com\/pt\/wp-json\/wp\/v2\/types\/post"}],"author":[{"embeddable":true,"href":"https:\/\/www.europesays.com\/pt\/wp-json\/wp\/v2\/users\/2"}],"replies":[{"embeddable":true,"href":"https:\/\/www.europesays.com\/pt\/wp-json\/wp\/v2\/comments?post=88785"}],"version-history":[{"count":0,"href":"https:\/\/www.europesays.com\/pt\/wp-json\/wp\/v2\/posts\/88785\/revisions"}],"wp:featuredmedia":[{"embeddable":true,"href":"https:\/\/www.europesays.com\/pt\/wp-json\/wp\/v2\/media\/88786"}],"wp:attachment":[{"href":"https:\/\/www.europesays.com\/pt\/wp-json\/wp\/v2\/media?parent=88785"}],"wp:term":[{"taxonomy":"category","embeddable":true,"href":"https:\/\/www.europesays.com\/pt\/wp-json\/wp\/v2\/categories?post=88785"},{"taxonomy":"post_tag","embeddable":true,"href":"https:\/\/www.europesays.com\/pt\/wp-json\/wp\/v2\/tags?post=88785"}],"curies":[{"name":"wp","href":"https:\/\/api.w.org\/{rel}","templated":true}]}}