{"id":88793,"date":"2025-09-27T12:04:09","date_gmt":"2025-09-27T12:04:09","guid":{"rendered":"https:\/\/www.europesays.com\/pt\/88793\/"},"modified":"2025-09-27T12:04:09","modified_gmt":"2025-09-27T12:04:09","slug":"menina-de-13-anos-lanca-livro-de-fantasia-inspirado-em-harry-potter","status":"publish","type":"post","link":"https:\/\/www.europesays.com\/pt\/88793\/","title":{"rendered":"Menina de 13 anos lan\u00e7a livro de fantasia inspirado em Harry Potter"},"content":{"rendered":"<p>Saga criada por Bruna Sofya mistura mist\u00e9rio, magia e segredos familiares em universo pr\u00f3prio<\/p>\n<p><a href=\"https:\/\/cdn6.campograndenews.com.br\/uploads\/noticias\/2025\/09\/27\/56023e2f0796db207c4b3e6d4ec3aaf961eefe67.jpeg\" data-fslightbox=\"gallery\" data-title=\"A menina que fingia ler escreveu e lan\u00e7ou livro de fantasia aos 13 anos \" rel=\"nofollow noopener\" target=\"_blank\"><img decoding=\"async\" src=\"https:\/\/www.europesays.com\/pt\/wp-content\/uploads\/2025\/09\/2ldmaq24zhk48.jpeg\" class=\"img-fluid\" alt=\"A menina que fingia ler escreveu e lan\u00e7ou livro de fantasia aos 13 anos \" title=\"A menina que fingia ler escreveu e lan\u00e7ou livro de fantasia aos 13 anos \" width=\"1280\" height=\"960\"   loading=\"lazy\"\/><\/a>Bruna Sofya tem 13 anos e sempre estudou em escola p\u00fablica. (Foto: Arquivo Pessoal)<\/p>\n<p style=\"text-align: justify;\">Bruna Sofya, de apenas 13 anos, sempre observou o pai, Aparecido de Souza, mergulhado em textos para o mestrado. Antes mesmo de dominar as palavras, fingia ler e imitava o h\u00e1bito de escrever. Hoje, a <a href=\"https:\/\/www.campograndenews.com.br\/educacao\" target=\"_blank\" rel=\"nofollow noopener\">estudante<\/a> de <a href=\"https:\/\/www.campograndenews.com.br\/educacao\" target=\"_blank\" rel=\"nofollow noopener\">escola<\/a> p\u00fablica celebra a realiza\u00e7\u00e3o de um sonho: o lan\u00e7amento de seu primeiro livro, Madaleine Woolgar e a Marca de Originis.<\/p>\n<p>Bruna Sofya, estudante de 13 anos de escola p\u00fablica, lan\u00e7ou seu primeiro livro de fantasia, &#8220;Madaleine Woolgar e a Marca de Originis&#8221;. A obra, inspirada em s\u00e9ries como Harry Potter, narra a hist\u00f3ria de uma garota que descobre poderes m\u00e1gicos e sua verdadeira origem n\u00e3o humana. A jovem autora, que desde pequena imitava os h\u00e1bitos de leitura e escrita do pai, dedicou-se \u00e0 cria\u00e7\u00e3o do livro durante meses, escrevendo diariamente. A obra j\u00e1 est\u00e1 impressa, tem lan\u00e7amento previsto para novembro e concorre ao Pr\u00eamio Tuiui\u00fa de literatura sul-mato-grossense na categoria infantojuvenil.<\/p>\n<p style=\"text-align: justify;\">\u201cEu comecei a escrever em setembro do ano passado, mas sem dar tanta import\u00e2ncia. S\u00f3 que no come\u00e7o deste ano passei a escrever todos os dias e terminei em abril\u201d, conta. Entre uma e tr\u00eas horas por dia diante do computador, ela estruturava cap\u00edtulo por cap\u00edtulo, at\u00e9 ver a hist\u00f3ria completa.<\/p>\n<p style=\"text-align: justify;\">F\u00e3 assumida de Harry Potter e leitora de Di\u00e1rio de uma Garota Nada Popular, Bruna diz que foi nesse universo que encontrou motiva\u00e7\u00e3o e inspira\u00e7\u00e3o para sua obra. \u201cO meu livro fala sobre uma garota que leva uma vida normal e come\u00e7a a descobrir coisas misteriosas sobre ela e sobre a m\u00e3e. Muitas coisas m\u00e1gicas acontecem at\u00e9 que ela descobre que n\u00e3o \u00e9 humana. A partir da\u00ed, precisa aprender mais sobre magia e vai para uma <a href=\"https:\/\/www.campograndenews.com.br\/educacao\" target=\"_blank\" rel=\"nofollow noopener\">escola<\/a> m\u00e1gica\u201d, resume a jovem autora.<\/p>\n<p><a href=\"https:\/\/cdn6.campograndenews.com.br\/uploads\/noticias\/2025\/09\/27\/05a83a52adf10b0cadc6ff3095732d79a0dcb7bc.jpeg\" data-fslightbox=\"gallery\" data-title=\"A menina que fingia ler escreveu e lan\u00e7ou livro de fantasia aos 13 anos \" rel=\"nofollow noopener\" target=\"_blank\"><img decoding=\"async\" src=\"https:\/\/www.europesays.com\/pt\/wp-content\/uploads\/2025\/09\/1klw6xavpvvoy.jpeg\" class=\"img-fluid\" alt=\"A menina que fingia ler escreveu e lan\u00e7ou livro de fantasia aos 13 anos \" title=\"A menina que fingia ler escreveu e lan\u00e7ou livro de fantasia aos 13 anos \" width=\"1280\" height=\"960\"   loading=\"lazy\"\/><\/a>Livros j\u00e1 est\u00e3o impressos e lan\u00e7amento oficial sera em novembro. (Foto: Arquivo Pessoal)<\/p>\n<p style=\"text-align: justify;\">O livro, dividido em 14 cap\u00edtulos, traz Madeleine como protagonista, uma menina da mesma idade da escritora, t\u00edmida e com dificuldades na <a href=\"https:\/\/www.campograndenews.com.br\/educacao\" target=\"_blank\" rel=\"nofollow noopener\">escola<\/a>, at\u00e9 perceber que guarda um poder especial. Entre descobertas, segredos de fam\u00edlia e reviravoltas, a trama abre caminho para a constru\u00e7\u00e3o de uma saga. \u201cO meu livro vai ser uma s\u00e9rie\u201d, revela Bruna, j\u00e1 adiantando que vem continua\u00e7\u00e3o por a\u00ed.<\/p>\n<p style=\"text-align: justify;\">O pai, orgulhoso, acompanha cada passo da filha. \u201cEla sempre foi curiosa. No come\u00e7o, eu nem acreditava que lia t\u00e3o r\u00e1pido os livros que pedia, mas ela n\u00e3o s\u00f3 lia, como fazia an\u00e1lise das personagens. Chegava at\u00e9 a questionar decis\u00f5es dos autores\u201d, lembra Aparecido. Foi assim que ele percebeu que algo maior estava surgindo.<\/p>\n<p style=\"text-align: justify;\">A obra da adolescente j\u00e1 est\u00e1 impressa e deve ter lan\u00e7amento oficial em novembro. Enquanto isso, Bruna concorre ao Pr\u00eamio Tuiui\u00fa de literatura sul-mato-grossense na categoria literatura infantojuvenil.<\/p>\n<p><a href=\"https:\/\/cdn6.campograndenews.com.br\/uploads\/noticias\/2025\/09\/27\/266ef02c33fa14e9bb39634583b37e3c13ed1a0e.jpeg\" data-fslightbox=\"gallery\" data-title=\"A menina que fingia ler escreveu e lan\u00e7ou livro de fantasia aos 13 anos \" rel=\"nofollow noopener\" target=\"_blank\"><img decoding=\"async\" src=\"https:\/\/www.europesays.com\/pt\/wp-content\/uploads\/2025\/09\/1hpq1hpn7n9y6.jpeg\" class=\"img-fluid\" alt=\"A menina que fingia ler escreveu e lan\u00e7ou livro de fantasia aos 13 anos \" title=\"A menina que fingia ler escreveu e lan\u00e7ou livro de fantasia aos 13 anos \" width=\"1280\" height=\"729\"   loading=\"lazy\"\/><\/a>Bruna ao lado da fam\u00edlia, que sempre a incentivou. (Foto: Arquivo Pessoal)<\/p>\n<p style=\"text-align: justify;\">Para a menina t\u00edmida que encontrou na escrita uma forma de se expressar, a sensa\u00e7\u00e3o \u00e9 indescrit\u00edvel. \u201c\u00c9 um sentimento muito bom de realiza\u00e7\u00e3o, porque eu comecei n\u00e3o levando o livro t\u00e3o a s\u00e9rio e depois consegui ter um livro em m\u00e3os\u201d, diz.<\/p>\n<p style=\"text-align: justify;\">E para outros adolescentes que sonham em escrever, ela deixa um recado. \u201cSe a pessoa tem vontade de escrever um livro, que n\u00e3o desista, porque isso \u00e9 um crescimento pessoal muito grande. A sensa\u00e7\u00e3o quando voc\u00ea termina e v\u00ea que foi capaz \u00e9 muito boa&#8221;, finaliza.<\/p>\n<p><a href=\"https:\/\/cdn6.campograndenews.com.br\/uploads\/noticias\/2025\/09\/27\/68d77d1853aa3.jpg\" data-fslightbox=\"gallery\" data-title=\"A menina que fingia ler escreveu e lan\u00e7ou livro de fantasia aos 13 anos \" rel=\"nofollow noopener\" target=\"_blank\"><img decoding=\"async\" src=\"https:\/\/www.europesays.com\/pt\/wp-content\/uploads\/2025\/09\/3aum3ovuds00k.jpg\" class=\"img-fluid\" alt=\"A menina que fingia ler escreveu e lan\u00e7ou livro de fantasia aos 13 anos \" title=\"A menina que fingia ler escreveu e lan\u00e7ou livro de fantasia aos 13 anos \" width=\"958\" height=\"1113\"   loading=\"lazy\"\/><\/a>Capa do livro Madaleine Woolgar e a Marca de Originis. (Foto: Arquivo Pessoal)<\/p>\n<p style=\"text-align: justify;\">Acompanhe o<strong>\u00a0Lado B\u00a0<\/strong>no Instagram <a href=\"https:\/\/www.instagram.com\/ladobcgoficial\/\" rel=\"noopener noreferrer nofollow\" target=\"_blank\">@ladobcgoficial<\/a>, <a href=\"https:\/\/www.facebook.com\/ladobcg\" rel=\"noopener noreferrer nofollow\" target=\"_blank\">Facebook<\/a> e<a href=\"https:\/\/twitter.com\/ladobcg\" rel=\"noopener noreferrer nofollow\" target=\"_blank\">\u00a0Twitter<\/a>. Tem pauta para sugerir? Mande nas redes sociais ou no Direto das Ruas atrav\u00e9s do <a href=\"https:\/\/www.campograndenews.com.br\/fale-conosco\" target=\"_blank\" rel=\"nofollow noopener\">WhatsApp<\/a><a href=\"https:\/\/api.whatsapp.com\/send?phone=5567996699563&amp;text=&amp;source=&amp;data=&amp;app_absent=\" rel=\"noopener noreferrer nofollow\" target=\"_blank\">\u00a0(67) 99669-9563 (chame aqui)<\/a>.<\/p>\n<p style=\"text-align: justify;\">Receba as principais not\u00edcias do Estado pelo Whats. <a href=\"https:\/\/chat.whatsapp.com\/Kajn5WniqVnA7hsSUn6vbP*Wi-Fi\" rel=\"noopener noreferrer nofollow\" target=\"_blank\">Clique aqui para entrar na lista VIP do Campo Grande News<\/a>.<\/p>\n<p><script async src=\"https:\/\/platform.twitter.com\/widgets.js\" charset=\"utf-8\"><\/script><script async src=\"\/\/www.instagram.com\/embed.js\"><\/script><\/p>\n","protected":false},"excerpt":{"rendered":"Saga criada por Bruna Sofya mistura mist\u00e9rio, magia e segredos familiares em universo pr\u00f3prio Bruna Sofya tem 13&hellip;\n","protected":false},"author":2,"featured_media":88794,"comment_status":"","ping_status":"","sticky":false,"template":"","format":"standard","meta":{"footnotes":""},"categories":[143],"tags":[22376,169,22374,22379,114,115,22385,11138,22384,22381,22383,22382,170,22377,9433,22375,22380,32,33,16412,22378],"class_list":{"0":"post-88793","1":"post","2":"type-post","3":"status-publish","4":"format-standard","5":"has-post-thumbnail","7":"category-livros","8":"tag-aparecido","9":"tag-books","10":"tag-bruna-sofya","11":"tag-dominar","12":"tag-entertainment","13":"tag-entretenimento","14":"tag-escola-pblica-celebra","15":"tag-escrever","16":"tag-estudante","17":"tag-fingia-ler","18":"tag-hbito","19":"tag-imitava","20":"tag-livros","21":"tag-mergulhado","22":"tag-mestrado","23":"tag-observou","24":"tag-palavras","25":"tag-portugal","26":"tag-pt","27":"tag-souza","28":"tag-textos"},"share_on_mastodon":{"url":"","error":""},"_links":{"self":[{"href":"https:\/\/www.europesays.com\/pt\/wp-json\/wp\/v2\/posts\/88793","targetHints":{"allow":["GET"]}}],"collection":[{"href":"https:\/\/www.europesays.com\/pt\/wp-json\/wp\/v2\/posts"}],"about":[{"href":"https:\/\/www.europesays.com\/pt\/wp-json\/wp\/v2\/types\/post"}],"author":[{"embeddable":true,"href":"https:\/\/www.europesays.com\/pt\/wp-json\/wp\/v2\/users\/2"}],"replies":[{"embeddable":true,"href":"https:\/\/www.europesays.com\/pt\/wp-json\/wp\/v2\/comments?post=88793"}],"version-history":[{"count":0,"href":"https:\/\/www.europesays.com\/pt\/wp-json\/wp\/v2\/posts\/88793\/revisions"}],"wp:featuredmedia":[{"embeddable":true,"href":"https:\/\/www.europesays.com\/pt\/wp-json\/wp\/v2\/media\/88794"}],"wp:attachment":[{"href":"https:\/\/www.europesays.com\/pt\/wp-json\/wp\/v2\/media?parent=88793"}],"wp:term":[{"taxonomy":"category","embeddable":true,"href":"https:\/\/www.europesays.com\/pt\/wp-json\/wp\/v2\/categories?post=88793"},{"taxonomy":"post_tag","embeddable":true,"href":"https:\/\/www.europesays.com\/pt\/wp-json\/wp\/v2\/tags?post=88793"}],"curies":[{"name":"wp","href":"https:\/\/api.w.org\/{rel}","templated":true}]}}