{"id":88850,"date":"2025-09-27T13:02:06","date_gmt":"2025-09-27T13:02:06","guid":{"rendered":"https:\/\/www.europesays.com\/pt\/88850\/"},"modified":"2025-09-27T13:02:06","modified_gmt":"2025-09-27T13:02:06","slug":"ministerio-da-saude-responsabiliza-camara-municipal-da-praia-pelo-saneamento-basico","status":"publish","type":"post","link":"https:\/\/www.europesays.com\/pt\/88850\/","title":{"rendered":"Minist\u00e9rio da Sa\u00fade responsabiliza C\u00e2mara Municipal da Praia pelo saneamento b\u00e1sico"},"content":{"rendered":"<p style=\"font-weight: 400;\">Em comunicado, o minist\u00e9rio recorda que a responsabilidade pelo saneamento b\u00e1sico \u00e9 uma compet\u00eancia municipal, conforme estabelecido no Estatuto dos Munic\u00edpios (Lei n.\u00ba 134\/IV\/95, de 3 de julho).<\/p>\n<p style=\"font-weight: 400;\">O diploma determina que cabe \u00e0s c\u00e2maras municipais gerir os sistemas de recolha, tratamento e elimina\u00e7\u00e3o de res\u00edduos s\u00f3lidos urbanos, bem como assegurar os equipamentos indispens\u00e1veis, como cami\u00f5es e contentores.<\/p>\n<p style=\"font-weight: 400;\">Segundo o documento, contrariamente ao afirmado pelo presidente da C\u00e2mara Municipal da Praia, esta edilidade \u201cnunca\u201d apresentou um projecto ao Minist\u00e9rio da Sa\u00fade.<\/p>\n<p style=\"font-weight: 400;\">O minist\u00e9rio refere que apenas recebeu uma lista de materiais, incluindo cami\u00f5es de lixo e contentores, no valor de 69,2 milh\u00f5es de escudos, despesas que, por lei, s\u00e3o da responsabilidade da pr\u00f3pria C\u00e2mara.<\/p>\n<p style=\"font-weight: 400;\">O comunicado acrescenta que o Plano de Actividades da C\u00e2mara Municipal da Praia para 2025, or\u00e7ado em 2,1 mil milh\u00f5es de escudos, contemplava a aquisi\u00e7\u00e3o de cami\u00f5es e contentores, questionando a duplica\u00e7\u00e3o da verba solicitada.<\/p>\n<p style=\"font-weight: 400;\">Al\u00e9m disso, a autarquia ter\u00e1 recebido, nos \u00faltimos cinco anos, 3,1 milh\u00f5es de contos atrav\u00e9s do Fundo de Financiamento Municipal e mais de 250 mil contos do Fundo do Ambiente, precisamente destinados a investimentos no saneamento.<\/p>\n<p style=\"font-weight: 400;\">O Minist\u00e9rio da Sa\u00fade sublinhou ainda que as suas despesas s\u00e3o previstas no Or\u00e7amento Geral do Estado e n\u00e3o podem executar despesas n\u00e3o or\u00e7amentadas.<\/p>\n<p style=\"font-weight: 400;\">Reiterou tamb\u00e9m que a sua miss\u00e3o \u00e9 garantir a vigil\u00e2ncia epidemiol\u00f3gica, entomol\u00f3gica e laboratorial, a gest\u00e3o de casos, a aquisi\u00e7\u00e3o de medicamentos e a sensibiliza\u00e7\u00e3o da popula\u00e7\u00e3o, assegurando que Cabo Verde continue a ser reconhecido como pa\u00eds livre de paludismo.<\/p>\n<p style=\"font-weight: 400;\">Concluindo, o Minist\u00e9rio da Sa\u00fade ressalvou que se mant\u00e9m firmemente empenhado em proteger a sa\u00fade dos cidad\u00e3os e apela para que cada institui\u00e7\u00e3o assuma cabalmente as suas atribui\u00e7\u00f5es\u201d.<\/p>\n<p>Inforpress<\/p>\n","protected":false},"excerpt":{"rendered":"Em comunicado, o minist\u00e9rio recorda que a responsabilidade pelo saneamento b\u00e1sico \u00e9 uma compet\u00eancia municipal, conforme estabelecido no&hellip;\n","protected":false},"author":2,"featured_media":88851,"comment_status":"","ping_status":"","sticky":false,"template":"","format":"standard","meta":{"footnotes":""},"categories":[86],"tags":[4571,116,2647,1703,32,33,117],"class_list":{"0":"post-88850","1":"post","2":"type-post","3":"status-publish","4":"format-standard","5":"has-post-thumbnail","7":"category-saude","8":"tag-enfermeiros","9":"tag-health","10":"tag-medicos","11":"tag-ministerio-da-saude","12":"tag-portugal","13":"tag-pt","14":"tag-saude"},"share_on_mastodon":{"url":"","error":""},"_links":{"self":[{"href":"https:\/\/www.europesays.com\/pt\/wp-json\/wp\/v2\/posts\/88850","targetHints":{"allow":["GET"]}}],"collection":[{"href":"https:\/\/www.europesays.com\/pt\/wp-json\/wp\/v2\/posts"}],"about":[{"href":"https:\/\/www.europesays.com\/pt\/wp-json\/wp\/v2\/types\/post"}],"author":[{"embeddable":true,"href":"https:\/\/www.europesays.com\/pt\/wp-json\/wp\/v2\/users\/2"}],"replies":[{"embeddable":true,"href":"https:\/\/www.europesays.com\/pt\/wp-json\/wp\/v2\/comments?post=88850"}],"version-history":[{"count":0,"href":"https:\/\/www.europesays.com\/pt\/wp-json\/wp\/v2\/posts\/88850\/revisions"}],"wp:featuredmedia":[{"embeddable":true,"href":"https:\/\/www.europesays.com\/pt\/wp-json\/wp\/v2\/media\/88851"}],"wp:attachment":[{"href":"https:\/\/www.europesays.com\/pt\/wp-json\/wp\/v2\/media?parent=88850"}],"wp:term":[{"taxonomy":"category","embeddable":true,"href":"https:\/\/www.europesays.com\/pt\/wp-json\/wp\/v2\/categories?post=88850"},{"taxonomy":"post_tag","embeddable":true,"href":"https:\/\/www.europesays.com\/pt\/wp-json\/wp\/v2\/tags?post=88850"}],"curies":[{"name":"wp","href":"https:\/\/api.w.org\/{rel}","templated":true}]}}