{"id":88858,"date":"2025-09-27T13:12:04","date_gmt":"2025-09-27T13:12:04","guid":{"rendered":"https:\/\/www.europesays.com\/pt\/88858\/"},"modified":"2025-09-27T13:12:04","modified_gmt":"2025-09-27T13:12:04","slug":"exclusivo-a-fazenda-gravida-julia-e-ameacada-por-homens-que-querem-vingar-se-de-alex-novelas","status":"publish","type":"post","link":"https:\/\/www.europesays.com\/pt\/88858\/","title":{"rendered":"Exclusivo \u00abA Fazenda\u00bb: Gr\u00e1vida, J\u00falia \u00e9 amea\u00e7ada por homens que querem vingar-se de Alex &#8211; Novelas"},"content":{"rendered":"<p>Em \u00abA Fazenda\u00bb, <a href=\"https:\/\/tvi.iol.pt\/novelas\/search?pagina=1&amp;pesquisa=kelly+bailey\" rel=\"nofollow noopener\" target=\"_blank\">J\u00falia (Kelly Bailey)<\/a>\u00a0nega a <a href=\"https:\/\/tvi.iol.pt\/novelas\/videos\/leonor-esta-fora-de-si-e-exige-a-alba-diz-me-onde-e-que-esta-a-eva-ou-eu-chamo-a-policia\/67d45e150cf216cd3ad3375c\" wbo-id=\"51\" rel=\"nofollow noopener\" target=\"_blank\">Leonor (Dalila Carmo)<\/a>\u00a0estar nervosa que venham atr\u00e1s dela por causa de <a href=\"https:\/\/tvi.iol.pt\/novelas\/videos\/a-fazenda-alex-sofre-um-ataque\/68235ed30cf216cd3ad361d6\" wbo-id=\"53\" rel=\"nofollow noopener\" target=\"_blank\">Alex (Rodrigo Tom\u00e1s)<\/a>\u00a0, referindo terem um pol\u00edcia \u00e0 porta. Ambas olham aflitas para os dois homens a aproximarem-se delas pelas traseiras da casa. Homens dizem a J\u00falia que ela mentiu sobre j\u00e1 n\u00e3o ser namorada de Alex, impondo amea\u00e7adores que ela lhes diga j\u00e1 onde ele est\u00e1. J\u00falia e Leonor olham em p\u00e2nico para os homens.<\/p>\n<p>J\u00falia repreende furiosa Alex por a ter metido nos problemas dele com o perigoso homem que anda atr\u00e1s dele. J\u00falia recusa a Alex que ele se entregue ao alem\u00e3o, dizendo que n\u00e3o quer que o seu filho nas\u00e7a sem pai. Pol\u00edcia interrompe a conversa para avisar J\u00falia que Ary est\u00e1 ali para falar com ela. J\u00falia desliga a chamada, ficando a olhar abismada para Ary. Alex pede desculpa a J\u00falia por a ter metido nos seus problemas, mas promete fazer tudo para que n\u00e3o lhe aconte\u00e7a nada, sugerindo que pode entregar-se ao alem\u00e3o. Sorri emocionado por J\u00falia dizer n\u00e3o querer isso por ele ser o pai do seu filho. Alex fica em choque por perceber que <a href=\"https:\/\/tvi.iol.pt\/novelas\/videos\/ary-exalta-se-mereces-que-a-lili-nao-queira-ficar-contigo\/677be9e00cf28c51602e50eb\" rel=\"nofollow noopener\" target=\"_blank\">Ary (Isaac Alfaiate<\/a>) acabou de chegar para falar com J\u00falia.<\/p>\n<p>Recorde-se que o Alex acabou de sair da pris\u00e3o:<\/p>\n","protected":false},"excerpt":{"rendered":"Em \u00abA Fazenda\u00bb, J\u00falia (Kelly Bailey)\u00a0nega a Leonor (Dalila Carmo)\u00a0estar nervosa que venham atr\u00e1s dela por causa de&hellip;\n","protected":false},"author":2,"featured_media":88859,"comment_status":"","ping_status":"","sticky":false,"template":"","format":"standard","meta":{"footnotes":""},"categories":[142],"tags":[657,2912,160,2414,166,114,115,157,167,2412,164,2413,2411,161,158,165,159,32,33,156,2911,163,151,162],"class_list":{"0":"post-88858","1":"post","2":"type-post","3":"status-publish","4":"format-standard","5":"has-post-thumbnail","7":"category-tv","8":"tag-a-fazenda","9":"tag-alex","10":"tag-ana-guiomar","11":"tag-ary","12":"tag-cristina-ferreira","13":"tag-entertainment","14":"tag-entretenimento","15":"tag-festa-e-festa","16":"tag-ficcao","17":"tag-isaac-alfaiate","18":"tag-jose-fidalgo","19":"tag-julia","20":"tag-kelly-bailey","21":"tag-novelas","22":"tag-para-sempre","23":"tag-pedro-sousa","24":"tag-pedro-teixeira","25":"tag-portugal","26":"tag-pt","27":"tag-queridos-papas","28":"tag-rodrigo-tomas","29":"tag-tiago-teotonio-pereira","30":"tag-tv","31":"tag-tvi"},"share_on_mastodon":{"url":"","error":""},"_links":{"self":[{"href":"https:\/\/www.europesays.com\/pt\/wp-json\/wp\/v2\/posts\/88858","targetHints":{"allow":["GET"]}}],"collection":[{"href":"https:\/\/www.europesays.com\/pt\/wp-json\/wp\/v2\/posts"}],"about":[{"href":"https:\/\/www.europesays.com\/pt\/wp-json\/wp\/v2\/types\/post"}],"author":[{"embeddable":true,"href":"https:\/\/www.europesays.com\/pt\/wp-json\/wp\/v2\/users\/2"}],"replies":[{"embeddable":true,"href":"https:\/\/www.europesays.com\/pt\/wp-json\/wp\/v2\/comments?post=88858"}],"version-history":[{"count":0,"href":"https:\/\/www.europesays.com\/pt\/wp-json\/wp\/v2\/posts\/88858\/revisions"}],"wp:featuredmedia":[{"embeddable":true,"href":"https:\/\/www.europesays.com\/pt\/wp-json\/wp\/v2\/media\/88859"}],"wp:attachment":[{"href":"https:\/\/www.europesays.com\/pt\/wp-json\/wp\/v2\/media?parent=88858"}],"wp:term":[{"taxonomy":"category","embeddable":true,"href":"https:\/\/www.europesays.com\/pt\/wp-json\/wp\/v2\/categories?post=88858"},{"taxonomy":"post_tag","embeddable":true,"href":"https:\/\/www.europesays.com\/pt\/wp-json\/wp\/v2\/tags?post=88858"}],"curies":[{"name":"wp","href":"https:\/\/api.w.org\/{rel}","templated":true}]}}