{"id":88898,"date":"2025-09-27T13:52:18","date_gmt":"2025-09-27T13:52:18","guid":{"rendered":"https:\/\/www.europesays.com\/pt\/88898\/"},"modified":"2025-09-27T13:52:18","modified_gmt":"2025-09-27T13:52:18","slug":"fotografia-impressionante-das-ondas-gigantes-da-nazare-vale-premio-em-concurso-internacional-new-in-oeste","status":"publish","type":"post","link":"https:\/\/www.europesays.com\/pt\/88898\/","title":{"rendered":"Fotografia impressionante das ondas gigantes da Nazar\u00e9 vale pr\u00e9mio em concurso internacional \u2014 New in Oeste"},"content":{"rendered":"<p>Uma fotografia capturada na Praia do Norte, na Nazar\u00e9, conhecida pelo fen\u00f3meno das ondas gigantes, conquistou o primeiro lugar na categoria Aventura do Ocean Photographer of the Year 2025, da revista \u201cOceanographic\u201d. O autor \u00e9 Ben Thouard, fot\u00f3grafo franc\u00eas com base em Tahiti, que venceu entre mais de 15.000 concorrentes de todo o mundo com uma fotografia tirada em condi\u00e7\u00f5es dif\u00edceis, mas carregada de intensidade visual.<\/p>\n<p>A foto registou os surfistas Justine Dupont e Eric Rebiere a desafiarem as ondas gigantes num dia ventoso, com o mar revolto e sal na pele. Capturada ao fim da tarde, a partir da praia (e n\u00e3o do habitual miradouro ou penhasco), a imagem destaca-se pelo momento dram\u00e1tico que congela o poder da natureza e a coragem dos surfistas. O vento norte dificultava tudo \u2014 visibilidade, estabilidade, luz \u2014 mas Thouard afirmou ter esperado at\u00e9 que o cen\u00e1rio, luz e a\u00e7\u00e3o se alinhassem para disparar a c\u00e2mara.<\/p>\n<blockquote class=\"instagram-media\" style=\"background: #FFF; border: 0; border-radius: 3px; box-shadow: 0 0 1px 0 rgba(0,0,0,0.5),0 1px 10px 0 rgba(0,0,0,0.15); margin: 1px; max-width: 540px; min-width: 326px; padding: 0; width: calc(100% - 2px);\" data-instgrm-captioned=\"\" data-instgrm-permalink=\"https:\/\/www.instagram.com\/p\/DO3bOq9EiPI\/?utm_source=ig_embed&amp;utm_campaign=loading\" data-instgrm-version=\"14\">\n<\/blockquote>\n<p>Em declara\u00e7\u00f5es \u00e0 \u201cOceanographic\u201d, o fot\u00f3grafo revelou que conseguir esta fotografia foi tamb\u00e9m uma experi\u00eancia emocional: \u201cUm dia dif\u00edcil na Nazar\u00e9. O vento soprava do norte, o que torna o surf complicado. N\u00e3o foram muitos os surfistas que se aventuraram, mas Justine Dupont e Eric Rebiere decidiram tentar. Era o fim da tarde; a luz estava interessante a partir da praia, em vez da perspetiva habitual da fal\u00e9sia. Foi dif\u00edcil fotografar qualquer coisa por causa das s\u00e9ries grandes e da \u00e1gua salgada no ar. Mas, eventualmente, este momento aconteceu.\u201d<\/p>\n<p>Este pr\u00e9mio d\u00e1 nova visibilidade \u00e0 Nazar\u00e9 n\u00e3o apenas como destino de surf, mas tamb\u00e9m como santu\u00e1rio para fot\u00f3grafos de aventura e amantes do mar. O feito de Thouard inspira quem gosta de fotografia, paisagens desafiadoras e hist\u00f3rias que capturam o inesperado \u2014 provar que mesmo nos momentos mais turbulentos, a arte e a natureza se encontram num instante perfeito.<\/p>\n<p>\t\t\t\t<script async src=\"\/\/www.instagram.com\/embed.js\"><\/script><\/p>\n","protected":false},"excerpt":{"rendered":"Uma fotografia capturada na Praia do Norte, na Nazar\u00e9, conhecida pelo fen\u00f3meno das ondas gigantes, conquistou o primeiro&hellip;\n","protected":false},"author":2,"featured_media":88899,"comment_status":"","ping_status":"","sticky":false,"template":"","format":"standard","meta":{"footnotes":""},"categories":[144],"tags":[207,205,206,203,201,202,204,114,115,32,33],"class_list":{"0":"post-88898","1":"post","2":"type-post","3":"status-publish","4":"format-standard","5":"has-post-thumbnail","7":"category-arte-e-design","8":"tag-arte","9":"tag-arte-e-design","10":"tag-artedesign","11":"tag-arts","12":"tag-arts-and-design","13":"tag-artsanddesign","14":"tag-design","15":"tag-entertainment","16":"tag-entretenimento","17":"tag-portugal","18":"tag-pt"},"share_on_mastodon":{"url":"","error":""},"_links":{"self":[{"href":"https:\/\/www.europesays.com\/pt\/wp-json\/wp\/v2\/posts\/88898","targetHints":{"allow":["GET"]}}],"collection":[{"href":"https:\/\/www.europesays.com\/pt\/wp-json\/wp\/v2\/posts"}],"about":[{"href":"https:\/\/www.europesays.com\/pt\/wp-json\/wp\/v2\/types\/post"}],"author":[{"embeddable":true,"href":"https:\/\/www.europesays.com\/pt\/wp-json\/wp\/v2\/users\/2"}],"replies":[{"embeddable":true,"href":"https:\/\/www.europesays.com\/pt\/wp-json\/wp\/v2\/comments?post=88898"}],"version-history":[{"count":0,"href":"https:\/\/www.europesays.com\/pt\/wp-json\/wp\/v2\/posts\/88898\/revisions"}],"wp:featuredmedia":[{"embeddable":true,"href":"https:\/\/www.europesays.com\/pt\/wp-json\/wp\/v2\/media\/88899"}],"wp:attachment":[{"href":"https:\/\/www.europesays.com\/pt\/wp-json\/wp\/v2\/media?parent=88898"}],"wp:term":[{"taxonomy":"category","embeddable":true,"href":"https:\/\/www.europesays.com\/pt\/wp-json\/wp\/v2\/categories?post=88898"},{"taxonomy":"post_tag","embeddable":true,"href":"https:\/\/www.europesays.com\/pt\/wp-json\/wp\/v2\/tags?post=88898"}],"curies":[{"name":"wp","href":"https:\/\/api.w.org\/{rel}","templated":true}]}}