{"id":88994,"date":"2025-09-27T15:31:09","date_gmt":"2025-09-27T15:31:09","guid":{"rendered":"https:\/\/www.europesays.com\/pt\/88994\/"},"modified":"2025-09-27T15:31:09","modified_gmt":"2025-09-27T15:31:09","slug":"e-amadora-nilton-varela-rescinde-alegando-justa-causa","status":"publish","type":"post","link":"https:\/\/www.europesays.com\/pt\/88994\/","title":{"rendered":"E. Amadora: Nilton Varela rescinde alegando justa causa"},"content":{"rendered":"<p>O defesa Nilton Varela rescindiu o contrato que o ligava ao Estrela da Amadora, alegando justa causa.<\/p>\n<p>O ala esquerdo de 23 anos encontrava-se afastado dos trabalhos da equipa principal e a trabalhar com a equipa B, que disputa a III Divis\u00e3o distrital da AF Lisboa e ao servi\u00e7o da qual competiu no domingo, tendo cumprido os 10 minutos finais da goleada (5-0) aplicada ao SL Olivais.<\/p>\n<p>Cinco dias volvidos, Nilton Varela rescindiu unilateralmente o v\u00ednculo que o ligava aos tricolores at\u00e9 junho de 2026, ap\u00f3s ter recorrido a defesa jur\u00eddica, alegando justa causa e utilizando os recentes processos disciplinares de que havia sido alvo como argumento.<\/p>\n<p>O canhoto, de 23 anos, internacional sub-19 por Portugal e pela sele\u00e7\u00e3o principal de Cabo Verde, optou pela rutura com o clube ao qual se encontrava ligado desde janeiro de 2024.<\/p>\n<p>Nilton Varela entrou no \u00faltimo ano de contrato e recusou no ver\u00e3o uma oferta oriunda do Radomiak Radom, da Pol\u00f3nia, o que teve como consequ\u00eancia ser afastado da equipa principal. O esquerdino foi o jogador mais utilizado do Estrela na \u00e9poca transata, num total de 2386 minutos em 30 jogos oficiais (28 como titular).<\/p>\n","protected":false},"excerpt":{"rendered":"O defesa Nilton Varela rescindiu o contrato que o ligava ao Estrela da Amadora, alegando justa causa. O&hellip;\n","protected":false},"author":2,"featured_media":88995,"comment_status":"","ping_status":"","sticky":false,"template":"","format":"standard","meta":{"footnotes":""},"categories":[87],"tags":[135,5743,4362,5742,46,22427,32,33,47,22429,134,22430,22428],"class_list":{"0":"post-88994","1":"post","2":"type-post","3":"status-publish","4":"format-standard","5":"has-post-thumbnail","7":"category-desporto","8":"tag-desporto","9":"tag-e-amadora","10":"tag-estrela","11":"tag-estrela-amadora","12":"tag-maisfutebol","13":"tag-nilton-varela","14":"tag-portugal","15":"tag-pt","16":"tag-pura-paixao","17":"tag-rescisao","18":"tag-sports","19":"tag-unilateral","20":"tag-varela"},"share_on_mastodon":{"url":"","error":""},"_links":{"self":[{"href":"https:\/\/www.europesays.com\/pt\/wp-json\/wp\/v2\/posts\/88994","targetHints":{"allow":["GET"]}}],"collection":[{"href":"https:\/\/www.europesays.com\/pt\/wp-json\/wp\/v2\/posts"}],"about":[{"href":"https:\/\/www.europesays.com\/pt\/wp-json\/wp\/v2\/types\/post"}],"author":[{"embeddable":true,"href":"https:\/\/www.europesays.com\/pt\/wp-json\/wp\/v2\/users\/2"}],"replies":[{"embeddable":true,"href":"https:\/\/www.europesays.com\/pt\/wp-json\/wp\/v2\/comments?post=88994"}],"version-history":[{"count":0,"href":"https:\/\/www.europesays.com\/pt\/wp-json\/wp\/v2\/posts\/88994\/revisions"}],"wp:featuredmedia":[{"embeddable":true,"href":"https:\/\/www.europesays.com\/pt\/wp-json\/wp\/v2\/media\/88995"}],"wp:attachment":[{"href":"https:\/\/www.europesays.com\/pt\/wp-json\/wp\/v2\/media?parent=88994"}],"wp:term":[{"taxonomy":"category","embeddable":true,"href":"https:\/\/www.europesays.com\/pt\/wp-json\/wp\/v2\/categories?post=88994"},{"taxonomy":"post_tag","embeddable":true,"href":"https:\/\/www.europesays.com\/pt\/wp-json\/wp\/v2\/tags?post=88994"}],"curies":[{"name":"wp","href":"https:\/\/api.w.org\/{rel}","templated":true}]}}